{"id":10273,"date":"2019-02-07T06:00:27","date_gmt":"2019-02-07T06:00:27","guid":{"rendered":"http:\/\/cafebarbantia.barbantia.es\/?p=10273"},"modified":"2019-01-29T11:08:21","modified_gmt":"2019-01-29T11:08:21","slug":"galicia-e-os-galegos-na-poesia-castela-cix-un-eco-roque-nieto-pena","status":"publish","type":"post","link":"https:\/\/cafebarbantia.barbantia.es\/?p=10273","title":{"rendered":"Galicia e os galegos na poes\u00eda castel\u00e1 CIX. Un ECO: Roque Nieto Pe\u00f1a"},"content":{"rendered":"<p align=\"justify\"><i><b><a href=\"http:\/\/cafebarbantia.barbantia.es\/wp-content\/uploads\/2019\/01\/img_0007.jpg\"><img decoding=\"async\" loading=\"lazy\" class=\"alignleft size-medium wp-image-10274\" alt=\"img_0007\" src=\"http:\/\/cafebarbantia.barbantia.es\/wp-content\/uploads\/2019\/01\/img_0007-225x300.jpg\" width=\"225\" height=\"300\" srcset=\"https:\/\/cafebarbantia.barbantia.es\/wp-content\/uploads\/2019\/01\/img_0007-225x300.jpg 225w, https:\/\/cafebarbantia.barbantia.es\/wp-content\/uploads\/2019\/01\/img_0007.jpg 361w\" sizes=\"(max-width: 225px) 100vw, 225px\" \/><\/a>Rom\u00e1n Ar\u00e9n.<\/b><\/i> No libro <i>Galicia vista por los no gallegos <\/i>(1974) ofrece Alonso Montero o fragmento dun poema de Roque Nieto Pe\u00f1a sobre o noso pa\u00eds: Galicia secular que en piedra talla\/la ruta de Santiago\/de c\u00e9lticas saudades&#8230;<\/p>\n<p align=\"justify\">Tomouno da obra <i>Retorno de Ariel,<\/i> publicado en San Juan de Porto Rico en 1968, do que ser\u00eda l\u00f3xico conclu\u00edr que \u00e9 un poeta hispanoamericano. Ausente dos repertorios que consultei, das datas de Internet deduc\u00edn que \u00e9 un poeta da Xeraci\u00f3n do 36, que naceu en Espa\u00f1a e que desenvolve a s\u00faa obra en Am\u00e9rica.<!--more--> Cita varios t\u00edtulos como <i>Heraldos de Gloria <\/i>e <i>Los siete gatos. <\/i>Non logrei acceder ao volume e ignora cal foi a relaci\u00f3n do autor con Galicia. En Am\u00e9rica fixeron a s\u00faa carreira literaria moitos autores, tam\u00e9n galegos, por emigraci\u00f3n ou exilio. A\u00ednda hoxe son figuras literarias americanas o pobrense Leonardo da Jandra en M\u00e9xico, ou Carlos Esteban Deive na Rep\u00fablica Dominicana.<\/p>\n<p align=\"justify\">Polo <i>Diccionario bibliogr\u00e1fico de la poes\u00eda espa\u00f1ola del siglo XX <\/i>(Sevilla, 2003), de \u00c1ngel Pariente, sei agora que Nieto Pe\u00f1a naceu en Palencia en 1908 e que \u00e9 autor de <i>Versos del camino <\/i>(Pto. Rico, 1943), <i>Los poemas de Palencia <\/i>(M\u00e9xico, 1951), <i>Soledad de Espa\u00f1a <\/i>(M\u00e9xico, 1953) e <i>Sonetos de ambos mundos <\/i>(Palencia, 1962).<\/p>\n","protected":false},"excerpt":{"rendered":"<p>Rom\u00e1n Ar\u00e9n. No libro Galicia vista por los no gallegos (1974) ofrece Alonso Montero o fragmento dun poema de Roque Nieto Pe\u00f1a sobre o noso pa\u00eds: Galicia secular que en piedra talla\/la ruta de Santiago\/de c\u00e9lticas saudades&#8230; Tomouno da obra Retorno de Ariel, publicado en San Juan de Porto Rico en 1968, do que ser\u00eda &hellip; <a href=\"https:\/\/cafebarbantia.barbantia.es\/?p=10273\" class=\"more-link\">Seguir lendo <span class=\"screen-reader-text\">Galicia e os galegos na poes\u00eda castel\u00e1 CIX. Un ECO: Roque Nieto Pe\u00f1a<\/span> <span class=\"meta-nav\">&rarr;<\/span><\/a><\/p>\n","protected":false},"author":1,"featured_media":0,"comment_status":"open","ping_status":"closed","sticky":false,"template":"","format":"standard","meta":{"_bbp_topic_count":0,"_bbp_reply_count":0,"_bbp_total_topic_count":0,"_bbp_total_reply_count":0,"_bbp_voice_count":0,"_bbp_anonymous_reply_count":0,"_bbp_topic_count_hidden":0,"_bbp_reply_count_hidden":0,"_bbp_forum_subforum_count":0,"_exactmetrics_skip_tracking":false,"_exactmetrics_sitenote_active":false,"_exactmetrics_sitenote_note":"","_exactmetrics_sitenote_category":0,"_monsterinsights_skip_tracking":false,"_monsterinsights_sitenote_active":false,"_monsterinsights_sitenote_note":"","_monsterinsights_sitenote_category":0},"categories":[7,10,28],"tags":[],"aioseo_notices":[],"_links":{"self":[{"href":"https:\/\/cafebarbantia.barbantia.es\/index.php?rest_route=\/wp\/v2\/posts\/10273"}],"collection":[{"href":"https:\/\/cafebarbantia.barbantia.es\/index.php?rest_route=\/wp\/v2\/posts"}],"about":[{"href":"https:\/\/cafebarbantia.barbantia.es\/index.php?rest_route=\/wp\/v2\/types\/post"}],"author":[{"embeddable":true,"href":"https:\/\/cafebarbantia.barbantia.es\/index.php?rest_route=\/wp\/v2\/users\/1"}],"replies":[{"embeddable":true,"href":"https:\/\/cafebarbantia.barbantia.es\/index.php?rest_route=%2Fwp%2Fv2%2Fcomments&post=10273"}],"version-history":[{"count":1,"href":"https:\/\/cafebarbantia.barbantia.es\/index.php?rest_route=\/wp\/v2\/posts\/10273\/revisions"}],"predecessor-version":[{"id":10275,"href":"https:\/\/cafebarbantia.barbantia.es\/index.php?rest_route=\/wp\/v2\/posts\/10273\/revisions\/10275"}],"wp:attachment":[{"href":"https:\/\/cafebarbantia.barbantia.es\/index.php?rest_route=%2Fwp%2Fv2%2Fmedia&parent=10273"}],"wp:term":[{"taxonomy":"category","embeddable":true,"href":"https:\/\/cafebarbantia.barbantia.es\/index.php?rest_route=%2Fwp%2Fv2%2Fcategories&post=10273"},{"taxonomy":"post_tag","embeddable":true,"href":"https:\/\/cafebarbantia.barbantia.es\/index.php?rest_route=%2Fwp%2Fv2%2Ftags&post=10273"}],"curies":[{"name":"wp","href":"https:\/\/api.w.org\/{rel}","templated":true}]}}