{"id":10317,"date":"2019-01-30T06:00:48","date_gmt":"2019-01-30T06:00:48","guid":{"rendered":"http:\/\/cafebarbantia.barbantia.es\/?p=10317"},"modified":"2019-01-26T18:57:51","modified_gmt":"2019-01-26T18:57:51","slug":"engurras-descolocadas","status":"publish","type":"post","link":"https:\/\/cafebarbantia.barbantia.es\/?p=10317","title":{"rendered":"Engurras descolocadas"},"content":{"rendered":"<p style=\"text-align: justify;\"><a href=\"http:\/\/cafebarbantia.barbantia.es\/wp-content\/uploads\/2019\/01\/424672_122437_1.jpg\"><img decoding=\"async\" loading=\"lazy\" class=\"alignleft size-medium wp-image-10323\" alt=\"424672_122437_1\" src=\"http:\/\/cafebarbantia.barbantia.es\/wp-content\/uploads\/2019\/01\/424672_122437_1-300x157.jpg\" width=\"300\" height=\"157\" srcset=\"https:\/\/cafebarbantia.barbantia.es\/wp-content\/uploads\/2019\/01\/424672_122437_1-300x157.jpg 300w, https:\/\/cafebarbantia.barbantia.es\/wp-content\/uploads\/2019\/01\/424672_122437_1-1024x537.jpg 1024w, https:\/\/cafebarbantia.barbantia.es\/wp-content\/uploads\/2019\/01\/424672_122437_1-900x472.jpg 900w, https:\/\/cafebarbantia.barbantia.es\/wp-content\/uploads\/2019\/01\/424672_122437_1.jpg 1200w\" sizes=\"(max-width: 300px) 100vw, 300px\" \/><\/a><em><strong>X. Ricardo Losada.\u00a0<\/strong><\/em>Nun comentario neste mesmo blog afirmei que cando l\u00eda a Kant sent\u00eda ter a idade que te\u00f1o, e cando l\u00eda a Nietzsche, a dun adolescente. E ped\u00edalle a Magdalena, a mi\u00f1a interlocutora, que adivi\u00f1ase a cal dos dous lle dedicaba m\u00e1is lecturas. <!--more-->Magdalena contestoume que quedara tan desconcertada coa adivi\u00f1a que levaba dous d\u00edas sen durmir. A veces pensaba que ler\u00eda a Kant, pola s\u00faa madurez, e a veces a Nietzsche, pola s\u00faa inexperiencia (tan evocada \u00e1 mi\u00f1a idade). E remataba: \u201cEspero que me lo aclares para poder dormir, ya que soy una persona de mente inquieta y no quiero que se me descoloquen las arrugas por falta de sue\u00f1o\u201d, afirmaci\u00f3n que revela que Magdalena ten o mesmo conflito ca min. Ser unha persoa de mente inquieta ac\u00e9rcaa a Nietzsche, home intempestivo e amante da incerteza. Querer durmir e estar preocupada porque se lle descoloquen as engurras ac\u00e9rcaa a Kant, amante da vida regular e mon\u00f3tona, sen contratempos.<\/p>\n<p style=\"text-align: justify;\">Porque ese \u00e9 o dilema. A quen debemos ler os maiores, a un fil\u00f3sofo que dinamita todas as morais existentes e se mostra vitalmente inmaturo, irreflexivo e ateo, ou a un fil\u00f3sofo que condensa esas mesmas morais nun principio \u00e9tico de natureza matem\u00e1tica (Act\u00faa segundo unha norma que che gustar\u00eda que todo o mundo cumprise sen excepci\u00f3n), e que se mostra vitalmente maduro, reflexivo e pietista? Contestarei co que eu chamo, para consumo propio, a teor\u00eda de xogar a tirar da corda. Se desde o estremo contrario tiran con forza, ti tam\u00e9n tes que tirar con m\u00e1is forza. Porei un exemplo relacionado coa mi\u00f1a profesi\u00f3n. Nos anos 70, estar\u00eda a favor de que as actividades extraescolares fosen obrigatorias xa que o sistema s\u00f3 valoraba o traballo da aula. Hoxe, por\u00e9n, considero que est\u00e1n sobrevaloradas e deber\u00edan reducirse para centrarnos en valorar m\u00e1is o traballo da aula.<\/p>\n<p style=\"text-align: justify;\"><a href=\"http:\/\/cafebarbantia.barbantia.es\/wp-content\/uploads\/2019\/01\/e1.jpg\"><img decoding=\"async\" loading=\"lazy\" class=\"alignright size-medium wp-image-10324\" alt=\"e1\" src=\"http:\/\/cafebarbantia.barbantia.es\/wp-content\/uploads\/2019\/01\/e1-300x169.jpg\" width=\"300\" height=\"169\" srcset=\"https:\/\/cafebarbantia.barbantia.es\/wp-content\/uploads\/2019\/01\/e1-300x169.jpg 300w, https:\/\/cafebarbantia.barbantia.es\/wp-content\/uploads\/2019\/01\/e1.jpg 720w\" sizes=\"(max-width: 300px) 100vw, 300px\" \/><\/a>\u00c9\u00a0 a raz\u00f3n de que non estea de acordo con esa frase, atribu\u00edda a Churchill e a W. Brandt, que v\u00e9n dicir que se un mozo non \u00e9 so\u00f1ador, carece de coraz\u00f3n, e se un adulto \u00e9 so\u00f1ador, carece de cabeza. E non estou de acordo porque reflicte un concepto demasiado cronol\u00f3xico das etapas da vida, como se a mocidade e a vellez fosen idades que non poden convivir nunha mesma persoa. Non \u00e9 certo. Na mocidade xa existe poderosa a vellez (a maior\u00eda dos mozos soporta mal a incerteza e ama a rutina), na vellez permanece moi intensa a mocidade, do mesmo xeito que a terra natal est\u00e1 moi presente nun exiliado que perdeu as esperanzas de regresar. Por iso o decisivo \u00e9 que, mozo ou vello, un saiba cal \u00e9 a tendencia dominante da s\u00faa mente e tire con forza desde o outro estremo da corda. Eu e Magdalena deberiamos ler m\u00e1is a Nietzsche e intentar contaxiarnos dese mozo que apertaba o acelerador da vontade de poder para superar unha incerteza imposible de superar. (\u00c1 nosa idade, querida Magdalena, a engurra \u00e9 fermosa, m\u00e1is a\u00ednda descolocada). Pero a eses profesores que promoven a revoluci\u00f3n entre os alumnos, recomendar\u00edalles que lesen a Kant e intentasen contaxiarse dese vello que apertaba o freo da moral universal para poder dominar unha utop\u00eda tam\u00e9n imposible de dominar.<\/p>\n","protected":false},"excerpt":{"rendered":"<p>X. Ricardo Losada.\u00a0Nun comentario neste mesmo blog afirmei que cando l\u00eda a Kant sent\u00eda ter a idade que te\u00f1o, e cando l\u00eda a Nietzsche, a dun adolescente. E ped\u00edalle a Magdalena, a mi\u00f1a interlocutora, que adivi\u00f1ase a cal dos dous lle dedicaba m\u00e1is lecturas.<\/p>\n","protected":false},"author":1,"featured_media":0,"comment_status":"open","ping_status":"closed","sticky":false,"template":"","format":"standard","meta":{"_bbp_topic_count":0,"_bbp_reply_count":0,"_bbp_total_topic_count":0,"_bbp_total_reply_count":0,"_bbp_voice_count":0,"_bbp_anonymous_reply_count":0,"_bbp_topic_count_hidden":0,"_bbp_reply_count_hidden":0,"_bbp_forum_subforum_count":0,"_exactmetrics_skip_tracking":false,"_exactmetrics_sitenote_active":false,"_exactmetrics_sitenote_note":"","_exactmetrics_sitenote_category":0,"_monsterinsights_skip_tracking":false,"_monsterinsights_sitenote_active":false,"_monsterinsights_sitenote_note":"","_monsterinsights_sitenote_category":0},"categories":[7,9,26],"tags":[],"aioseo_notices":[],"_links":{"self":[{"href":"https:\/\/cafebarbantia.barbantia.es\/index.php?rest_route=\/wp\/v2\/posts\/10317"}],"collection":[{"href":"https:\/\/cafebarbantia.barbantia.es\/index.php?rest_route=\/wp\/v2\/posts"}],"about":[{"href":"https:\/\/cafebarbantia.barbantia.es\/index.php?rest_route=\/wp\/v2\/types\/post"}],"author":[{"embeddable":true,"href":"https:\/\/cafebarbantia.barbantia.es\/index.php?rest_route=\/wp\/v2\/users\/1"}],"replies":[{"embeddable":true,"href":"https:\/\/cafebarbantia.barbantia.es\/index.php?rest_route=%2Fwp%2Fv2%2Fcomments&post=10317"}],"version-history":[{"count":2,"href":"https:\/\/cafebarbantia.barbantia.es\/index.php?rest_route=\/wp\/v2\/posts\/10317\/revisions"}],"predecessor-version":[{"id":10325,"href":"https:\/\/cafebarbantia.barbantia.es\/index.php?rest_route=\/wp\/v2\/posts\/10317\/revisions\/10325"}],"wp:attachment":[{"href":"https:\/\/cafebarbantia.barbantia.es\/index.php?rest_route=%2Fwp%2Fv2%2Fmedia&parent=10317"}],"wp:term":[{"taxonomy":"category","embeddable":true,"href":"https:\/\/cafebarbantia.barbantia.es\/index.php?rest_route=%2Fwp%2Fv2%2Fcategories&post=10317"},{"taxonomy":"post_tag","embeddable":true,"href":"https:\/\/cafebarbantia.barbantia.es\/index.php?rest_route=%2Fwp%2Fv2%2Ftags&post=10317"}],"curies":[{"name":"wp","href":"https:\/\/api.w.org\/{rel}","templated":true}]}}