{"id":10377,"date":"2019-02-09T06:00:13","date_gmt":"2019-02-09T06:00:13","guid":{"rendered":"http:\/\/cafebarbantia.barbantia.es\/?p=10377"},"modified":"2019-02-01T08:30:07","modified_gmt":"2019-02-01T08:30:07","slug":"a-orixe-do-mundo","status":"publish","type":"post","link":"https:\/\/cafebarbantia.barbantia.es\/?p=10377","title":{"rendered":"A orixe do mundo"},"content":{"rendered":"<p align=\"justify\"><span style=\"font-size: large;\"><span style=\"font-family: 'Times New Roman', serif;\"><i><strong><a href=\"http:\/\/cafebarbantia.barbantia.es\/wp-content\/uploads\/2019\/02\/el-origen-del-mundo.jpg\"><img decoding=\"async\" loading=\"lazy\" class=\"alignleft size-medium wp-image-10378\" alt=\"el-origen-del-mundo\" src=\"http:\/\/cafebarbantia.barbantia.es\/wp-content\/uploads\/2019\/02\/el-origen-del-mundo-300x174.jpg\" width=\"300\" height=\"174\" srcset=\"https:\/\/cafebarbantia.barbantia.es\/wp-content\/uploads\/2019\/02\/el-origen-del-mundo-300x174.jpg 300w, https:\/\/cafebarbantia.barbantia.es\/wp-content\/uploads\/2019\/02\/el-origen-del-mundo.jpg 641w\" sizes=\"(max-width: 300px) 100vw, 300px\" \/><\/a>Fidel Vidal.\u00a0<\/strong>A orixe do mundo<\/i><\/span><span style=\"font-family: 'Times New Roman', serif;\"> \u00e9 un \u00f3leo sobre lenzo de pequeno formato, de 46 por 55 cent\u00edmetros, que Gustave Courbet pintou en 1866 por encargo do diplom\u00e1tico turco Khalil-Bey. O cadro representa un pube feminino en primeiro plano. <!--more-->Estamos fronte a unha cona, as pernas abertas e parte do ventre dunha muller deitada sobre unha saba branca. Por riba albiscase un seo. Quen foi a modelo? <\/span><\/span><\/p>\n<p align=\"justify\"><span style=\"font-size: large;\"><span style=\"font-family: 'Times New Roman', serif;\">Unha vez que Khalil-Bey se arruinara, a pintura pasou por unha serie vicisitudes.\u00a0Un anticuario adquiriuno durante a venda da colecci\u00f3n Bey en 1868.\u00a0Despois, en 1889, Edmond de Goncourt atopouno nunha tenda de antig\u00fcidades detr\u00e1s dun panel decorado cunha paisaxe. Segundo Robert Fernier -autor de dous volumes do cat\u00e1logo de Courbet-, m\u00e1is adiante o coleccionista h\u00fangaro Hatvany mercouno en 1910 e levouno a Budapest.\u00a0Cara ao final da Segunda Guerra Mundial foi saqueada polos sovi\u00e9ticos, pero m\u00e1is tarde rescatada polo mesmo Hatvany ao abandonar Hungr\u00eda no 1947. O Ex\u00e9rcito Roxo permitiulle levar s\u00f3 unha obra de arte con el, e levou consigo <\/span><span style=\"font-family: 'Times New Roman', serif;\"><i>L&#8217;Origine du monde <\/i><\/span><span style=\"font-family: 'Times New Roman', serif;\">a Par\u00eds<\/span><span style=\"color: #222222;\"><span style=\"font-family: 'Times New Roman', serif;\">.<\/span><\/span><\/span><\/p>\n<p align=\"justify\"><span style=\"font-size: large;\"><span style=\"font-family: 'Times New Roman', serif;\">A historia deste lenzo \u00e9 digna de ser novelada. Ao final, grazas a Sylvie Bataille, segunda esposa de Lacan, este adquiriuno nunha poxa en 1955 por un mill\u00f3n e medio de francos. Formaba parte da s\u00faa colecci\u00f3n agochado baixo outro cadro de Andr\u00e9 Masson realizado expresamente para tal uso. E<\/span><span style=\"font-family: 'Times New Roman', serif;\">n 1981 o estado franc\u00e9s embargou os bens de Jacques Lacan co obxecto de cubrir importantes d\u00e9bedas. Desta maneira \u00e9 como <\/span><span style=\"font-family: 'Times New Roman', serif;\"><i>A orixe do mundo <\/i><\/span><span style=\"font-family: 'Times New Roman', serif;\">chegou ao <\/span><span style=\"font-family: 'Times New Roman', serif;\"><i>Museo d\u2019Orsay<\/i><\/span><span style=\"font-family: 'Times New Roman', serif;\">, na mesma r\u00faa onde Lacan residira. \u201cCoincidencia ou sarcasmo do destino?\u201d, preg\u00fantase J. P. Brand. O certo \u00e9 que na actualidade, desde 1995, am\u00f3sase sen pudor \u00e1 vista do p\u00fablico en xeral, algo que nos remite ao mesmo George Bataille, quen consideraba como \u201cunha das condici\u00f3ns do erotismo, a prohibici\u00f3n e polo tanto a\u00a0 transgresi\u00f3n\u201d. <\/span><\/span><\/p>\n<p align=\"justify\"><span style=\"font-size: large;\"><span style=\"font-family: 'Times New Roman', serif;\">En setembro de 2018 a revista <\/span><span style=\"font-family: 'Times New Roman', serif;\"><i>Par\u00eds Match<\/i><\/span><span style=\"font-family: 'Times New Roman', serif;\"> espallaba, cunha montaxe fotogr\u00e1fica <\/span><span style=\"font-family: 'Times New Roman', serif;\"><i>ad hoc<\/i><\/span><span style=\"font-family: 'Times New Roman', serif;\"> na portada, a noticia en exclusiva: \u201cVelaqu\u00ed a cara d\u2019<\/span><span style=\"font-family: 'Times New Roman', serif;\"><i>A orixe do mundo<\/i><\/span><span style=\"font-family: 'Times New Roman', serif;\">\u201d, e axencia EFE fac\u00edase eco a grandes titulares: \u201cA vulva m\u00e1is pol\u00e9mica da pintura xa ten rostro\u201d. O historiador Claude Schopp deu co nome da muller que pousou para Courbet.<\/span><span style=\"font-family: 'Times New Roman', serif;\">Ch\u00e1mase Constance Qu\u00e9niaux, bailarina e amante do turco que encargou o cadro. <a href=\"http:\/\/cafebarbantia.barbantia.es\/wp-content\/uploads\/2019\/02\/paris-644x362.jpg\"><img decoding=\"async\" loading=\"lazy\" class=\"alignright size-medium wp-image-10379\" alt=\"paris--644x362\" src=\"http:\/\/cafebarbantia.barbantia.es\/wp-content\/uploads\/2019\/02\/paris-644x362-300x168.jpg\" width=\"300\" height=\"168\" srcset=\"https:\/\/cafebarbantia.barbantia.es\/wp-content\/uploads\/2019\/02\/paris-644x362-300x168.jpg 300w, https:\/\/cafebarbantia.barbantia.es\/wp-content\/uploads\/2019\/02\/paris-644x362.jpg 644w\" sizes=\"(max-width: 300px) 100vw, 300px\" \/><\/a>Antes de Constance barall\u00e1ronse outros nomes, como <\/span><span style=\"color: #000000;\"><span style=\"font-family: 'Times New Roman', serif;\">Joanna Hifferman, modelo e amante de Courbet, ou mesmo Jeanne de Tourbey, querida do turco. O caso \u00e9 que, por azar, grazas a un erro nunha carta de Alejandro Dumas fillo a Geoge Sand, Claude Schopp deu co nome real da modelo e p\u00faxolle cara a unha cona.<\/span><\/span><\/span><\/p>\n<p align=\"justify\"><span style=\"font-size: large;\"><span style=\"font-family: 'Times New Roman', serif;\">Estamos diante dunha imaxe anat\u00f3mica ou er\u00f3tica? A resposta est\u00e1 na mirada que contemple esta obra de arte. Mais a pregunta \u00e9 ben distinta: por que este cadro resulta tan inquietante? Talvez porque estamos a falar da Cousa, do que non se toca, <\/span><span style=\"font-family: 'Times New Roman', serif;\"><i>daquela cousi\u00f1a<\/i><\/span><span style=\"font-family: 'Times New Roman', serif;\">. Da fenda que mant\u00e9n o desexo. \u201cFai falta recordar \u2013preg\u00fantase \u017di\u017eek, <\/span><span style=\"font-family: 'Times New Roman', serif;\"><i>Goza o teu s\u00edntoma!<\/i><\/span><span style=\"font-family: 'Times New Roman', serif;\">-, a maneira en que Freud, no seu artigo sobre o fetichismo, utiliza exactamente as mesmas palabras para describir o horror da castraci\u00f3n: o que aterroriza ao neno \u00e9 a ausencia de pene, isto \u00e9, o feito de que non hai nada que ver onde a mirada espera algo?\u201d Sexa como for, non importan nin o modelo nin as mans polas que pasou, nin tan sequera o nome do autor que a realizou. O m\u00e1is importante, como adoita dicir Gonzalo Trasbach, segue a ser a obra.<\/span><\/span><strong><\/strong><\/p>\n","protected":false},"excerpt":{"rendered":"<p>Fidel Vidal.\u00a0A orixe do mundo \u00e9 un \u00f3leo sobre lenzo de pequeno formato, de 46 por 55 cent\u00edmetros, que Gustave Courbet pintou en 1866 por encargo do diplom\u00e1tico turco Khalil-Bey. O cadro representa un pube feminino en primeiro plano.<\/p>\n","protected":false},"author":1,"featured_media":0,"comment_status":"open","ping_status":"closed","sticky":false,"template":"","format":"standard","meta":{"_bbp_topic_count":0,"_bbp_reply_count":0,"_bbp_total_topic_count":0,"_bbp_total_reply_count":0,"_bbp_voice_count":0,"_bbp_anonymous_reply_count":0,"_bbp_topic_count_hidden":0,"_bbp_reply_count_hidden":0,"_bbp_forum_subforum_count":0,"_exactmetrics_skip_tracking":false,"_exactmetrics_sitenote_active":false,"_exactmetrics_sitenote_note":"","_exactmetrics_sitenote_category":0,"_monsterinsights_skip_tracking":false,"_monsterinsights_sitenote_active":false,"_monsterinsights_sitenote_note":"","_monsterinsights_sitenote_category":0},"categories":[4,7,65],"tags":[],"aioseo_notices":[],"_links":{"self":[{"href":"https:\/\/cafebarbantia.barbantia.es\/index.php?rest_route=\/wp\/v2\/posts\/10377"}],"collection":[{"href":"https:\/\/cafebarbantia.barbantia.es\/index.php?rest_route=\/wp\/v2\/posts"}],"about":[{"href":"https:\/\/cafebarbantia.barbantia.es\/index.php?rest_route=\/wp\/v2\/types\/post"}],"author":[{"embeddable":true,"href":"https:\/\/cafebarbantia.barbantia.es\/index.php?rest_route=\/wp\/v2\/users\/1"}],"replies":[{"embeddable":true,"href":"https:\/\/cafebarbantia.barbantia.es\/index.php?rest_route=%2Fwp%2Fv2%2Fcomments&post=10377"}],"version-history":[{"count":1,"href":"https:\/\/cafebarbantia.barbantia.es\/index.php?rest_route=\/wp\/v2\/posts\/10377\/revisions"}],"predecessor-version":[{"id":10380,"href":"https:\/\/cafebarbantia.barbantia.es\/index.php?rest_route=\/wp\/v2\/posts\/10377\/revisions\/10380"}],"wp:attachment":[{"href":"https:\/\/cafebarbantia.barbantia.es\/index.php?rest_route=%2Fwp%2Fv2%2Fmedia&parent=10377"}],"wp:term":[{"taxonomy":"category","embeddable":true,"href":"https:\/\/cafebarbantia.barbantia.es\/index.php?rest_route=%2Fwp%2Fv2%2Fcategories&post=10377"},{"taxonomy":"post_tag","embeddable":true,"href":"https:\/\/cafebarbantia.barbantia.es\/index.php?rest_route=%2Fwp%2Fv2%2Ftags&post=10377"}],"curies":[{"name":"wp","href":"https:\/\/api.w.org\/{rel}","templated":true}]}}