{"id":10469,"date":"2019-03-15T06:00:43","date_gmt":"2019-03-15T06:00:43","guid":{"rendered":"http:\/\/cafebarbantia.barbantia.es\/?p=10469"},"modified":"2019-02-24T18:29:10","modified_gmt":"2019-02-24T18:29:10","slug":"berenguel-de-landoira-e-a-muralla-de-noia","status":"publish","type":"post","link":"https:\/\/cafebarbantia.barbantia.es\/?p=10469","title":{"rendered":"Berenguel de Landoira e a muralla de Noia"},"content":{"rendered":"<p style=\"text-align: justify;\"><a href=\"http:\/\/cafebarbantia.barbantia.es\/wp-content\/uploads\/2019\/02\/Barbantia1.jpg\"><img decoding=\"async\" loading=\"lazy\" class=\"alignleft size-medium wp-image-10470\" alt=\"Barbantia1\" src=\"http:\/\/cafebarbantia.barbantia.es\/wp-content\/uploads\/2019\/02\/Barbantia1-300x168.jpg\" width=\"300\" height=\"168\" srcset=\"https:\/\/cafebarbantia.barbantia.es\/wp-content\/uploads\/2019\/02\/Barbantia1-300x168.jpg 300w, https:\/\/cafebarbantia.barbantia.es\/wp-content\/uploads\/2019\/02\/Barbantia1-1024x576.jpg 1024w, https:\/\/cafebarbantia.barbantia.es\/wp-content\/uploads\/2019\/02\/Barbantia1-900x506.jpg 900w, https:\/\/cafebarbantia.barbantia.es\/wp-content\/uploads\/2019\/02\/Barbantia1.jpg 1280w\" sizes=\"(max-width: 300px) 100vw, 300px\" \/><\/a><em><strong>Xerardo AgraFoxo.\u00a0<\/strong><\/em>Cando o arcebispo franc\u00e9s Berenguel de Landoira recuperou a s\u00faa liberdade despois de estar 12 d\u00edas detido nas escuras celas da catedral de Santiago, onde tivo que sacrificar un cabalo para matar a fame, dirixiuse ao Castelo da Rocha Branca e logo \u00e1 fortaleza do Tapal de Noia<!--more-->, onde permaneceu tres meses -entre outubro de 1319 a xaneiro de 1320-. O autor da obra\u00a0<em>Gesta Berengarii de Landoria archiepiscopi Compostellani<\/em>\u00a0ou\u00a0<em>Hechos de Don Berenguel de Landoria, Arzobispo de Santiago<\/em>, acontecemento narrado por un integrante do seu s\u00e9quito, contou as decisi\u00f3ns que tomou en Noia: Despois trasladouse \u00e1 vila de Noia para descansar e celebrar o primeiro concilio que tivo cos seus cl\u00e9rigos e onde estableceu serias censuras contra os seus inimigos.<\/p>\n<div id=\"6TEXTO_DETALLEad_RobaPaginasMobile-id\" itemscope=\"\" itemtype=\"https:\/\/schema.org\/WPAdBlock\" style=\"text-align: justify;\" data-ads=\"true\" data-url=\"\/4900\/webm.EXT.LAVOZDEGALICIA\/galicia\/barbanza\" data-mapping=\"ROBAMOBILE\" data-sizes=\"[[300,600],[300,250]]\" data-param=\"pos\" data-format=\"mobile\" data-targeting=\"robapaginas\">A acollida que tivo en Noia, onde o cabaleiro Ruy Soga de Lobeira era o seu principal valedor, dar\u00eda lugar a que en Valladolid, o 14 de xullo do ano 1320, o rei Afonso XI emitise un documento que, despois dun cerimonioso introito, continuaba as\u00ed: \u00ab&#8230; commo los de la villa de Noia eran muy pobres et muy astragados&#8230; lles quitase por alg\u00fan tiempo de pecho porque se podiese \u00e7ercar la dicha villa pera mio servi\u00e7io\u00bb.<\/div>\n<div style=\"text-align: justify;\"><strong>Exentos de tributos<\/strong><\/div>\n<p style=\"text-align: justify;\">Grazas a este Real Privilexio, concedido pola Coroa a instancias do arcebispo Berenguel de Landoira, os cidad\u00e1ns de Noia viron como por espazo de seis anos quedaron exentos de pagar certos tributos. Talvez a concesi\u00f3n se deb\u00eda ao intento do prelado de ga\u00f1ar para a s\u00faa causa a poboaci\u00f3n xud\u00eda que moraba dentro do casco antigo dende que o rei visigodo Sisebuto os obrigase a emigrar cara aos reinos cristi\u00e1ns do norte.<\/p>\n<div id=\"ad_Roba2Desktop\" itemscope=\"\" itemtype=\"https:\/\/schema.org\/WPAdBlock\" style=\"text-align: justify;\" data-ads=\"true\" data-url=\"\/2260323\/LVDG.Desktop\/barbanza\" data-mapping=\"VOZ_ROBA_DESKTOP\" data-sizes=\"[[300,250],[300,300],[300,600],'fluid']\" data-param=\"pos\" data-format=\"normal\" data-targeting=\"Roba2\" data-google-query-id=\"CODusef71OACFdK3cQodjWQFFA\">\n<div id=\"google_ads_iframe_\/2260323\/LVDG.Desktop\/barbanza\/detalle_0__container__\">A loita de Berenguel de Landoira contra os burgueses de Santiago continuou. Despois de celebrar o S\u00ednodo en Noia, partiu para Valladolid, onde foi convocado pola Corte. En Tordesillas entrevistouse cos seus inimigos: Alonso Su\u00e1rez de Deza, o infante Don Filipe e catro procuradores compostel\u00e1ns: Marti\u00f1o Bern\u00e1rdez, Sancho S\u00e1nchez, Bernaldo Peytav\u00edn e Xo\u00e1n Alonso.<\/div>\n<\/div>\n<div style=\"text-align: justify;\">\n<div><\/div>\n<div>Cando recibiu da Coroa a promesa de que lle restituir\u00edan os privilexios sobre a cidade de Santiago, entreg\u00e1ndolle como ref\u00e9ns os catro procuradores, Berenguel de Landoira regresou a Galicia. Chegou a Melide o 20 de agosto do ano 1320. Estivera oito meses ausente. Pero as portas de Compostela permaneceron outra vez pechadas. Os ventos de autonom\u00eda municipal segu\u00edan rexos.<\/div>\n<\/div>\n<div id=\"ad_Roba2Mobile\" itemscope=\"\" itemtype=\"https:\/\/schema.org\/WPAdBlock\" style=\"text-align: justify;\" data-ads=\"true\" data-url=\"\/2260323\/LVDG.Mobile\/barbanza\" data-mapping=\"VOZ_ROBA_MOBILE\" data-sizes=\"[[300,250],[300,300],[300,600],'fluid']\" data-param=\"pos\" data-format=\"mobile\" data-targeting=\"Roba2\"><strong>\u00a0<\/strong><\/div>\n<p style=\"text-align: justify;\"><strong>Refuxiado no Castelo da Rocha<\/strong><\/p>\n<p style=\"text-align: justify;\">Nestas dif\u00edciles circunstancias refuxiouse durante trinta d\u00edas no Castelo da Rocha. As negociaci\u00f3ns entre os legados do arcebispo e os representantes dos procuradores compostel\u00e1ns proseguir\u00edan por espazo dunhas semanas. Nunha delas acordouse devolver a cidade ao arcebispo, pero con certas condici\u00f3ns. A \u00faltima reuni\u00f3n celebrouse na Rocha Forte o 16 de setembro de 1320. A ela acudiron Alonso Su\u00e1rez de Deza e dez representantes do concello de Santiago. Ning\u00fan deles esperaba que o prelado lles tendese unha celada criminal. As cabezas dos 11 burgueses roldar\u00edan polo chan. Entre os asasinados estaban os irm\u00e1ns Fern\u00e1n e Pedro P\u00e9rez de Andrade.<\/p>\n<div id=\"TEXTO_DETALLE_ad_Roba3Desktop\" itemscope=\"\" itemtype=\"https:\/\/schema.org\/WPAdBlock\" data-url=\"\/2260323\/LVDG.Desktop\/barbanza\" data-mapping=\"VOZ_ROBA300_DESKTOP\" data-sizes=\"[[300,250],[300,300],'fluid']\" data-param=\"pos\" data-format=\"normal\" data-targeting=\"Roba3\" data-google-query-id=\"COGhhuf71OACFauJ7QodfzMHFA\">\n<div id=\"google_ads_iframe_\/2260323\/LVDG.Desktop\/barbanza\/detalle_1__container__\" style=\"text-align: justify;\">Grazas aos privilexios que conseguiu Berenguel de Landoira para Noia, a vila puido erguer a muralla de 12 portas que protexeu o seu casco hist\u00f3rico durante varios s\u00e9culos.<\/div>\n<\/div>\n","protected":false},"excerpt":{"rendered":"<p>Xerardo AgraFoxo.\u00a0Cando o arcebispo franc\u00e9s Berenguel de Landoira recuperou a s\u00faa liberdade despois de estar 12 d\u00edas detido nas escuras celas da catedral de Santiago, onde tivo que sacrificar un cabalo para matar a fame, dirixiuse ao Castelo da Rocha Branca e logo \u00e1 fortaleza do Tapal de Noia<\/p>\n","protected":false},"author":1,"featured_media":0,"comment_status":"open","ping_status":"closed","sticky":false,"template":"","format":"standard","meta":{"_bbp_topic_count":0,"_bbp_reply_count":0,"_bbp_total_topic_count":0,"_bbp_total_reply_count":0,"_bbp_voice_count":0,"_bbp_anonymous_reply_count":0,"_bbp_topic_count_hidden":0,"_bbp_reply_count_hidden":0,"_bbp_forum_subforum_count":0,"_exactmetrics_skip_tracking":false,"_exactmetrics_sitenote_active":false,"_exactmetrics_sitenote_note":"","_exactmetrics_sitenote_category":0,"_monsterinsights_skip_tracking":false,"_monsterinsights_sitenote_active":false,"_monsterinsights_sitenote_note":"","_monsterinsights_sitenote_category":0},"categories":[7,21],"tags":[],"aioseo_notices":[],"_links":{"self":[{"href":"https:\/\/cafebarbantia.barbantia.es\/index.php?rest_route=\/wp\/v2\/posts\/10469"}],"collection":[{"href":"https:\/\/cafebarbantia.barbantia.es\/index.php?rest_route=\/wp\/v2\/posts"}],"about":[{"href":"https:\/\/cafebarbantia.barbantia.es\/index.php?rest_route=\/wp\/v2\/types\/post"}],"author":[{"embeddable":true,"href":"https:\/\/cafebarbantia.barbantia.es\/index.php?rest_route=\/wp\/v2\/users\/1"}],"replies":[{"embeddable":true,"href":"https:\/\/cafebarbantia.barbantia.es\/index.php?rest_route=%2Fwp%2Fv2%2Fcomments&post=10469"}],"version-history":[{"count":1,"href":"https:\/\/cafebarbantia.barbantia.es\/index.php?rest_route=\/wp\/v2\/posts\/10469\/revisions"}],"predecessor-version":[{"id":10471,"href":"https:\/\/cafebarbantia.barbantia.es\/index.php?rest_route=\/wp\/v2\/posts\/10469\/revisions\/10471"}],"wp:attachment":[{"href":"https:\/\/cafebarbantia.barbantia.es\/index.php?rest_route=%2Fwp%2Fv2%2Fmedia&parent=10469"}],"wp:term":[{"taxonomy":"category","embeddable":true,"href":"https:\/\/cafebarbantia.barbantia.es\/index.php?rest_route=%2Fwp%2Fv2%2Fcategories&post=10469"},{"taxonomy":"post_tag","embeddable":true,"href":"https:\/\/cafebarbantia.barbantia.es\/index.php?rest_route=%2Fwp%2Fv2%2Ftags&post=10469"}],"curies":[{"name":"wp","href":"https:\/\/api.w.org\/{rel}","templated":true}]}}