{"id":10484,"date":"2019-03-14T06:00:52","date_gmt":"2019-03-14T06:00:52","guid":{"rendered":"http:\/\/cafebarbantia.barbantia.es\/?p=10484"},"modified":"2019-02-28T12:51:18","modified_gmt":"2019-02-28T12:51:18","slug":"rodas","status":"publish","type":"post","link":"https:\/\/cafebarbantia.barbantia.es\/?p=10484","title":{"rendered":"Rodas"},"content":{"rendered":"<p style=\"text-align: justify;\"><span style=\"font-size: large;\"><em><strong><a href=\"http:\/\/cafebarbantia.barbantia.es\/wp-content\/uploads\/2019\/02\/O-F\u00edo-de-Ariadna.jpg\"><img decoding=\"async\" loading=\"lazy\" class=\"alignright size-medium wp-image-10485\" alt=\"O F\u00edo de Ariadna\" src=\"http:\/\/cafebarbantia.barbantia.es\/wp-content\/uploads\/2019\/02\/O-F\u00edo-de-Ariadna-270x300.jpg\" width=\"270\" height=\"300\" srcset=\"https:\/\/cafebarbantia.barbantia.es\/wp-content\/uploads\/2019\/02\/O-F\u00edo-de-Ariadna-270x300.jpg 270w, https:\/\/cafebarbantia.barbantia.es\/wp-content\/uploads\/2019\/02\/O-F\u00edo-de-Ariadna.jpg 570w\" sizes=\"(max-width: 270px) 100vw, 270px\" \/><\/a>Encarna Pego.\u00a0<\/strong><\/em>Sempre tiven especial querenza polas d\u00faas rodas. L\u00e9mbranme os primeiros anos sesenta, as estradas de morrillo, as tendas polo mi\u00fado, (\u201cDixo mi\u00f1a nai que me dea medio quilo de fari\u00f1a e un cuartillo de an\u00eds\u201d). O recendo das cereixas de Cesp\u00f3n.\u00a0<\/span><span style=\"font-size: large;\">A vida por encetar cos pais mozos e a emp\u00e1tica presenza dos veci\u00f1os. O sa\u00fado da mestra \u00e1 ma\u00f1\u00e1, cando eu non ti\u00f1a idade de ir \u00e1 escola.<!--more--><\/span><\/p>\n<p style=\"text-align: justify;\"><span style=\"font-size: large;\">O av\u00f3 co carro de d\u00faas vacas, cheo de rapazada a Ferreiros, a buscar o froito. Seica era o \u00fanico que deixaba subir.<\/span><\/p>\n<p style=\"text-align: justify;\"><span style=\"font-size: large;\">O carro co cabalo que fornec\u00eda ao tendeiro, e non hab\u00eda iogures nin nocilla. <\/span><\/p>\n<p style=\"text-align: justify;\"><span style=\"font-size: large;\">A bicicleta enferruxada de meu pai. A que eu lle ped\u00eda cando marchaba e que nunca me tra\u00eda porque non lle cab\u00eda na maleta. (\u201cHasma traer cando as fagan de encartar, non si?\u201d).<\/span><\/p>\n<p style=\"text-align: justify;\"><span style=\"font-size: large;\">Non esquezo o tempo de xogar ao pe\u00f3n e \u00e1s agachadas. Un tempo humano, no que o chan era de terra, e mirabamos uns polos outros. <\/span><\/p>\n<p style=\"text-align: justify;\"><span style=\"font-size: large;\">Ao ver esta escena volvo ter fe na humanidade sen dixitalizar. Nos seres de carne e \u00f3so, no trato cara a cara.<\/span><\/p>\n<p style=\"text-align: justify;\"><span style=\"font-size: large;\">Na cesta de Manolo conviven as verzas do pa\u00eds recentemente arrincadas coas froitas ex\u00f3ticas chegadas en avi\u00f3n. Mestura de imaxes e aromas que levas na pel.<\/span><\/p>\n<p style=\"text-align: justify;\"><span style=\"font-size: large;\">Non sei se \u00e9 posible un mundo e un comercio <\/span><span style=\"font-size: large;\"><i>offline<\/i><\/span><span style=\"font-size: large;\">, pero cada vez que vexo esta imaxe sinto que te\u00f1o unha enruga menos na alma.<\/span><\/p>\n","protected":false},"excerpt":{"rendered":"<p>Encarna Pego.\u00a0Sempre tiven especial querenza polas d\u00faas rodas. L\u00e9mbranme os primeiros anos sesenta, as estradas de morrillo, as tendas polo mi\u00fado, (\u201cDixo mi\u00f1a nai que me dea medio quilo de fari\u00f1a e un cuartillo de an\u00eds\u201d). O recendo das cereixas de Cesp\u00f3n.\u00a0A vida por encetar cos pais mozos e a emp\u00e1tica presenza dos veci\u00f1os. O &hellip; <a href=\"https:\/\/cafebarbantia.barbantia.es\/?p=10484\" class=\"more-link\">Seguir lendo <span class=\"screen-reader-text\">Rodas<\/span> <span class=\"meta-nav\">&rarr;<\/span><\/a><\/p>\n","protected":false},"author":1,"featured_media":0,"comment_status":"open","ping_status":"closed","sticky":false,"template":"","format":"standard","meta":{"_bbp_topic_count":0,"_bbp_reply_count":0,"_bbp_total_topic_count":0,"_bbp_total_reply_count":0,"_bbp_voice_count":0,"_bbp_anonymous_reply_count":0,"_bbp_topic_count_hidden":0,"_bbp_reply_count_hidden":0,"_bbp_forum_subforum_count":0,"_exactmetrics_skip_tracking":false,"_exactmetrics_sitenote_active":false,"_exactmetrics_sitenote_note":"","_exactmetrics_sitenote_category":0,"_monsterinsights_skip_tracking":false,"_monsterinsights_sitenote_active":false,"_monsterinsights_sitenote_note":"","_monsterinsights_sitenote_category":0},"categories":[57,9],"tags":[],"aioseo_notices":[],"_links":{"self":[{"href":"https:\/\/cafebarbantia.barbantia.es\/index.php?rest_route=\/wp\/v2\/posts\/10484"}],"collection":[{"href":"https:\/\/cafebarbantia.barbantia.es\/index.php?rest_route=\/wp\/v2\/posts"}],"about":[{"href":"https:\/\/cafebarbantia.barbantia.es\/index.php?rest_route=\/wp\/v2\/types\/post"}],"author":[{"embeddable":true,"href":"https:\/\/cafebarbantia.barbantia.es\/index.php?rest_route=\/wp\/v2\/users\/1"}],"replies":[{"embeddable":true,"href":"https:\/\/cafebarbantia.barbantia.es\/index.php?rest_route=%2Fwp%2Fv2%2Fcomments&post=10484"}],"version-history":[{"count":1,"href":"https:\/\/cafebarbantia.barbantia.es\/index.php?rest_route=\/wp\/v2\/posts\/10484\/revisions"}],"predecessor-version":[{"id":10486,"href":"https:\/\/cafebarbantia.barbantia.es\/index.php?rest_route=\/wp\/v2\/posts\/10484\/revisions\/10486"}],"wp:attachment":[{"href":"https:\/\/cafebarbantia.barbantia.es\/index.php?rest_route=%2Fwp%2Fv2%2Fmedia&parent=10484"}],"wp:term":[{"taxonomy":"category","embeddable":true,"href":"https:\/\/cafebarbantia.barbantia.es\/index.php?rest_route=%2Fwp%2Fv2%2Fcategories&post=10484"},{"taxonomy":"post_tag","embeddable":true,"href":"https:\/\/cafebarbantia.barbantia.es\/index.php?rest_route=%2Fwp%2Fv2%2Ftags&post=10484"}],"curies":[{"name":"wp","href":"https:\/\/api.w.org\/{rel}","templated":true}]}}