{"id":10521,"date":"2019-03-12T06:00:42","date_gmt":"2019-03-12T06:00:42","guid":{"rendered":"http:\/\/cafebarbantia.barbantia.es\/?p=10521"},"modified":"2019-03-09T12:05:11","modified_gmt":"2019-03-09T12:05:11","slug":"unha-das-primeiras-leccions-da-vida","status":"publish","type":"post","link":"https:\/\/cafebarbantia.barbantia.es\/?p=10521","title":{"rendered":"Unha das primeiras lecci\u00f3ns da vida"},"content":{"rendered":"<p style=\"text-align: justify;\"><a href=\"http:\/\/cafebarbantia.barbantia.es\/wp-content\/uploads\/2019\/03\/6997-derradeira-leccion-mestre.jpg\"><img decoding=\"async\" loading=\"lazy\" class=\"alignright size-medium wp-image-10522\" alt=\"6997-derradeira-leccion-mestre\" src=\"http:\/\/cafebarbantia.barbantia.es\/wp-content\/uploads\/2019\/03\/6997-derradeira-leccion-mestre-206x300.jpg\" width=\"206\" height=\"300\" srcset=\"https:\/\/cafebarbantia.barbantia.es\/wp-content\/uploads\/2019\/03\/6997-derradeira-leccion-mestre-206x300.jpg 206w, https:\/\/cafebarbantia.barbantia.es\/wp-content\/uploads\/2019\/03\/6997-derradeira-leccion-mestre.jpg 400w\" sizes=\"(max-width: 206px) 100vw, 206px\" \/><\/a><em><strong>X. Ricardo Losada.\u00a0<\/strong><\/em>Visitei a Cidade da Cultura para ver a exposici\u00f3n <i>Castelao maxistral. <\/i>No vest\u00edbulo a recepcionista preguntoume de onde vi\u00f1a e, ao revelarlle <i>de Rianxo,<\/i> mostroume un rito de complicidade que me encheu de orgullo. Un orgullo que foi a causa de que no \u00faltimo momento decidise facer a visita guiada, algo ao que sempre me nego. Inf\u00f3rmome previa e posteriormente, pero a visita a un museo enf\u00f3coa como un paseo polo monte ou por unha vila desco\u00f1ecida. Sen que ningu\u00e9n me gu\u00ede a mirada, o pensamento ou a emoci\u00f3n. Se na exposici\u00f3n chove, quero dicir que chove. Se na exposici\u00f3n mexan por min, quero dicir que mexan por min. Algo que, nas visitas guiadas, \u00e9 moi dif\u00edcil de conseguir.<!--more--><\/p>\n<p style=\"text-align: justify;\">\u00a0\u00a0\u00a0\u00a0 Por\u00e9n, neste caso, acertei. Non sei en que cambiar\u00eda a visita se fose s\u00f3, pero non creo que acadase a emoci\u00f3n\u00a0 por ser rianxeiro que sent\u00edn. Conste que non o digo como algo positivo. Desde o punto de vista racional par\u00e9ceme un sentimento mesqui\u00f1o. A exposici\u00f3n est\u00e1 enfocada para emocionarnos polo compromiso de Castelao con Galicia, cos perdedores da historia e coa xustiza universal, valores todos eles m\u00e1is importantes que o inmenso amor que sinto por Rianxo. Pero, debo reco\u00f1ecelo, durante os corenta minutos que durou a visita, eu s\u00f3 pensaba (a cabeza e o coraz\u00f3n \u00edan por libre) en revelarlles aos vinte visitantes que me acompa\u00f1aban que eu tam\u00e9n era de Rianxo, como o mesm\u00edsimo Castelao.<\/p>\n<p style=\"text-align: justify;\">\u00a0\u00a0\u00a0\u00a0 Pero o m\u00e1is curioso foi o que me pasou cando a visita acababa, diante do cadro <i>A derradeira lecci\u00f3n do mestre, <\/i>eixo central de toda a exposici\u00f3n. Atopei a Xos\u00e9 Comoxo, un dos investigadores m\u00e1is informados da historia de Rianxo, e pux\u00e9monos a falar mentres a gu\u00eda, ante uns pupitres das escolas galegas anteriores \u00e1 Rep\u00fablica, dic\u00eda as \u00faltimas palabras. Comoxo reveloume que el estudara de neno cun deses pupitres no baixo da casa de Dieste. Eu aproveitei para dicirlle que nese baixo acababan de atopar unha p\u00eda para o peixe que \u00eda ser integrada no proxecto muse\u00edstico da casa. E seguimos falando de cousas da vida de Rianxo mentres eu me promet\u00eda que volver\u00eda outro d\u00eda ver unha exposici\u00f3n que visitara e mirara, pero que non vira.<\/p>\n","protected":false},"excerpt":{"rendered":"<p>X. Ricardo Losada.\u00a0Visitei a Cidade da Cultura para ver a exposici\u00f3n Castelao maxistral. No vest\u00edbulo a recepcionista preguntoume de onde vi\u00f1a e, ao revelarlle de Rianxo, mostroume un rito de complicidade que me encheu de orgullo. Un orgullo que foi a causa de que no \u00faltimo momento decidise facer a visita guiada, algo ao que &hellip; <a href=\"https:\/\/cafebarbantia.barbantia.es\/?p=10521\" class=\"more-link\">Seguir lendo <span class=\"screen-reader-text\">Unha das primeiras lecci\u00f3ns da vida<\/span> <span class=\"meta-nav\">&rarr;<\/span><\/a><\/p>\n","protected":false},"author":1,"featured_media":0,"comment_status":"open","ping_status":"closed","sticky":false,"template":"","format":"standard","meta":{"_bbp_topic_count":0,"_bbp_reply_count":0,"_bbp_total_topic_count":0,"_bbp_total_reply_count":0,"_bbp_voice_count":0,"_bbp_anonymous_reply_count":0,"_bbp_topic_count_hidden":0,"_bbp_reply_count_hidden":0,"_bbp_forum_subforum_count":0,"_exactmetrics_skip_tracking":false,"_exactmetrics_sitenote_active":false,"_exactmetrics_sitenote_note":"","_exactmetrics_sitenote_category":0,"_monsterinsights_skip_tracking":false,"_monsterinsights_sitenote_active":false,"_monsterinsights_sitenote_note":"","_monsterinsights_sitenote_category":0},"categories":[7,9,26],"tags":[],"aioseo_notices":[],"_links":{"self":[{"href":"https:\/\/cafebarbantia.barbantia.es\/index.php?rest_route=\/wp\/v2\/posts\/10521"}],"collection":[{"href":"https:\/\/cafebarbantia.barbantia.es\/index.php?rest_route=\/wp\/v2\/posts"}],"about":[{"href":"https:\/\/cafebarbantia.barbantia.es\/index.php?rest_route=\/wp\/v2\/types\/post"}],"author":[{"embeddable":true,"href":"https:\/\/cafebarbantia.barbantia.es\/index.php?rest_route=\/wp\/v2\/users\/1"}],"replies":[{"embeddable":true,"href":"https:\/\/cafebarbantia.barbantia.es\/index.php?rest_route=%2Fwp%2Fv2%2Fcomments&post=10521"}],"version-history":[{"count":1,"href":"https:\/\/cafebarbantia.barbantia.es\/index.php?rest_route=\/wp\/v2\/posts\/10521\/revisions"}],"predecessor-version":[{"id":10523,"href":"https:\/\/cafebarbantia.barbantia.es\/index.php?rest_route=\/wp\/v2\/posts\/10521\/revisions\/10523"}],"wp:attachment":[{"href":"https:\/\/cafebarbantia.barbantia.es\/index.php?rest_route=%2Fwp%2Fv2%2Fmedia&parent=10521"}],"wp:term":[{"taxonomy":"category","embeddable":true,"href":"https:\/\/cafebarbantia.barbantia.es\/index.php?rest_route=%2Fwp%2Fv2%2Fcategories&post=10521"},{"taxonomy":"post_tag","embeddable":true,"href":"https:\/\/cafebarbantia.barbantia.es\/index.php?rest_route=%2Fwp%2Fv2%2Ftags&post=10521"}],"curies":[{"name":"wp","href":"https:\/\/api.w.org\/{rel}","templated":true}]}}