{"id":10736,"date":"2019-06-05T06:00:22","date_gmt":"2019-06-05T06:00:22","guid":{"rendered":"http:\/\/cafebarbantia.barbantia.es\/?p=10736"},"modified":"2019-05-31T06:44:18","modified_gmt":"2019-05-31T06:44:18","slug":"muda-nova","status":"publish","type":"post","link":"https:\/\/cafebarbantia.barbantia.es\/?p=10736","title":{"rendered":"Muda nova"},"content":{"rendered":"<p align=\"justify\"><span style=\"font-family: Arial, sans-serif;\"><em><strong><a href=\"http:\/\/cafebarbantia.barbantia.es\/wp-content\/uploads\/2019\/04\/81t8NLuojUL._UY500_.jpg\"><img decoding=\"async\" loading=\"lazy\" class=\"size-medium wp-image-10737 alignright\" alt=\"81t8NLuojUL._UY500_\" src=\"http:\/\/cafebarbantia.barbantia.es\/wp-content\/uploads\/2019\/04\/81t8NLuojUL._UY500_-199x300.jpg\" width=\"199\" height=\"300\" srcset=\"https:\/\/cafebarbantia.barbantia.es\/wp-content\/uploads\/2019\/04\/81t8NLuojUL._UY500_-199x300.jpg 199w, https:\/\/cafebarbantia.barbantia.es\/wp-content\/uploads\/2019\/04\/81t8NLuojUL._UY500_.jpg 333w\" sizes=\"(max-width: 199px) 100vw, 199px\" \/><\/a>Marina Losada Vicente.\u00a0<\/strong><\/em>Ao chegar ao traballo, como ten por costume, Lu<\/span><span style=\"font-family: Arial, sans-serif;\">\u00ed<\/span><span style=\"font-family: Arial, sans-serif;\">sa abre a axenda. A nota faille subir as cores \u00e1 cara, de forma autom\u00e1tica, como quen \u00e9 collida nunha falta. Na retina a imaxe da t\u00eda Marcela reprend\u00e9ndoa por non lle facer caso. No corpo a sensaci\u00f3n de deso\u00edr algo \u00edntimo e asumido.<\/span><\/p>\n<p lang=\"gl-ES\" align=\"justify\"><span style=\"font-family: Arial, sans-serif;\"> O acordo vai e v\u00e9n \u00e1 infancia ao tempo que percorre a sua pel en busca das faltas cometidas. As orellas, ditosas orellas, que xamais estaban de todo limpas. Os xeonllos, esas articulaci\u00f3ns que s\u00faa t\u00eda chegaba a facer sangue coa pedra p\u00f3mez. <!--more-->Os c\u00f3ba<\/span><span style=\"font-family: Arial, sans-serif;\">d<\/span><span style=\"font-family: Arial, sans-serif;\">os, que despois nunha invern\u00eda luc\u00edan escuros e secos. Lembra como a peiteaba, rematando coa man ensalivada no floco para dar a forma que despois Lu<\/span><span style=\"font-family: Arial, sans-serif;\">\u00ed<\/span><span style=\"font-family: Arial, sans-serif;\">sa ti\u00f1a que desfacer. Ao mesmo tempo, repasa o corpo a tempo real. O que est\u00e1 \u00e1 vista e tam\u00e9n, de forma introspectiva, o que ten tapado. Semanas sen facer a depilaci\u00f3n nas axilas e nas coxas, na li\u00f1a do bi<\/span><span style=\"font-family: Arial, sans-serif;\">k<\/span><span style=\"font-family: Arial, sans-serif;\">ini; nas pernas si.<\/span><\/p>\n<p lang=\"gl-ES\" align=\"justify\"><span style=\"font-family: Arial, sans-serif;\"> R<\/span><span style=\"font-family: Arial, sans-serif;\">i<\/span><span style=\"font-family: Arial, sans-serif;\"> dos bicos que borraba co reverso da man, da oraci\u00f3n de antes de deitarse, das cousas que a muller que a coidaba cando a nai traballaba gravara a lume nela. M<\/span><span style=\"font-family: Arial, sans-serif;\">a<\/span><span style=\"font-family: Arial, sans-serif;\">is a imaxe que a reprende hoxe \u00e9 a da muda nova que a t\u00eda insist\u00eda en ter preparada por se ti\u00f1a que ir ao m\u00e9dico.<\/span><\/p>\n<p lang=\"gl-ES\" align=\"justify\"><span style=\"font-family: Arial, sans-serif;\"> Aquel d\u00eda falloulle o despertador. Cando viu que hora era, pensou de inmediato na t\u00eda mand\u00e1ndoa darlle corda ao reloxo, unha premonici\u00f3n do que estaba por vir. Ducha de tres minutos e sa<\/span><span style=\"font-family: Arial, sans-serif;\">\u00ed<\/span><span style=\"font-family: Arial, sans-serif;\">u da casa sen tomar nin s<\/span><span style=\"font-family: Arial, sans-serif;\">e<\/span><span style=\"font-family: Arial, sans-serif;\">quera un sorbo de caf\u00e9.<\/span><\/p>\n<p lang=\"gl-ES\" align=\"justify\"><span style=\"font-family: Arial, sans-serif;\"> A axenda da empresa rec\u00f3rdalle que en media hora toca a revisi\u00f3n m\u00e9dica anual. Lu<\/span><span style=\"font-family: Arial, sans-serif;\">\u00ed<\/span><span style=\"font-family: Arial, sans-serif;\">sa non ten nin idea de que braga leva posta, pode ser aquela que ti\u00f1a pensado tirar, a que enganchara na lavadora ou mesmo, coas pr\u00e9sas, a que non chegou a botar no cesto da roupa sucia.<\/span><\/p>\n","protected":false},"excerpt":{"rendered":"<p>Marina Losada Vicente.\u00a0Ao chegar ao traballo, como ten por costume, Lu\u00edsa abre a axenda. A nota faille subir as cores \u00e1 cara, de forma autom\u00e1tica, como quen \u00e9 collida nunha falta. Na retina a imaxe da t\u00eda Marcela reprend\u00e9ndoa por non lle facer caso. No corpo a sensaci\u00f3n de deso\u00edr algo \u00edntimo e asumido. O &hellip; <a href=\"https:\/\/cafebarbantia.barbantia.es\/?p=10736\" class=\"more-link\">Seguir lendo <span class=\"screen-reader-text\">Muda nova<\/span> <span class=\"meta-nav\">&rarr;<\/span><\/a><\/p>\n","protected":false},"author":1,"featured_media":0,"comment_status":"open","ping_status":"closed","sticky":false,"template":"","format":"standard","meta":{"_bbp_topic_count":0,"_bbp_reply_count":0,"_bbp_total_topic_count":0,"_bbp_total_reply_count":0,"_bbp_voice_count":0,"_bbp_anonymous_reply_count":0,"_bbp_topic_count_hidden":0,"_bbp_reply_count_hidden":0,"_bbp_forum_subforum_count":0,"_exactmetrics_skip_tracking":false,"_exactmetrics_sitenote_active":false,"_exactmetrics_sitenote_note":"","_exactmetrics_sitenote_category":0,"_monsterinsights_skip_tracking":false,"_monsterinsights_sitenote_active":false,"_monsterinsights_sitenote_note":"","_monsterinsights_sitenote_category":0},"categories":[73,9],"tags":[],"aioseo_notices":[],"_links":{"self":[{"href":"https:\/\/cafebarbantia.barbantia.es\/index.php?rest_route=\/wp\/v2\/posts\/10736"}],"collection":[{"href":"https:\/\/cafebarbantia.barbantia.es\/index.php?rest_route=\/wp\/v2\/posts"}],"about":[{"href":"https:\/\/cafebarbantia.barbantia.es\/index.php?rest_route=\/wp\/v2\/types\/post"}],"author":[{"embeddable":true,"href":"https:\/\/cafebarbantia.barbantia.es\/index.php?rest_route=\/wp\/v2\/users\/1"}],"replies":[{"embeddable":true,"href":"https:\/\/cafebarbantia.barbantia.es\/index.php?rest_route=%2Fwp%2Fv2%2Fcomments&post=10736"}],"version-history":[{"count":2,"href":"https:\/\/cafebarbantia.barbantia.es\/index.php?rest_route=\/wp\/v2\/posts\/10736\/revisions"}],"predecessor-version":[{"id":10842,"href":"https:\/\/cafebarbantia.barbantia.es\/index.php?rest_route=\/wp\/v2\/posts\/10736\/revisions\/10842"}],"wp:attachment":[{"href":"https:\/\/cafebarbantia.barbantia.es\/index.php?rest_route=%2Fwp%2Fv2%2Fmedia&parent=10736"}],"wp:term":[{"taxonomy":"category","embeddable":true,"href":"https:\/\/cafebarbantia.barbantia.es\/index.php?rest_route=%2Fwp%2Fv2%2Fcategories&post=10736"},{"taxonomy":"post_tag","embeddable":true,"href":"https:\/\/cafebarbantia.barbantia.es\/index.php?rest_route=%2Fwp%2Fv2%2Ftags&post=10736"}],"curies":[{"name":"wp","href":"https:\/\/api.w.org\/{rel}","templated":true}]}}