{"id":10813,"date":"2019-05-27T06:00:49","date_gmt":"2019-05-27T06:00:49","guid":{"rendered":"http:\/\/cafebarbantia.barbantia.es\/?p=10813"},"modified":"2019-05-22T07:49:03","modified_gmt":"2019-05-22T07:49:03","slug":"alava-capital-vitoria","status":"publish","type":"post","link":"https:\/\/cafebarbantia.barbantia.es\/?p=10813","title":{"rendered":"\u00c1lava, capital Vitoria"},"content":{"rendered":"<p align=\"justify\"><span style=\"font-family: 'Times New Roman', serif; font-size: large;\"><span style=\"font-family: Calibri, sans-serif;\"><em><strong><a href=\"http:\/\/cafebarbantia.barbantia.es\/wp-content\/uploads\/2019\/05\/descarga-1.jpg\"><img decoding=\"async\" loading=\"lazy\" class=\"alignright size-full wp-image-10815\" alt=\"descarga (1)\" src=\"http:\/\/cafebarbantia.barbantia.es\/wp-content\/uploads\/2019\/05\/descarga-1.jpg\" width=\"225\" height=\"225\" srcset=\"https:\/\/cafebarbantia.barbantia.es\/wp-content\/uploads\/2019\/05\/descarga-1.jpg 225w, https:\/\/cafebarbantia.barbantia.es\/wp-content\/uploads\/2019\/05\/descarga-1-150x150.jpg 150w, https:\/\/cafebarbantia.barbantia.es\/wp-content\/uploads\/2019\/05\/descarga-1-144x144.jpg 144w\" sizes=\"(max-width: 225px) 100vw, 225px\" \/><\/a>X. Ricardo Losada.\u00a0<\/strong><\/em>A hip\u00f3tese dos seis graos de separaci\u00f3n establece que unha persoa pode estar conectada a calquera outra do planeta a trav\u00e9s dunha cadea de co\u00f1ecidos que non ten m\u00e1is que cinco pasos intermedios. Prop\u00faxoa o escritor h\u00fangaro Frigyes Karinthy nos anos 30 base\u00e1ndose na idea de que o n\u00famero de co\u00f1ecidos crece expo<\/span><span style=\"font-family: Calibri, sans-serif;\">n<\/span><span style=\"font-family: Calibri, sans-serif;\">encialmente co n\u00famero de enlaces da cadea, de tal xeito que s\u00f3 un pequeno n\u00famero de enlaces son necesarios<!--more--> para que o conxunto de co\u00f1ecidos se converta na totalidade da poboaci\u00f3n humana. Eu co\u00f1ezo a A, A co\u00f1ece a B, B co\u00f1ece a C, C co\u00f1ece a D, D co\u00f1ece a E, E co\u00f1ece a F, e este F pode ser o presidente chin\u00e9s, un indio do Amazonas ou o \u00faltimo neno nacido en Ruanda. <\/span><\/span><\/p>\n<p align=\"justify\"><span style=\"font-family: 'Times New Roman', serif; font-size: large;\"><span style=\"font-family: Calibri, sans-serif;\">Sempre me pareceu unha hip\u00f3tese fermosa, pero dif\u00edcil de contrastar persoalmente. Ata o outro d\u00eda. Hixinio Varela, o presidente do equipo de f\u00fatbol rianxeiro C.D.Uni\u00f3n, do que eu fora xogador, directivo e adestrador, invitoume a participar nun programa monogr\u00e1fico que a Radio Galega fac\u00eda no auditorio de Rianxo sobre o 50 aniversario do club que se celebra este ano. Ao parecer, o presentador quer\u00eda saber a orixe do grito de guerra (grito de motivaci\u00f3n, teriamos que dicir hoxe) que utilizan os xogadores do C.D. Uni\u00f3n antes do partido, un grito que eu instaurara e que, para a mi\u00f1a sorpresa, segue vixente, hab\u00eda case trinta anos sendo adestrador do equipo infantil. No primeiro partido os xogadores ped\u00edronme un grito de guerra e, como non o ti\u00f1a previsto, decid\u00edn recuperar o que usabamos na facultade de Filosof\u00eda. O adestrador dic\u00eda <\/span><span style=\"font-family: Calibri, sans-serif;\"><i>\u00c1lava, capital&#8230;<\/i><\/span><span style=\"font-family: Calibri, sans-serif;\">e os xogadores berrabamos con todas as nosas forzas <\/span><span style=\"font-family: Calibri, sans-serif;\"><i>Vitoria!!!!!! <\/i><\/span><span style=\"font-family: Calibri, sans-serif;\">Como aquel equipo infantil ga\u00f1ou todos os partidos do campionato, cando anos despois adestrei o primeiro equipo, adoptei o mesmo grito, a\u00ednda que, neste caso, os resultados foron tan malos que cheguei a pensar que \u00e1 capital de \u00c1lava lle ter\u00edan que chamar <\/span><span style=\"font-family: Calibri, sans-serif;\"><i>Derrota. <\/i><\/span><\/span><\/p>\n<p align=\"justify\"><span style=\"font-family: 'Times New Roman', serif; font-size: large;\"><span style=\"font-family: Calibri, sans-serif;\"><a href=\"http:\/\/cafebarbantia.barbantia.es\/wp-content\/uploads\/2019\/05\/1200px-Six_degrees_of_separation.svg_.png\"><img decoding=\"async\" loading=\"lazy\" class=\"alignleft size-medium wp-image-10817\" alt=\"1200px-Six_degrees_of_separation.svg\" src=\"http:\/\/cafebarbantia.barbantia.es\/wp-content\/uploads\/2019\/05\/1200px-Six_degrees_of_separation.svg_-300x225.png\" width=\"300\" height=\"225\" srcset=\"https:\/\/cafebarbantia.barbantia.es\/wp-content\/uploads\/2019\/05\/1200px-Six_degrees_of_separation.svg_-300x225.png 300w, https:\/\/cafebarbantia.barbantia.es\/wp-content\/uploads\/2019\/05\/1200px-Six_degrees_of_separation.svg_-1024x768.png 1024w, https:\/\/cafebarbantia.barbantia.es\/wp-content\/uploads\/2019\/05\/1200px-Six_degrees_of_separation.svg_-900x675.png 900w, https:\/\/cafebarbantia.barbantia.es\/wp-content\/uploads\/2019\/05\/1200px-Six_degrees_of_separation.svg_.png 1200w\" sizes=\"(max-width: 300px) 100vw, 300px\" \/><\/a>O caso \u00e9 que, tras explicar no programa da Radio Galega a historia que vos acabo de contar, e para sorpresa de todo o auditorio, o presentador p\u00faxome en contacto telef\u00f3nico co alcalde de Vitoria-Gasteiz mentres eu so\u00f1aba que me \u00eda invitar \u00e1 s\u00faa cidade. Ao rematar o acto recordei a hip\u00f3tese dos seis graos e fun para a casa botando contas. Eu co\u00f1ec\u00eda o presidente do Uni\u00f3n; o presidente do Uni\u00f3n, o presentador da Radio Galega; o presentador da Radio Galega, un membro do gabinete de prensa do concello de Vitoria; o membro do gabinete de prensa do concello de Vitoria, o alcalde; o alcalde co\u00f1\u00e9ceme agora a min e, xa que logo, cun s\u00f3 paso m\u00e1is (o sexto!) poder\u00eda p\u00f3rse en contacto con calquera dos m\u00faltiples co\u00f1ecidos meus. Foi tal a conmoci\u00f3n que me provocou contrastar persoalmente a hip\u00f3tese de Karinthy que non tiven ningunha d\u00fabida de que se o grito de guerra fose <\/span><span style=\"font-family: Calibri, sans-serif;\"><i>Columbia Brit\u00e1nica<\/i><\/span><span style=\"font-family: Calibri, sans-serif;\">, <\/span><span style=\"font-family: Calibri, sans-serif;\"><i>capital Vitoria<\/i><\/span><span style=\"font-family: Calibri, sans-serif;\">, por moito que esa cidade estea en Canad\u00e1, o presentador da Radio Galega non necesitar\u00eda m\u00e1is de seis enlaces para p\u00f3rse en contacto co seu alcalde, e eu poder\u00eda so\u00f1ar con que me invitase \u00e1 s\u00faa cidade. Ao fin e ao cabo, como na outra Vitoria xa estivera, a hip\u00f3tese de Karinthy quedar\u00eda as\u00ed mellor confirmada. <\/span><\/span><\/p>\n","protected":false},"excerpt":{"rendered":"<p>X. Ricardo Losada.\u00a0A hip\u00f3tese dos seis graos de separaci\u00f3n establece que unha persoa pode estar conectada a calquera outra do planeta a trav\u00e9s dunha cadea de co\u00f1ecidos que non ten m\u00e1is que cinco pasos intermedios. Prop\u00faxoa o escritor h\u00fangaro Frigyes Karinthy nos anos 30 base\u00e1ndose na idea de que o n\u00famero de co\u00f1ecidos crece exponencialmente &hellip; <a href=\"https:\/\/cafebarbantia.barbantia.es\/?p=10813\" class=\"more-link\">Seguir lendo <span class=\"screen-reader-text\">\u00c1lava, capital Vitoria<\/span> <span class=\"meta-nav\">&rarr;<\/span><\/a><\/p>\n","protected":false},"author":1,"featured_media":0,"comment_status":"open","ping_status":"closed","sticky":false,"template":"","format":"standard","meta":{"_bbp_topic_count":0,"_bbp_reply_count":0,"_bbp_total_topic_count":0,"_bbp_total_reply_count":0,"_bbp_voice_count":0,"_bbp_anonymous_reply_count":0,"_bbp_topic_count_hidden":0,"_bbp_reply_count_hidden":0,"_bbp_forum_subforum_count":0,"_exactmetrics_skip_tracking":false,"_exactmetrics_sitenote_active":false,"_exactmetrics_sitenote_note":"","_exactmetrics_sitenote_category":0,"_monsterinsights_skip_tracking":false,"_monsterinsights_sitenote_active":false,"_monsterinsights_sitenote_note":"","_monsterinsights_sitenote_category":0},"categories":[7,9,26],"tags":[],"aioseo_notices":[],"_links":{"self":[{"href":"https:\/\/cafebarbantia.barbantia.es\/index.php?rest_route=\/wp\/v2\/posts\/10813"}],"collection":[{"href":"https:\/\/cafebarbantia.barbantia.es\/index.php?rest_route=\/wp\/v2\/posts"}],"about":[{"href":"https:\/\/cafebarbantia.barbantia.es\/index.php?rest_route=\/wp\/v2\/types\/post"}],"author":[{"embeddable":true,"href":"https:\/\/cafebarbantia.barbantia.es\/index.php?rest_route=\/wp\/v2\/users\/1"}],"replies":[{"embeddable":true,"href":"https:\/\/cafebarbantia.barbantia.es\/index.php?rest_route=%2Fwp%2Fv2%2Fcomments&post=10813"}],"version-history":[{"count":3,"href":"https:\/\/cafebarbantia.barbantia.es\/index.php?rest_route=\/wp\/v2\/posts\/10813\/revisions"}],"predecessor-version":[{"id":10818,"href":"https:\/\/cafebarbantia.barbantia.es\/index.php?rest_route=\/wp\/v2\/posts\/10813\/revisions\/10818"}],"wp:attachment":[{"href":"https:\/\/cafebarbantia.barbantia.es\/index.php?rest_route=%2Fwp%2Fv2%2Fmedia&parent=10813"}],"wp:term":[{"taxonomy":"category","embeddable":true,"href":"https:\/\/cafebarbantia.barbantia.es\/index.php?rest_route=%2Fwp%2Fv2%2Fcategories&post=10813"},{"taxonomy":"post_tag","embeddable":true,"href":"https:\/\/cafebarbantia.barbantia.es\/index.php?rest_route=%2Fwp%2Fv2%2Ftags&post=10813"}],"curies":[{"name":"wp","href":"https:\/\/api.w.org\/{rel}","templated":true}]}}