{"id":1112,"date":"2014-05-02T07:58:29","date_gmt":"2014-05-02T07:58:29","guid":{"rendered":"http:\/\/cafebarbantia.barbantia.es\/?p=1112"},"modified":"2014-05-02T07:58:29","modified_gmt":"2014-05-02T07:58:29","slug":"a-cidade-branca","status":"publish","type":"post","link":"https:\/\/cafebarbantia.barbantia.es\/?p=1112","title":{"rendered":"A cidade branca"},"content":{"rendered":"<p style=\"text-align: justify;\"><em><strong><a href=\"http:\/\/cafebarbantia.barbantia.es\/wp-content\/uploads\/2014\/04\/a-cidade-branca.jpg\"><img decoding=\"async\" loading=\"lazy\" class=\"alignright size-medium wp-image-1113\" alt=\"a cidade branca\" src=\"http:\/\/cafebarbantia.barbantia.es\/wp-content\/uploads\/2014\/04\/a-cidade-branca-300x225.jpg\" width=\"300\" height=\"225\" srcset=\"https:\/\/cafebarbantia.barbantia.es\/wp-content\/uploads\/2014\/04\/a-cidade-branca-300x225.jpg 300w, https:\/\/cafebarbantia.barbantia.es\/wp-content\/uploads\/2014\/04\/a-cidade-branca.jpg 571w\" sizes=\"(max-width: 300px) 100vw, 300px\" \/><\/a>Xerardo AgraFoxo<\/strong><\/em>.\u00a0Cami\u00f1o do sur, entre o mar aberto e un outeiro suave, existe unha cidade erguida sobre un cantil. Conta cunhas murallas ameadas e uns can\u00f3ns que espreitan a ba\u00eda cos seus ollos desafiantes.\u00a0 Os seus barcos, perseguidos polas gaivotas, ancoran coas velas esfia\u00f1adas nun peirao onde os mari\u00f1eiros desembarcan anchoas e sardi\u00f1as. \u00a0Ten ademais d\u00faas fortalezas, un arrabalde xudeu de r\u00faas estreitas, <!--more-->unha medina azul \u2013ateigada de tendas de artesan\u00eda\u2013 e prazas onde se citan m\u00fasicos, curandeiros e contacontos.<\/p>\n<p style=\"text-align: justify;\">Nos cincuenta, despois de que Orson Welles rodase nos seus muros <i>Otelo<\/i>, converteuse no abeiro de cin\u00e9filos. Logo de asentarse nunha aldea veci\u00f1a un guitarrista chamado Jimi Hendrix e uns anos m\u00e1is tarde un tal Bob Marley, \u00a0virou nun santuario para os amantes da psicodelia e as emoci\u00f3ns fortes, \u201cperegrinos\u201d que apenas mudaron a \u00a0faciana\u00a0 e \u00a0os costumes do lugar. Pero, ultimamente, a cidade perdida cami\u00f1o do sur, sofre unha invasi\u00f3n m\u00e1is profunda e, talvez, irreversible. Riadas de mozos de cabelos louros, rapaces de mirada alegre e figura atl\u00e9tica, baixan cada ver\u00e1n cunha teima tatuada na cabeza: \u00a0o vento.<\/p>\n<p style=\"text-align: justify;\">\u00a0Dende a chegada destes afoutados \u201cwindsurfistas\u201d, a cidade semella un enclave irreco\u00f1ecible. Xa descubriches o seu nome? Mellor que non! En lugar dunha imaxe de postal,\u00a0 conf\u00f3rmate \u2013pois\u2013 con esta m\u00e1is coti\u00e1.<\/p>\n","protected":false},"excerpt":{"rendered":"<p>Xerardo AgraFoxo.\u00a0Cami\u00f1o do sur, entre o mar aberto e un outeiro suave, existe unha cidade erguida sobre un cantil. Conta cunhas murallas ameadas e uns can\u00f3ns que espreitan a ba\u00eda cos seus ollos desafiantes.\u00a0 Os seus barcos, perseguidos polas gaivotas, ancoran coas velas esfia\u00f1adas nun peirao onde os mari\u00f1eiros desembarcan anchoas e sardi\u00f1as. \u00a0Ten ademais &hellip; <a href=\"https:\/\/cafebarbantia.barbantia.es\/?p=1112\" class=\"more-link\">Seguir lendo <span class=\"screen-reader-text\">A cidade branca<\/span> <span class=\"meta-nav\">&rarr;<\/span><\/a><\/p>\n","protected":false},"author":1,"featured_media":0,"comment_status":"open","ping_status":"closed","sticky":false,"template":"","format":"standard","meta":{"_bbp_topic_count":0,"_bbp_reply_count":0,"_bbp_total_topic_count":0,"_bbp_total_reply_count":0,"_bbp_voice_count":0,"_bbp_anonymous_reply_count":0,"_bbp_topic_count_hidden":0,"_bbp_reply_count_hidden":0,"_bbp_forum_subforum_count":0,"_exactmetrics_skip_tracking":false,"_exactmetrics_sitenote_active":false,"_exactmetrics_sitenote_note":"","_exactmetrics_sitenote_category":0,"_monsterinsights_skip_tracking":false,"_monsterinsights_sitenote_active":false,"_monsterinsights_sitenote_note":"","_monsterinsights_sitenote_category":0},"categories":[9,22,21],"tags":[],"aioseo_notices":[],"_links":{"self":[{"href":"https:\/\/cafebarbantia.barbantia.es\/index.php?rest_route=\/wp\/v2\/posts\/1112"}],"collection":[{"href":"https:\/\/cafebarbantia.barbantia.es\/index.php?rest_route=\/wp\/v2\/posts"}],"about":[{"href":"https:\/\/cafebarbantia.barbantia.es\/index.php?rest_route=\/wp\/v2\/types\/post"}],"author":[{"embeddable":true,"href":"https:\/\/cafebarbantia.barbantia.es\/index.php?rest_route=\/wp\/v2\/users\/1"}],"replies":[{"embeddable":true,"href":"https:\/\/cafebarbantia.barbantia.es\/index.php?rest_route=%2Fwp%2Fv2%2Fcomments&post=1112"}],"version-history":[{"count":2,"href":"https:\/\/cafebarbantia.barbantia.es\/index.php?rest_route=\/wp\/v2\/posts\/1112\/revisions"}],"predecessor-version":[{"id":1185,"href":"https:\/\/cafebarbantia.barbantia.es\/index.php?rest_route=\/wp\/v2\/posts\/1112\/revisions\/1185"}],"wp:attachment":[{"href":"https:\/\/cafebarbantia.barbantia.es\/index.php?rest_route=%2Fwp%2Fv2%2Fmedia&parent=1112"}],"wp:term":[{"taxonomy":"category","embeddable":true,"href":"https:\/\/cafebarbantia.barbantia.es\/index.php?rest_route=%2Fwp%2Fv2%2Fcategories&post=1112"},{"taxonomy":"post_tag","embeddable":true,"href":"https:\/\/cafebarbantia.barbantia.es\/index.php?rest_route=%2Fwp%2Fv2%2Ftags&post=1112"}],"curies":[{"name":"wp","href":"https:\/\/api.w.org\/{rel}","templated":true}]}}