{"id":11219,"date":"2019-11-29T06:00:23","date_gmt":"2019-11-29T06:00:23","guid":{"rendered":"http:\/\/cafebarbantia.barbantia.es\/?p=11219"},"modified":"2019-11-17T16:24:59","modified_gmt":"2019-11-17T16:24:59","slug":"narrador-e-biografo-de-rianxo","status":"publish","type":"post","link":"https:\/\/cafebarbantia.barbantia.es\/?p=11219","title":{"rendered":"Narrador e bi\u00f3grafo de Rianxo"},"content":{"rendered":"<figure id=\"attachment_11220\" aria-describedby=\"caption-attachment-11220\" style=\"width: 300px\" class=\"wp-caption alignright\"><a href=\"http:\/\/cafebarbantia.barbantia.es\/wp-content\/uploads\/2019\/09\/BS27P1F1_224539.jpg\"><img decoding=\"async\" loading=\"lazy\" class=\"size-medium wp-image-11220\" alt=\"Foto: Marcos Creo\" src=\"http:\/\/cafebarbantia.barbantia.es\/wp-content\/uploads\/2019\/09\/BS27P1F1_224539-300x169.jpg\" width=\"300\" height=\"169\" srcset=\"https:\/\/cafebarbantia.barbantia.es\/wp-content\/uploads\/2019\/09\/BS27P1F1_224539-300x169.jpg 300w, https:\/\/cafebarbantia.barbantia.es\/wp-content\/uploads\/2019\/09\/BS27P1F1_224539-1024x576.jpg 1024w, https:\/\/cafebarbantia.barbantia.es\/wp-content\/uploads\/2019\/09\/BS27P1F1_224539-900x507.jpg 900w, https:\/\/cafebarbantia.barbantia.es\/wp-content\/uploads\/2019\/09\/BS27P1F1_224539.jpg 1278w\" sizes=\"(max-width: 300px) 100vw, 300px\" \/><\/a><figcaption id=\"caption-attachment-11220\" class=\"wp-caption-text\">Foto: Marcos Creo<\/figcaption><\/figure>\n<p style=\"text-align: justify;\"><em><strong>Pastor Rodr\u00edguez.\u00a0<\/strong><\/em>Xos\u00e9 Ricardo Losada, nacido en Rianxo en 1961, profesor de Filosof\u00eda no ensino medio, colaborador de La Voz de Galicia e da revista noiesa <em>Alameda<\/em>, no ano 2005 publicou un libro de relatos, <em>O xene da chuvia<\/em>, onde xa se manifestaba a s\u00faa mirada diferente e orixinal.<!--more--><\/p>\n<p style=\"text-align: justify;\">Dedicado \u00e1 biograf\u00eda, tam\u00e9n neste x\u00e9nero conseguiu outra forma orixinal de enfrontarse \u00e1 vida e \u00e1 obra das personalidades literarias que mereceron a s\u00faa atenci\u00f3n. No ano 2013 compilou a obra do poeta de Isorna, Faustino Rey Romero: <em>Faustino Rey Romero: obra po\u00e9tica e teol\u00f3xica <\/em>(Galaxia). En 2015 publica <em>Faustino Rey Romero. Un evanxeo bufo <\/em>(Vigo, Xerais).<\/p>\n<div id=\"6TEXTO_DETALLEad_RobaPaginasMobile-id\" itemscope=\"\" itemtype=\"https:\/\/schema.org\/WPAdBlock\" style=\"text-align: justify;\" data-ads=\"true\" data-url=\"\/4900\/webm.EXT.LAVOZDEGALICIA\/galicia\/barbanza\" data-mapping=\"ROBAMOBILE\" data-sizes=\"[[300,600],[300,250]]\" data-param=\"pos\" data-format=\"mobile\" data-targeting=\"robapaginas\">No ano 2017 volve \u00e1 narrativa coa novela <em>B\u00f3tame deste mar f\u00f3ra<\/em> (Noia, Toxosoutos), onde interese e humor combinan nunha orixinal urdime narrativa.<\/div>\n<div style=\"text-align: justify;\"><\/div>\n<p style=\"text-align: justify;\">En 2018 edita <em>Manuel Antonio. Vida e misterio dun poeta galego <\/em>(Vigo, Galaxia), para deitar unha interpretaci\u00f3n persoal e orixinal sobre un dos grandes enigmas da poes\u00eda galega, o poemario <em>De catro a catro<\/em> (1928), o libro por antonomasia da vangarda galega. A trav\u00e9s da literatura quere o bi\u00f3grafo dilucidar as caracter\u00edsticas vitais do poeta, m\u00e1is al\u00e1 do mito.<\/p>\n<p style=\"text-align: justify;\">No ano 2008 compilou o volume <em>Dez anos de poes\u00eda<\/em>. Premio Faustino Rey Romero, para o concello de Rianxo. \u00c9, ademais, colaborador de <em>Barbantia. Anuario de Estudos do Barbanza<\/em> e doutras revistas culturais, ademais dun dos membros m\u00e1is activos do blog literario Cafebarbantia.<\/p>\n<div id=\"ad_Roba2Desktop\" itemscope=\"\" itemtype=\"https:\/\/schema.org\/WPAdBlock\" style=\"text-align: justify;\" data-url=\"\/2260323\/LVDG.Desktop\/barbanza\/rianxo\" data-mapping=\"VOZ_ROBA_DESKTOP\" data-sizes=\"[[300,250],[300,300],[300,600],'fluid']\" data-param=\"pos\" data-format=\"normal\" data-targeting=\"Roba2\" data-google-query-id=\"CNOn58SM8eQCFc0QGwodA7gGpw\">Resultou ga\u00f1ador do Premio Viadutos de Novela 2019 do Concello de Redondela coa novela <em>A casa xunto ao volc\u00e1n<\/em>, que ser\u00e1 editada pola editorial Galaxia.<\/div>\n","protected":false},"excerpt":{"rendered":"<p>Pastor Rodr\u00edguez.\u00a0Xos\u00e9 Ricardo Losada, nacido en Rianxo en 1961, profesor de Filosof\u00eda no ensino medio, colaborador de La Voz de Galicia e da revista noiesa Alameda, no ano 2005 publicou un libro de relatos, O xene da chuvia, onde xa se manifestaba a s\u00faa mirada diferente e orixinal.<\/p>\n","protected":false},"author":1,"featured_media":0,"comment_status":"open","ping_status":"closed","sticky":false,"template":"","format":"standard","meta":{"_bbp_topic_count":0,"_bbp_reply_count":0,"_bbp_total_topic_count":0,"_bbp_total_reply_count":0,"_bbp_voice_count":0,"_bbp_anonymous_reply_count":0,"_bbp_topic_count_hidden":0,"_bbp_reply_count_hidden":0,"_bbp_forum_subforum_count":0,"_exactmetrics_skip_tracking":false,"_exactmetrics_sitenote_active":false,"_exactmetrics_sitenote_note":"","_exactmetrics_sitenote_category":0,"_monsterinsights_skip_tracking":false,"_monsterinsights_sitenote_active":false,"_monsterinsights_sitenote_note":"","_monsterinsights_sitenote_category":0},"categories":[7,9,37],"tags":[],"aioseo_notices":[],"_links":{"self":[{"href":"https:\/\/cafebarbantia.barbantia.es\/index.php?rest_route=\/wp\/v2\/posts\/11219"}],"collection":[{"href":"https:\/\/cafebarbantia.barbantia.es\/index.php?rest_route=\/wp\/v2\/posts"}],"about":[{"href":"https:\/\/cafebarbantia.barbantia.es\/index.php?rest_route=\/wp\/v2\/types\/post"}],"author":[{"embeddable":true,"href":"https:\/\/cafebarbantia.barbantia.es\/index.php?rest_route=\/wp\/v2\/users\/1"}],"replies":[{"embeddable":true,"href":"https:\/\/cafebarbantia.barbantia.es\/index.php?rest_route=%2Fwp%2Fv2%2Fcomments&post=11219"}],"version-history":[{"count":1,"href":"https:\/\/cafebarbantia.barbantia.es\/index.php?rest_route=\/wp\/v2\/posts\/11219\/revisions"}],"predecessor-version":[{"id":11221,"href":"https:\/\/cafebarbantia.barbantia.es\/index.php?rest_route=\/wp\/v2\/posts\/11219\/revisions\/11221"}],"wp:attachment":[{"href":"https:\/\/cafebarbantia.barbantia.es\/index.php?rest_route=%2Fwp%2Fv2%2Fmedia&parent=11219"}],"wp:term":[{"taxonomy":"category","embeddable":true,"href":"https:\/\/cafebarbantia.barbantia.es\/index.php?rest_route=%2Fwp%2Fv2%2Fcategories&post=11219"},{"taxonomy":"post_tag","embeddable":true,"href":"https:\/\/cafebarbantia.barbantia.es\/index.php?rest_route=%2Fwp%2Fv2%2Ftags&post=11219"}],"curies":[{"name":"wp","href":"https:\/\/api.w.org\/{rel}","templated":true}]}}