{"id":11392,"date":"2020-05-02T06:00:56","date_gmt":"2020-05-02T06:00:56","guid":{"rendered":"http:\/\/cafebarbantia.barbantia.es\/?p=11392"},"modified":"2020-05-02T09:02:41","modified_gmt":"2020-05-02T09:02:41","slug":"decidiramos-sair-a-rua","status":"publish","type":"post","link":"https:\/\/cafebarbantia.barbantia.es\/?p=11392","title":{"rendered":"Decidiramos sa\u00edr \u00e1 r\u00faa"},"content":{"rendered":"<p style=\"text-align: justify;\"><em><strong><a href=\"http:\/\/cafebarbantia.barbantia.es\/wp-content\/uploads\/2019\/11\/Fio-de-Ariadna-Laura.jpg\"><img decoding=\"async\" loading=\"lazy\" class=\"size-medium wp-image-11542 alignleft\" alt=\"Fio de Ariadna Laura\" src=\"http:\/\/cafebarbantia.barbantia.es\/wp-content\/uploads\/2019\/11\/Fio-de-Ariadna-Laura-300x225.jpg\" width=\"300\" height=\"225\" srcset=\"https:\/\/cafebarbantia.barbantia.es\/wp-content\/uploads\/2019\/11\/Fio-de-Ariadna-Laura-300x225.jpg 300w, https:\/\/cafebarbantia.barbantia.es\/wp-content\/uploads\/2019\/11\/Fio-de-Ariadna-Laura-1024x768.jpg 1024w, https:\/\/cafebarbantia.barbantia.es\/wp-content\/uploads\/2019\/11\/Fio-de-Ariadna-Laura-900x675.jpg 900w\" sizes=\"(max-width: 300px) 100vw, 300px\" \/><\/a>Laura Dalama Veiga.\u00a0<\/strong><\/em>Decidiramos sa\u00edr \u00e1 r\u00faa a perdernos. O ceo parec\u00eda entender e, case coma se fose algo premeditado, conxugou co noso estado de \u00e1nimo: de cor gris azulada cun ton indefinido pero definitivamente triste e aflixido, cargado de nubeiros que imped\u00edan contemplar unha sa\u00edda e con sons que ameazaban con deixar caer as b\u00e1goas que precederon o diluvio universal.<!--more--><\/p>\n<p style=\"text-align: justify;\">Decidiramos sa\u00edr \u00e1 r\u00faa a perdernos posto que calquera sitio semellaba mellor que aquela casa. Cos nosos pasos, percorremos as estradas pouco coidadas dunha aldea case abandonada e demos voltas e voltas arredor dos mesmos edificios, sempre buscando unha escusa para non volver. \u00c1s veces, atopabamos unha \u00e1rbore cunha forma peculiar e iso d\u00e1banos cinco minutos m\u00e1is; outras, un ourizo ca\u00eddo permit\u00edanos buscar por casta\u00f1as durante dez minutos. As\u00ed, pasamos a tarde observando o ceo, falando dos muros que ca\u00edan e das hortas que xa non cultivaban nada e buscando entre as pedras m\u00e1is historias agochadas que nos deixasen esquecer a nosa propia. Pero o ceo deixou de entender, as nubes pareceron aliarse cos outros para que a l\u00faa se perdese entre a escuridade, e a tarde deu paso \u00e1 noite.<\/p>\n<p style=\"text-align: justify;\">Decidiramos sa\u00edr \u00e1 r\u00faa a perdernos posto que calquera sitio semellaba mellor que aquela casa, pero chegara a hora de volver.<\/p>\n","protected":false},"excerpt":{"rendered":"<p>Laura Dalama Veiga.\u00a0Decidiramos sa\u00edr \u00e1 r\u00faa a perdernos. O ceo parec\u00eda entender e, case coma se fose algo premeditado, conxugou co noso estado de \u00e1nimo: de cor gris azulada cun ton indefinido pero definitivamente triste e aflixido, cargado de nubeiros que imped\u00edan contemplar unha sa\u00edda e con sons que ameazaban con deixar caer as b\u00e1goas &hellip; <a href=\"https:\/\/cafebarbantia.barbantia.es\/?p=11392\" class=\"more-link\">Seguir lendo <span class=\"screen-reader-text\">Decidiramos sa\u00edr \u00e1 r\u00faa<\/span> <span class=\"meta-nav\">&rarr;<\/span><\/a><\/p>\n","protected":false},"author":1,"featured_media":0,"comment_status":"open","ping_status":"closed","sticky":false,"template":"","format":"standard","meta":{"_bbp_topic_count":0,"_bbp_reply_count":0,"_bbp_total_topic_count":0,"_bbp_total_reply_count":0,"_bbp_voice_count":0,"_bbp_anonymous_reply_count":0,"_bbp_topic_count_hidden":0,"_bbp_reply_count_hidden":0,"_bbp_forum_subforum_count":0,"_exactmetrics_skip_tracking":false,"_exactmetrics_sitenote_active":false,"_exactmetrics_sitenote_note":"","_exactmetrics_sitenote_category":0,"_monsterinsights_skip_tracking":false,"_monsterinsights_sitenote_active":false,"_monsterinsights_sitenote_note":"","_monsterinsights_sitenote_category":0},"categories":[32,97,9],"tags":[],"aioseo_notices":[],"_links":{"self":[{"href":"https:\/\/cafebarbantia.barbantia.es\/index.php?rest_route=\/wp\/v2\/posts\/11392"}],"collection":[{"href":"https:\/\/cafebarbantia.barbantia.es\/index.php?rest_route=\/wp\/v2\/posts"}],"about":[{"href":"https:\/\/cafebarbantia.barbantia.es\/index.php?rest_route=\/wp\/v2\/types\/post"}],"author":[{"embeddable":true,"href":"https:\/\/cafebarbantia.barbantia.es\/index.php?rest_route=\/wp\/v2\/users\/1"}],"replies":[{"embeddable":true,"href":"https:\/\/cafebarbantia.barbantia.es\/index.php?rest_route=%2Fwp%2Fv2%2Fcomments&post=11392"}],"version-history":[{"count":3,"href":"https:\/\/cafebarbantia.barbantia.es\/index.php?rest_route=\/wp\/v2\/posts\/11392\/revisions"}],"predecessor-version":[{"id":12132,"href":"https:\/\/cafebarbantia.barbantia.es\/index.php?rest_route=\/wp\/v2\/posts\/11392\/revisions\/12132"}],"wp:attachment":[{"href":"https:\/\/cafebarbantia.barbantia.es\/index.php?rest_route=%2Fwp%2Fv2%2Fmedia&parent=11392"}],"wp:term":[{"taxonomy":"category","embeddable":true,"href":"https:\/\/cafebarbantia.barbantia.es\/index.php?rest_route=%2Fwp%2Fv2%2Fcategories&post=11392"},{"taxonomy":"post_tag","embeddable":true,"href":"https:\/\/cafebarbantia.barbantia.es\/index.php?rest_route=%2Fwp%2Fv2%2Ftags&post=11392"}],"curies":[{"name":"wp","href":"https:\/\/api.w.org\/{rel}","templated":true}]}}