{"id":11394,"date":"2019-11-26T06:00:21","date_gmt":"2019-11-26T06:00:21","guid":{"rendered":"http:\/\/cafebarbantia.barbantia.es\/?p=11394"},"modified":"2019-11-05T08:32:43","modified_gmt":"2019-11-05T08:32:43","slug":"seneca-connosco","status":"publish","type":"post","link":"https:\/\/cafebarbantia.barbantia.es\/?p=11394","title":{"rendered":"S\u00e9neca connosco"},"content":{"rendered":"<p align=\"justify\"><a href=\"http:\/\/cafebarbantia.barbantia.es\/wp-content\/uploads\/2019\/11\/cub_consolacions_web.jpg\"><img decoding=\"async\" loading=\"lazy\" class=\"alignleft size-medium wp-image-11395\" alt=\"cub_consolacions_web\" src=\"http:\/\/cafebarbantia.barbantia.es\/wp-content\/uploads\/2019\/11\/cub_consolacions_web-184x300.jpg\" width=\"184\" height=\"300\" srcset=\"https:\/\/cafebarbantia.barbantia.es\/wp-content\/uploads\/2019\/11\/cub_consolacions_web-184x300.jpg 184w, https:\/\/cafebarbantia.barbantia.es\/wp-content\/uploads\/2019\/11\/cub_consolacions_web.jpg 276w\" sizes=\"(max-width: 184px) 100vw, 184px\" \/><\/a><em><strong>Rom\u00e1n Ar\u00e9n.\u00a0<\/strong><\/em>Lucio Anneo S\u00e9neca (4 a. C.- 65 d. C) \u00e9 un dos autores fundamentais da Idade de Prata de Roma, o que o situou por detr\u00e1s dos autores da idade dourada (Virxilio, Horacio, Cicer\u00f3n, Ovidio\u2026). Pero o seu influxo foi moi importante na cultura occidental a trav\u00e9s do estoicismo, filosof\u00eda da que foi o gran mediador, m\u00e1is ca un construtor dun sistema filos\u00f3fico. Disc\u00edpulo de Fabiano, do pitag\u00f3rico Soci\u00f3n de Alexandr\u00eda, pero, sobre todo, de \u00c1talo, de quen tomou a liberdade para acoller todo o bo que tivesen outras escolas f\u00f3ra do estoicismo. Viviu moitas vidas: pol\u00edtico, orador, exiliado, mestre de Ner\u00f3n, especulador\u2026 Pero a s\u00faa prosa segue a interpelarnos.<!--more--> O gran patr\u00f3n de Roma non deixou nunca de escribir e tentar de perfeccionarse a si mesmo, e tivo a desgraza (ou a sorte?) de que a s\u00faa morte, como a de S\u00f3crates, fose un verdadeiro mito da cultura occidental.<\/p>\n<p align=\"justify\"><a name=\"_GoBack\"><\/a> Isabel Santos Davila, profesora de lat\u00edn na Pobra do Carami\u00f1al, amosa agora para os galegos d\u00faas das tres consolaci\u00f3ns que S\u00e9neca escribiu, cun axeitado pr\u00f3logo, para que desfrutemos dun x\u00e9nero literario que naceu en Grecia e que os ret\u00f3ricos fixaron en Roma. Galego axustado e claro, estas edici\u00f3ns son chaves axeitadas para acercarnos aos cl\u00e1sicos \u2013os nosos contempor\u00e1neos a\u00ednda\u2013, dos que aprender.<\/p>\n<p><i><b>S\u00c9NECA: Consolaci\u00f3n a Marcia; Consolaci\u00f3n a Helvia<\/b><\/i><\/p>\n<p>Cangas do Morrazo, Rinoceronte, 2019, 135 pp.<\/p>\n<p>Traduci\u00f3n, introduci\u00f3n e notas de <b>Isabel Santos Davila<\/b><\/p>\n","protected":false},"excerpt":{"rendered":"<p>Rom\u00e1n Ar\u00e9n.\u00a0Lucio Anneo S\u00e9neca (4 a. C.- 65 d. C) \u00e9 un dos autores fundamentais da Idade de Prata de Roma, o que o situou por detr\u00e1s dos autores da idade dourada (Virxilio, Horacio, Cicer\u00f3n, Ovidio\u2026). Pero o seu influxo foi moi importante na cultura occidental a trav\u00e9s do estoicismo, filosof\u00eda da que foi o &hellip; <a href=\"https:\/\/cafebarbantia.barbantia.es\/?p=11394\" class=\"more-link\">Seguir lendo <span class=\"screen-reader-text\">S\u00e9neca connosco<\/span> <span class=\"meta-nav\">&rarr;<\/span><\/a><\/p>\n","protected":false},"author":1,"featured_media":0,"comment_status":"open","ping_status":"closed","sticky":false,"template":"","format":"standard","meta":{"_bbp_topic_count":0,"_bbp_reply_count":0,"_bbp_total_topic_count":0,"_bbp_total_reply_count":0,"_bbp_voice_count":0,"_bbp_anonymous_reply_count":0,"_bbp_topic_count_hidden":0,"_bbp_reply_count_hidden":0,"_bbp_forum_subforum_count":0,"_exactmetrics_skip_tracking":false,"_exactmetrics_sitenote_active":false,"_exactmetrics_sitenote_note":"","_exactmetrics_sitenote_category":0,"_monsterinsights_skip_tracking":false,"_monsterinsights_sitenote_active":false,"_monsterinsights_sitenote_note":"","_monsterinsights_sitenote_category":0},"categories":[7,28],"tags":[],"aioseo_notices":[],"_links":{"self":[{"href":"https:\/\/cafebarbantia.barbantia.es\/index.php?rest_route=\/wp\/v2\/posts\/11394"}],"collection":[{"href":"https:\/\/cafebarbantia.barbantia.es\/index.php?rest_route=\/wp\/v2\/posts"}],"about":[{"href":"https:\/\/cafebarbantia.barbantia.es\/index.php?rest_route=\/wp\/v2\/types\/post"}],"author":[{"embeddable":true,"href":"https:\/\/cafebarbantia.barbantia.es\/index.php?rest_route=\/wp\/v2\/users\/1"}],"replies":[{"embeddable":true,"href":"https:\/\/cafebarbantia.barbantia.es\/index.php?rest_route=%2Fwp%2Fv2%2Fcomments&post=11394"}],"version-history":[{"count":2,"href":"https:\/\/cafebarbantia.barbantia.es\/index.php?rest_route=\/wp\/v2\/posts\/11394\/revisions"}],"predecessor-version":[{"id":11397,"href":"https:\/\/cafebarbantia.barbantia.es\/index.php?rest_route=\/wp\/v2\/posts\/11394\/revisions\/11397"}],"wp:attachment":[{"href":"https:\/\/cafebarbantia.barbantia.es\/index.php?rest_route=%2Fwp%2Fv2%2Fmedia&parent=11394"}],"wp:term":[{"taxonomy":"category","embeddable":true,"href":"https:\/\/cafebarbantia.barbantia.es\/index.php?rest_route=%2Fwp%2Fv2%2Fcategories&post=11394"},{"taxonomy":"post_tag","embeddable":true,"href":"https:\/\/cafebarbantia.barbantia.es\/index.php?rest_route=%2Fwp%2Fv2%2Ftags&post=11394"}],"curies":[{"name":"wp","href":"https:\/\/api.w.org\/{rel}","templated":true}]}}