{"id":11481,"date":"2019-11-30T06:00:13","date_gmt":"2019-11-30T06:00:13","guid":{"rendered":"http:\/\/cafebarbantia.barbantia.es\/?p=11481"},"modified":"2019-11-25T22:05:29","modified_gmt":"2019-11-25T22:05:29","slug":"marie-laforet-vitima-dun-crime","status":"publish","type":"post","link":"https:\/\/cafebarbantia.barbantia.es\/?p=11481","title":{"rendered":"Marie Lafor\u00eat, v\u00edtima dun crime"},"content":{"rendered":"<p lang=\"pt-PT\" align=\"justify\"><span style=\"font-size: large;\"><span style=\"font-family: 'Times New Roman', serif;\"><a href=\"http:\/\/cafebarbantia.barbantia.es\/wp-content\/uploads\/2019\/11\/descarga1.jpg\"><img decoding=\"async\" loading=\"lazy\" class=\"alignleft size-full wp-image-11482\" alt=\"descarga\" src=\"http:\/\/cafebarbantia.barbantia.es\/wp-content\/uploads\/2019\/11\/descarga1.jpg\" width=\"259\" height=\"194\" \/><\/a><em><strong>Fidel Vidal.\u00a0<\/strong><\/em>O dous de novembro deste 2019 faleceu Marie Lafor\u00eat aos oitenta anos de idade. Non podo sen\u00f3n lembrar que nos meus anos de mocidade e adolescencia foi unha icona da muller fermosa de quen todos ficamos namorados; a imaxe ideal, mesmo no sentido relixioso, de adoraci\u00f3n, pois falamos dunha imaxe<!--more-->, neste caso dunha imaxe en movemento e con voz dun filme que deixou pegada, <\/span><span style=\"font-family: 'Times New Roman', serif;\"><i>A pleno sol,<\/i><\/span><span style=\"font-family: 'Times New Roman', serif;\"> dirixido por Ren\u00e9 Cl\u00e9ment, e interpretado ademais de Marie Lafor\u00eat, por Alain Delon e Maurice Ron\u00e9. Tiveron que pasar corenta anos para que \u201ca nena dos ollos dourados\u201d, indignada ante a proliferaci\u00f3n de esc\u00e1ndalos pederastas\u201d, decidira falar do pesadelo que \u201catormentou toda a s\u00faa vida\u201d. <\/span><\/span><\/p>\n<p lang=\"pt-PT\" align=\"justify\"><span style=\"font-size: large;\"><span style=\"font-family: 'Times New Roman', serif;\">A violaci\u00f3n non s\u00f3 se enmarca no \u00e1mbito do inesperado sen\u00f3n e sobre todo no do impensable. Desde o punto de vista psicol\u00f3xico -exista ou non penetraci\u00f3n-, tr\u00e1tase dun acto de violencia. No caso dos pederastas eng\u00e1dese o poder que te\u00f1en sobre o menor tanto f\u00edsica como moralmente. Lembremos ao respecto os abusos nos internados en colexios de curas, sen esquecer que tama\u00f1as perversi\u00f3ns tam\u00e9n se dan dentro da esfera familiar ou por \u00edntimas amizades valoradas <\/span><span style=\"font-family: 'Times New Roman', serif;\"><i>como da familia<\/i><\/span><span style=\"font-family: 'Times New Roman', serif;\">. Para a nosa sorpresa e desgraza vela\u00ed por onde se move maiormente o perfil daqueles que cometen tan desalmados crimes como \u00e9 o de rachar a inocencia dun corpo infantil e indefenso. <\/span><\/span><\/p>\n<p lang=\"pt-PT\" align=\"justify\"><span style=\"font-family: 'Times New Roman', serif; font-size: large;\">Os nenos e as nenas v\u00edtimas de tal ignominia fechan a boca e mesmo permanecen mudos, sen palabras, ante o asombro e a dor que o suceso causa nas criaturas. O p\u00e1nico e o medo moitas veces advertido por ameazas do violador. E soportan ese enorme peso at\u00e9 que un bo d\u00eda son capaces de vomitalo. Por iso mesmo, por non ser quen de o dicir, vai engadirse ao sufrimento un novo padecer: o sentimento de culpa, cando unicamente son pura inocencia. Nunha entrevista con Philippe Berti, Marie Lafor\u00eat revelou que fora violada aos tres anos de idade por un veci\u00f1o elegante amigo dos seus pais. <\/span><\/p>\n<p lang=\"pt-PT\" align=\"justify\"><span style=\"font-size: large;\"><a href=\"http:\/\/cafebarbantia.barbantia.es\/wp-content\/uploads\/2019\/11\/616pujxDJgL._SX355_.jpg\"><img decoding=\"async\" loading=\"lazy\" class=\"alignright size-medium wp-image-11483\" alt=\"616pujxDJgL._SX355_\" src=\"http:\/\/cafebarbantia.barbantia.es\/wp-content\/uploads\/2019\/11\/616pujxDJgL._SX355_-300x297.jpg\" width=\"300\" height=\"297\" srcset=\"https:\/\/cafebarbantia.barbantia.es\/wp-content\/uploads\/2019\/11\/616pujxDJgL._SX355_-300x297.jpg 300w, https:\/\/cafebarbantia.barbantia.es\/wp-content\/uploads\/2019\/11\/616pujxDJgL._SX355_-150x150.jpg 150w, https:\/\/cafebarbantia.barbantia.es\/wp-content\/uploads\/2019\/11\/616pujxDJgL._SX355_-144x144.jpg 144w, https:\/\/cafebarbantia.barbantia.es\/wp-content\/uploads\/2019\/11\/616pujxDJgL._SX355_.jpg 355w\" sizes=\"(max-width: 300px) 100vw, 300px\" \/><\/a>\u201c<span style=\"font-family: 'Times New Roman', serif;\">Toda a mi\u00f1a vida carguei con isto\u201d.\u00a0\u201cQuizais \u00e9 por iso que non falo ao respecto con detalle.\u00a0Porque supuxo un estado de culpa e de problemas durante tanto tempo &#8230;\u201d Un dia, de s\u00fapeto, como un flash, reviviu a escena, e foi quen de \u201cexteriorizar todas estas imaxes dolorosas que sa\u00edron de min. De a\u00ed a importancia de poder falar cando unha sufriu experiencia semellante\u201d. E recordou. \u201cA mi\u00f1a mente volveu \u00e1 escena do crime, atr\u00e9vome a dicir. E al\u00ed recordei o nome do cabaleiro, o cuarto, a cor dos seus pantal\u00f3ns, o seu aspecto f\u00edsico. Recordaba todo absolutamente. O que me provocou unha crise de pranto que durou tres d\u00edas e tres noites\u201d.<\/span><\/span><\/p>\n<p lang=\"pt-PT\" align=\"justify\"><span style=\"font-size: large;\"><span style=\"font-family: 'Times New Roman', serif;\">O m\u00e1is revelador da entrevista \u00e9 cando Berti lle expresa que o sucedido foi un crime contra unha nena. Ao que, dun xeito altamente esclarecedor Marie Lafor\u00eat responde: \u201c\u00c9 un crime (\u2026) Primeiro, est\u00e1 o feito insoportable de lle impor algo contra a s\u00faa vontade. Pero hai unha violencia a\u00ednda m\u00e1is complexa e insidiosa. Debe entenderse: o primeiro d\u00eda que o home veu ao meu cuarto, pensei que era unha boa visita (\u2026) At\u00e9 que me din de conta que era un asalto. Ent\u00f3n gritei e o home colleu a almofada para afogarme. Vendo que a mi\u00f1a vida estaba en perigo, decid\u00edn calar. De a\u00ed naceu a mi\u00f1a culpa. A elecci\u00f3n da impureza\u2026 Como se houbese conivencia.\u201d (<\/span><span style=\"font-family: 'Times New Roman', serif;\"><i>Par\u00eds Match<\/i><\/span><span style=\"font-family: 'Times New Roman', serif;\">, 21 xaneiro 1998).<\/span><\/span><\/p>\n","protected":false},"excerpt":{"rendered":"<p>Fidel Vidal.\u00a0O dous de novembro deste 2019 faleceu Marie Lafor\u00eat aos oitenta anos de idade. Non podo sen\u00f3n lembrar que nos meus anos de mocidade e adolescencia foi unha icona da muller fermosa de quen todos ficamos namorados; a imaxe ideal, mesmo no sentido relixioso, de adoraci\u00f3n, pois falamos dunha imaxe<\/p>\n","protected":false},"author":1,"featured_media":0,"comment_status":"open","ping_status":"closed","sticky":false,"template":"","format":"standard","meta":{"_bbp_topic_count":0,"_bbp_reply_count":0,"_bbp_total_topic_count":0,"_bbp_total_reply_count":0,"_bbp_voice_count":0,"_bbp_anonymous_reply_count":0,"_bbp_topic_count_hidden":0,"_bbp_reply_count_hidden":0,"_bbp_forum_subforum_count":0,"_exactmetrics_skip_tracking":false,"_exactmetrics_sitenote_active":false,"_exactmetrics_sitenote_note":"","_exactmetrics_sitenote_category":0,"_monsterinsights_skip_tracking":false,"_monsterinsights_sitenote_active":false,"_monsterinsights_sitenote_note":"","_monsterinsights_sitenote_category":0},"categories":[6,7,65,8],"tags":[],"aioseo_notices":[],"_links":{"self":[{"href":"https:\/\/cafebarbantia.barbantia.es\/index.php?rest_route=\/wp\/v2\/posts\/11481"}],"collection":[{"href":"https:\/\/cafebarbantia.barbantia.es\/index.php?rest_route=\/wp\/v2\/posts"}],"about":[{"href":"https:\/\/cafebarbantia.barbantia.es\/index.php?rest_route=\/wp\/v2\/types\/post"}],"author":[{"embeddable":true,"href":"https:\/\/cafebarbantia.barbantia.es\/index.php?rest_route=\/wp\/v2\/users\/1"}],"replies":[{"embeddable":true,"href":"https:\/\/cafebarbantia.barbantia.es\/index.php?rest_route=%2Fwp%2Fv2%2Fcomments&post=11481"}],"version-history":[{"count":3,"href":"https:\/\/cafebarbantia.barbantia.es\/index.php?rest_route=\/wp\/v2\/posts\/11481\/revisions"}],"predecessor-version":[{"id":11486,"href":"https:\/\/cafebarbantia.barbantia.es\/index.php?rest_route=\/wp\/v2\/posts\/11481\/revisions\/11486"}],"wp:attachment":[{"href":"https:\/\/cafebarbantia.barbantia.es\/index.php?rest_route=%2Fwp%2Fv2%2Fmedia&parent=11481"}],"wp:term":[{"taxonomy":"category","embeddable":true,"href":"https:\/\/cafebarbantia.barbantia.es\/index.php?rest_route=%2Fwp%2Fv2%2Fcategories&post=11481"},{"taxonomy":"post_tag","embeddable":true,"href":"https:\/\/cafebarbantia.barbantia.es\/index.php?rest_route=%2Fwp%2Fv2%2Ftags&post=11481"}],"curies":[{"name":"wp","href":"https:\/\/api.w.org\/{rel}","templated":true}]}}