{"id":11505,"date":"2020-01-13T06:00:20","date_gmt":"2020-01-13T06:00:20","guid":{"rendered":"http:\/\/cafebarbantia.barbantia.es\/?p=11505"},"modified":"2019-12-19T08:10:56","modified_gmt":"2019-12-19T08:10:56","slug":"noite-de-carta-branca","status":"publish","type":"post","link":"https:\/\/cafebarbantia.barbantia.es\/?p=11505","title":{"rendered":"Noite de \u00abcarta branca\u00bb"},"content":{"rendered":"<p style=\"text-align: justify;\"><em><strong><a href=\"http:\/\/cafebarbantia.barbantia.es\/wp-content\/uploads\/2019\/11\/pexels-photo-1089930.jpeg\"><img decoding=\"async\" loading=\"lazy\" class=\"alignleft size-medium wp-image-11557\" alt=\"pexels-photo-1089930\" src=\"http:\/\/cafebarbantia.barbantia.es\/wp-content\/uploads\/2019\/11\/pexels-photo-1089930-200x300.jpeg\" width=\"200\" height=\"300\" srcset=\"https:\/\/cafebarbantia.barbantia.es\/wp-content\/uploads\/2019\/11\/pexels-photo-1089930-200x300.jpeg 200w, https:\/\/cafebarbantia.barbantia.es\/wp-content\/uploads\/2019\/11\/pexels-photo-1089930-682x1024.jpeg 682w, https:\/\/cafebarbantia.barbantia.es\/wp-content\/uploads\/2019\/11\/pexels-photo-1089930.jpeg 867w\" sizes=\"(max-width: 200px) 100vw, 200px\" \/><\/a>Natividad Rey. <\/strong><\/em>Despois da guerra vi\u00f1eron tempos de arrep\u00edo. D\u00edas onde \u00abaqueles\u00bb que ti\u00f1an \u00abcarta branca\u00bb ou, mellor dito, liberdade para fusilar a quen lle tivesen rabia, pux\u00e9rona en pr\u00e1ctica. Era noite cando a Federico, o chofer da empresa O Rosal, lle deron un \u00faltimo encargo: deb\u00eda levar un cargamento de v\u00edtimas ata o lugar da Paradegua, esperar a que o linchamento acontecese e, logo, axudar a cargar os mortos na parte superior do veh\u00edculo para despois lanzalos \u00e1s cunetas.\u00a0Era \u00e1 noiti\u00f1a cando Federico se dirixiu a onde o citaron. Os reclusos subiron aos tropez\u00f3ns no autob\u00fas, baixo as ordes d\u2019\u00abaqueles\u00bb, e as\u00ed iniciaron a viaxe ao inferno. <!--more-->Cando estaban a piques de chegar, o bus det\u00edvose con varias freadas, apag\u00e1ronse as luces e volv\u00e9ronse prender, simulando que o veh\u00edculo estaba avariado e non pod\u00eda avanzar. Federico abriu as portas do autob\u00fas para ir mirar se era mal das bux\u00edas e, naquel intre, un dos reclusos tivo a afouteza de liscar. Correu canto puido ata acabar perd\u00e9ndose no monte. Os verdugos busc\u00e1rono d\u00eda e noite; mais xamais deron co fuxido.<\/p>\n<p style=\"text-align: justify;\">Pasaran moitos anos desa noite cando a Federico lle tocou ir \u00e1 cidade da Coru\u00f1a. Era hora de xantar e parou nun restaurante que hab\u00eda preto da estrada. Entrou, sentou nunha mesa e, uns minutos despois, o camareiro preguntoulle: \u00abQue vai tomar?\u00bb, e el respondeu: \u00abPrefiro comer. Que hai de men\u00fa?\u00bb O camareiro explicoulle: \u00abPara vostede temos o men\u00fa que queira, pida o que desexe que o vai ter\u00bb. E Federico, pampo, dixo: \u00abQue pida o que queira par\u00e9ceme moito&#8230; mais namentres o penso, p\u00f3\u00f1ame unha cunca de vi\u00f1o\u00bb.<\/p>\n<p style=\"text-align: justify;\">O camareiro retirouse para servilo e, de contando, achegouse a Federico o xerente do restaurante. Sentouse preto del, dic\u00edndolle: \u00abDesculpe o meu atrevemento, pero sempre que ve\u00f1a vostede a este restaurante vai ser o meu cliente m\u00e1is prezado\u00bb. \u00abE logo por que?\u00bb, preguntou Federico. O xerente agarrouno da man e comentoulle: \u00abMire unha cousa, non se lembra de cando levou no bus unha rolda de persoas \u00e1 Paradegua, avari\u00f3uselle o veh\u00edculo, e vostede fixo un xogo de luces?\u00bb.<\/p>\n<div id=\"ad_Roba2Desktop\" itemscope=\"\" itemtype=\"https:\/\/schema.org\/WPAdBlock\" style=\"text-align: justify;\" data-url=\"\/2260323\/LVDG.Desktop\/vigo\/o-rosal\" data-mapping=\"VOZ_ROBA_DESKTOP\" data-sizes=\"[[300,250],[300,300],[300,600],'fluid']\" data-param=\"pos\" data-format=\"normal\" data-targeting=\"Roba2\" data-google-query-id=\"CIObtIiGj-YCFSSlUQod5ioD-Q\"><\/div>\n<p style=\"text-align: justify;\">Federico tensou, e as s\u00faas mans comezaron a tremer. \u00abPor que me conta iso?\u00bb, inquiriu. O xerente teimou: \u00abNon recorda que esa noite fuxiu un?\u00bb E Federico contestou: \u00abNon atoparon nunca ese home, mais eu non tiven culpa, o coche avariouse&#8230;\u00bb.<\/p>\n<p style=\"text-align: justify;\">O xerente ladeou a cabeza, mostrou un sorriso, e d\u00edxolle: \u00abCerto, vostede non tivo culpa ningunha. Aquel fuxido son eu\u00bb.<\/p>\n","protected":false},"excerpt":{"rendered":"<p>Natividad Rey. Despois da guerra vi\u00f1eron tempos de arrep\u00edo. D\u00edas onde \u00abaqueles\u00bb que ti\u00f1an \u00abcarta branca\u00bb ou, mellor dito, liberdade para fusilar a quen lle tivesen rabia, pux\u00e9rona en pr\u00e1ctica. Era noite cando a Federico, o chofer da empresa O Rosal, lle deron un \u00faltimo encargo: deb\u00eda levar un cargamento de v\u00edtimas ata o lugar &hellip; <a href=\"https:\/\/cafebarbantia.barbantia.es\/?p=11505\" class=\"more-link\">Seguir lendo <span class=\"screen-reader-text\">Noite de \u00abcarta branca\u00bb<\/span> <span class=\"meta-nav\">&rarr;<\/span><\/a><\/p>\n","protected":false},"author":1,"featured_media":0,"comment_status":"open","ping_status":"closed","sticky":false,"template":"","format":"standard","meta":{"_bbp_topic_count":0,"_bbp_reply_count":0,"_bbp_total_topic_count":0,"_bbp_total_reply_count":0,"_bbp_voice_count":0,"_bbp_anonymous_reply_count":0,"_bbp_topic_count_hidden":0,"_bbp_reply_count_hidden":0,"_bbp_forum_subforum_count":0,"_exactmetrics_skip_tracking":false,"_exactmetrics_sitenote_active":false,"_exactmetrics_sitenote_note":"","_exactmetrics_sitenote_category":0,"_monsterinsights_skip_tracking":false,"_monsterinsights_sitenote_active":false,"_monsterinsights_sitenote_note":"","_monsterinsights_sitenote_category":0},"categories":[9,89],"tags":[],"aioseo_notices":[],"_links":{"self":[{"href":"https:\/\/cafebarbantia.barbantia.es\/index.php?rest_route=\/wp\/v2\/posts\/11505"}],"collection":[{"href":"https:\/\/cafebarbantia.barbantia.es\/index.php?rest_route=\/wp\/v2\/posts"}],"about":[{"href":"https:\/\/cafebarbantia.barbantia.es\/index.php?rest_route=\/wp\/v2\/types\/post"}],"author":[{"embeddable":true,"href":"https:\/\/cafebarbantia.barbantia.es\/index.php?rest_route=\/wp\/v2\/users\/1"}],"replies":[{"embeddable":true,"href":"https:\/\/cafebarbantia.barbantia.es\/index.php?rest_route=%2Fwp%2Fv2%2Fcomments&post=11505"}],"version-history":[{"count":2,"href":"https:\/\/cafebarbantia.barbantia.es\/index.php?rest_route=\/wp\/v2\/posts\/11505\/revisions"}],"predecessor-version":[{"id":11558,"href":"https:\/\/cafebarbantia.barbantia.es\/index.php?rest_route=\/wp\/v2\/posts\/11505\/revisions\/11558"}],"wp:attachment":[{"href":"https:\/\/cafebarbantia.barbantia.es\/index.php?rest_route=%2Fwp%2Fv2%2Fmedia&parent=11505"}],"wp:term":[{"taxonomy":"category","embeddable":true,"href":"https:\/\/cafebarbantia.barbantia.es\/index.php?rest_route=%2Fwp%2Fv2%2Fcategories&post=11505"},{"taxonomy":"post_tag","embeddable":true,"href":"https:\/\/cafebarbantia.barbantia.es\/index.php?rest_route=%2Fwp%2Fv2%2Ftags&post=11505"}],"curies":[{"name":"wp","href":"https:\/\/api.w.org\/{rel}","templated":true}]}}