{"id":11510,"date":"2020-01-30T06:00:46","date_gmt":"2020-01-30T06:00:46","guid":{"rendered":"http:\/\/cafebarbantia.barbantia.es\/?p=11510"},"modified":"2020-01-01T20:24:36","modified_gmt":"2020-01-01T20:24:36","slug":"x-m-carreira-antelo-un-musicologo-noies","status":"publish","type":"post","link":"https:\/\/cafebarbantia.barbantia.es\/?p=11510","title":{"rendered":"X.M. Carreira Antelo: Un music\u00f3logo noi\u00e9s"},"content":{"rendered":"<p style=\"text-align: justify;\"><em><strong><a href=\"http:\/\/cafebarbantia.barbantia.es\/wp-content\/uploads\/2019\/12\/150-anos-da-musica-galega.jpg\"><img decoding=\"async\" loading=\"lazy\" class=\"alignright size-medium wp-image-11560\" alt=\"150 anos da musica galega\" src=\"http:\/\/cafebarbantia.barbantia.es\/wp-content\/uploads\/2019\/12\/150-anos-da-musica-galega-182x300.jpg\" width=\"182\" height=\"300\" srcset=\"https:\/\/cafebarbantia.barbantia.es\/wp-content\/uploads\/2019\/12\/150-anos-da-musica-galega-182x300.jpg 182w, https:\/\/cafebarbantia.barbantia.es\/wp-content\/uploads\/2019\/12\/150-anos-da-musica-galega.jpg 562w\" sizes=\"(max-width: 182px) 100vw, 182px\" \/><\/a>Pastor Rodr\u00edguez. <\/strong><\/em>Non hai d\u00fabida de que o Barbanza conta cun dos grandes music\u00f3logos galegos e con prestixio internacional, o padre xesu\u00edtico Jos\u00e9 L\u00f3pez Calo. Ao seu car\u00f3n hai que situar a X. M. Carreira Antelo, nacido en Noia o 24 de xu\u00f1o de 1954. Presidiu o Instituto Galego de Ciencias Musicais e \u00e9 membro do consello de redacci\u00f3n da prestixiosa <em>Revista de musicolog\u00eda<\/em>. Colaborador do <em>Diccionario de la m\u00fasica hisp\u00e1nica<\/em>, da <em>Stonia dello spectacolo musicale<\/em> e do <em>New grove dictionary of opera<\/em>. En 1979 publicou, en colaboraci\u00f3n con M. Balboa, o volume 150 anos de m\u00fasica galega e, tras el, moitos artigos especializados como <em>La tasa y regulaci\u00f3n del Coliseo de \u00d3peras y Comedias fabricado por Setaro<\/em> (A Coru\u00f1a, 1772) na <em>Revista de musicolog\u00eda <\/em>(X, 2, 1987)<!--more-->; <em>La temporada teatral 1791-92 en A Coru\u00f1a<\/em> (<em>El pleito Ca\u00f1izares-Nicolini<\/em>) na <em>Revista del instituto Jos\u00e9 Cornide <\/em>(26, 1991) ou <em>El teatro de \u00f3pera en la pen\u00ednsula Ib\u00e9rica ca. 1750-1775. Nicol\u00e0 Setaro<\/em> na obra <em>De musica hispanica et aliis <\/em>(II, 1990), en homenaxe ao padre Calo. En galego publicou <em>Os vilancicos de galegos na liturxia do Nadal nas eirexas ib\u00e9ricas e americanas nos s\u00e9culos XVI ao XVIII<\/em> (C.E.D.G, 68, 1987) ou <em>Rosal\u00eda e a est\u00e9tica musical<\/em> (Rosal\u00eda Viva, ANT, 1990). Colaborador da Gran Enciclopedia Gallega con varias entradas, entre elas a dedicada ao m\u00fasico da Pobra do Carami\u00f1al, Egidio Paz Hermo.<\/p>\n","protected":false},"excerpt":{"rendered":"<p>Pastor Rodr\u00edguez. Non hai d\u00fabida de que o Barbanza conta cun dos grandes music\u00f3logos galegos e con prestixio internacional, o padre xesu\u00edtico Jos\u00e9 L\u00f3pez Calo. Ao seu car\u00f3n hai que situar a X. M. Carreira Antelo, nacido en Noia o 24 de xu\u00f1o de 1954. Presidiu o Instituto Galego de Ciencias Musicais e \u00e9 membro &hellip; <a href=\"https:\/\/cafebarbantia.barbantia.es\/?p=11510\" class=\"more-link\">Seguir lendo <span class=\"screen-reader-text\">X.M. Carreira Antelo: Un music\u00f3logo noi\u00e9s<\/span> <span class=\"meta-nav\">&rarr;<\/span><\/a><\/p>\n","protected":false},"author":1,"featured_media":0,"comment_status":"open","ping_status":"closed","sticky":false,"template":"","format":"standard","meta":{"_bbp_topic_count":0,"_bbp_reply_count":0,"_bbp_total_topic_count":0,"_bbp_total_reply_count":0,"_bbp_voice_count":0,"_bbp_anonymous_reply_count":0,"_bbp_topic_count_hidden":0,"_bbp_reply_count_hidden":0,"_bbp_forum_subforum_count":0,"_exactmetrics_skip_tracking":false,"_exactmetrics_sitenote_active":false,"_exactmetrics_sitenote_note":"","_exactmetrics_sitenote_category":0,"_monsterinsights_skip_tracking":false,"_monsterinsights_sitenote_active":false,"_monsterinsights_sitenote_note":"","_monsterinsights_sitenote_category":0},"categories":[7,8,37],"tags":[],"aioseo_notices":[],"_links":{"self":[{"href":"https:\/\/cafebarbantia.barbantia.es\/index.php?rest_route=\/wp\/v2\/posts\/11510"}],"collection":[{"href":"https:\/\/cafebarbantia.barbantia.es\/index.php?rest_route=\/wp\/v2\/posts"}],"about":[{"href":"https:\/\/cafebarbantia.barbantia.es\/index.php?rest_route=\/wp\/v2\/types\/post"}],"author":[{"embeddable":true,"href":"https:\/\/cafebarbantia.barbantia.es\/index.php?rest_route=\/wp\/v2\/users\/1"}],"replies":[{"embeddable":true,"href":"https:\/\/cafebarbantia.barbantia.es\/index.php?rest_route=%2Fwp%2Fv2%2Fcomments&post=11510"}],"version-history":[{"count":3,"href":"https:\/\/cafebarbantia.barbantia.es\/index.php?rest_route=\/wp\/v2\/posts\/11510\/revisions"}],"predecessor-version":[{"id":11561,"href":"https:\/\/cafebarbantia.barbantia.es\/index.php?rest_route=\/wp\/v2\/posts\/11510\/revisions\/11561"}],"wp:attachment":[{"href":"https:\/\/cafebarbantia.barbantia.es\/index.php?rest_route=%2Fwp%2Fv2%2Fmedia&parent=11510"}],"wp:term":[{"taxonomy":"category","embeddable":true,"href":"https:\/\/cafebarbantia.barbantia.es\/index.php?rest_route=%2Fwp%2Fv2%2Fcategories&post=11510"},{"taxonomy":"post_tag","embeddable":true,"href":"https:\/\/cafebarbantia.barbantia.es\/index.php?rest_route=%2Fwp%2Fv2%2Ftags&post=11510"}],"curies":[{"name":"wp","href":"https:\/\/api.w.org\/{rel}","templated":true}]}}