{"id":11668,"date":"2020-01-29T06:00:31","date_gmt":"2020-01-29T06:00:31","guid":{"rendered":"http:\/\/cafebarbantia.barbantia.es\/?p=11668"},"modified":"2020-01-29T10:56:49","modified_gmt":"2020-01-29T10:56:49","slug":"a-tia-concha","status":"publish","type":"post","link":"https:\/\/cafebarbantia.barbantia.es\/?p=11668","title":{"rendered":"A t\u00eda Concha"},"content":{"rendered":"<p style=\"text-align: justify;\"><em><strong><a href=\"http:\/\/cafebarbantia.barbantia.es\/wp-content\/uploads\/2020\/01\/candle-2038736_1280.jpg\"><img decoding=\"async\" loading=\"lazy\" class=\"size-medium wp-image-11671 alignright\" alt=\"candle-2038736_1280\" src=\"http:\/\/cafebarbantia.barbantia.es\/wp-content\/uploads\/2020\/01\/candle-2038736_1280-300x199.jpg\" width=\"300\" height=\"199\" srcset=\"https:\/\/cafebarbantia.barbantia.es\/wp-content\/uploads\/2020\/01\/candle-2038736_1280-300x199.jpg 300w, https:\/\/cafebarbantia.barbantia.es\/wp-content\/uploads\/2020\/01\/candle-2038736_1280-1024x682.jpg 1024w, https:\/\/cafebarbantia.barbantia.es\/wp-content\/uploads\/2020\/01\/candle-2038736_1280-450x300.jpg 450w, https:\/\/cafebarbantia.barbantia.es\/wp-content\/uploads\/2020\/01\/candle-2038736_1280-900x599.jpg 900w, https:\/\/cafebarbantia.barbantia.es\/wp-content\/uploads\/2020\/01\/candle-2038736_1280.jpg 1280w\" sizes=\"(max-width: 300px) 100vw, 300px\" \/><\/a>Mar\u00eda Xes\u00fas Blanco.\u00a0<\/strong><\/em>Chegamos as d\u00faas collidas do brazo. Mi\u00f1a nai teimara en que a acompa\u00f1ara aquela tarde. Dic\u00eda que hab\u00edan de ir todos os primos. Que nos quer\u00eda moito a t\u00eda Concha. Eran outros tempos. Cando chorabamos os nosos nas casas ata o derradeiro adeus.<!--more--> Eu ti\u00f1a apenas dezaseis anos e para min ser\u00eda a primeira ausencia. O primeiro velorio de algu\u00e9n querido. Abriu a porta Xo\u00e1n, o primo maior. O que se fora hab\u00eda uns meses a New Jersey. O que escapaba de todas n\u00f3s porque nos v\u00eda coma unhas nenas. E a quen todas nos admirabamos como se fose un actor de cine. Levounos en silencio ata unha habitaci\u00f3n ateigada de xente. Conmov\u00eda ver \u00e1 nosa t\u00eda no cadaleito co xesto sereno. Quizais porque morrera como vivira. E na casa familiar, como nos deb\u00eda asistir a morte a todos. A xente falaba e falaba arredor dela. \u00c1s veces algu\u00e9n choraba. Eu non pod\u00eda deixar de mirala. Coa s\u00faa roupa de domingo e as pernas ben cadradas. Case non se percib\u00eda a coxeira. Aquela eiva f\u00edsica por mor dun atropelo cando era moza. M\u00e1goa que xa non puidese botarnos a s\u00faa ollada agarimosa. Como cando nos coidaba mentres as nosas nais \u00edan traballar \u00e1 f\u00e1brica.<\/p>\n<p style=\"text-align: justify;\">Malia as horas fac\u00e9rense longas, a noite \u00eda pasando. Algunhas sobri\u00f1as segu\u00edan sentadas ao p\u00e9 da defunta, como a nai de Xo\u00e1n\u00a0 e maila mi\u00f1a. As primas tentabamos espantar o fr\u00edo do inverno arredor da coci\u00f1a de le\u00f1a e os homes \u00e1 calor dun cigarro no banco vello da entrada. A casa enteira era un fervedoiro de voces baixas. De silencios intermitentes que se prolongaban ata o fondo do corredor. Non sei que hora ser\u00eda cando volv\u00edn \u00e1 habitaci\u00f3n buscar a mi\u00f1a nai. Mais, al\u00ed s\u00f3 hab\u00eda cadeiras baleiras arredor da t\u00eda Concha. A porta do balc\u00f3n estaba entreaberta e v\u00edase un mozo f\u00f3ra botando un pito. Achegueime con lentitude e algu\u00e9n falou na escuridade. Era Xo\u00e1n. Os dous quedamos apoiados na varanda de madeira. Fixei, inqueda, a mirada no ceo escuro de decembro. E foi cando percib\u00edn como pousaba as s\u00faas mans no meu van. Como tentaba xiralo mentres me dic\u00eda ao o\u00eddo que o deixase abrazarme. Foi cando sent\u00edn a sorpresa bul\u00edndome no teito da boca. O anhelo da primeira vez. A turbaci\u00f3n do beixo inesperado. De s\u00fapeto algu\u00e9n falou preto de n\u00f3s e entramos nerviosos na estancia. Pouco tardou mi\u00f1a nai en dicir que era hora de irnos. Eu aperteime ao seu brazo e baixei a ollada. Xo\u00e1n abriunos a porta con preguiza e sent\u00edn a s\u00faa mirada moi amodo, como se acabase de descubrir un tesouro. A noite chegara ao seu fin e era necesario recuperar folgos antes do \u00faltimo adeus.<\/p>\n","protected":false},"excerpt":{"rendered":"<p>Mar\u00eda Xes\u00fas Blanco.\u00a0Chegamos as d\u00faas collidas do brazo. Mi\u00f1a nai teimara en que a acompa\u00f1ara aquela tarde. Dic\u00eda que hab\u00edan de ir todos os primos. Que nos quer\u00eda moito a t\u00eda Concha. Eran outros tempos. Cando chorabamos os nosos nas casas ata o derradeiro adeus.<\/p>\n","protected":false},"author":1,"featured_media":0,"comment_status":"open","ping_status":"closed","sticky":false,"template":"","format":"standard","meta":{"_bbp_topic_count":0,"_bbp_reply_count":0,"_bbp_total_topic_count":0,"_bbp_total_reply_count":0,"_bbp_voice_count":0,"_bbp_anonymous_reply_count":0,"_bbp_topic_count_hidden":0,"_bbp_reply_count_hidden":0,"_bbp_forum_subforum_count":0,"_exactmetrics_skip_tracking":false,"_exactmetrics_sitenote_active":false,"_exactmetrics_sitenote_note":"","_exactmetrics_sitenote_category":0,"_monsterinsights_skip_tracking":false,"_monsterinsights_sitenote_active":false,"_monsterinsights_sitenote_note":"","_monsterinsights_sitenote_category":0},"categories":[38,9],"tags":[],"aioseo_notices":[],"_links":{"self":[{"href":"https:\/\/cafebarbantia.barbantia.es\/index.php?rest_route=\/wp\/v2\/posts\/11668"}],"collection":[{"href":"https:\/\/cafebarbantia.barbantia.es\/index.php?rest_route=\/wp\/v2\/posts"}],"about":[{"href":"https:\/\/cafebarbantia.barbantia.es\/index.php?rest_route=\/wp\/v2\/types\/post"}],"author":[{"embeddable":true,"href":"https:\/\/cafebarbantia.barbantia.es\/index.php?rest_route=\/wp\/v2\/users\/1"}],"replies":[{"embeddable":true,"href":"https:\/\/cafebarbantia.barbantia.es\/index.php?rest_route=%2Fwp%2Fv2%2Fcomments&post=11668"}],"version-history":[{"count":3,"href":"https:\/\/cafebarbantia.barbantia.es\/index.php?rest_route=\/wp\/v2\/posts\/11668\/revisions"}],"predecessor-version":[{"id":11735,"href":"https:\/\/cafebarbantia.barbantia.es\/index.php?rest_route=\/wp\/v2\/posts\/11668\/revisions\/11735"}],"wp:attachment":[{"href":"https:\/\/cafebarbantia.barbantia.es\/index.php?rest_route=%2Fwp%2Fv2%2Fmedia&parent=11668"}],"wp:term":[{"taxonomy":"category","embeddable":true,"href":"https:\/\/cafebarbantia.barbantia.es\/index.php?rest_route=%2Fwp%2Fv2%2Fcategories&post=11668"},{"taxonomy":"post_tag","embeddable":true,"href":"https:\/\/cafebarbantia.barbantia.es\/index.php?rest_route=%2Fwp%2Fv2%2Ftags&post=11668"}],"curies":[{"name":"wp","href":"https:\/\/api.w.org\/{rel}","templated":true}]}}