{"id":11682,"date":"2020-01-23T06:00:21","date_gmt":"2020-01-23T06:00:21","guid":{"rendered":"http:\/\/cafebarbantia.barbantia.es\/?p=11682"},"modified":"2020-01-14T20:21:36","modified_gmt":"2020-01-14T20:21:36","slug":"a-maquina-do-tempo","status":"publish","type":"post","link":"https:\/\/cafebarbantia.barbantia.es\/?p=11682","title":{"rendered":"A m\u00e1quina do tempo"},"content":{"rendered":"<p style=\"text-align: justify;\"><a href=\"http:\/\/cafebarbantia.barbantia.es\/wp-content\/uploads\/2020\/01\/0003_201912B28C2991.jpg\"><img decoding=\"async\" loading=\"lazy\" class=\"alignleft size-medium wp-image-11683\" alt=\"0003_201912B28C2991\" src=\"http:\/\/cafebarbantia.barbantia.es\/wp-content\/uploads\/2020\/01\/0003_201912B28C2991-300x168.jpg\" width=\"300\" height=\"168\" srcset=\"https:\/\/cafebarbantia.barbantia.es\/wp-content\/uploads\/2020\/01\/0003_201912B28C2991-300x168.jpg 300w, https:\/\/cafebarbantia.barbantia.es\/wp-content\/uploads\/2020\/01\/0003_201912B28C2991-1024x576.jpg 1024w, https:\/\/cafebarbantia.barbantia.es\/wp-content\/uploads\/2020\/01\/0003_201912B28C2991-500x281.jpg 500w, https:\/\/cafebarbantia.barbantia.es\/wp-content\/uploads\/2020\/01\/0003_201912B28C2991-900x506.jpg 900w, https:\/\/cafebarbantia.barbantia.es\/wp-content\/uploads\/2020\/01\/0003_201912B28C2991.jpg 1280w\" sizes=\"(max-width: 300px) 100vw, 300px\" \/><\/a><em><strong>Francisco Ant. Vidal Blanco.\u00a0<\/strong><\/em>Hai uns anos, cando lle comentei a mi t\u00eda Mar\u00eda que \u00eda ir a Istambul, preguntoume que se me perdera al\u00ed. Nada, respond\u00edn, vou para co\u00f1ecer a cidade. \u00abPois para ver unha cidade xa tes a televisi\u00f3n\u00bb. <!--more-->Quedei sen dicirlle que non \u00e9 o mesmo, que a unha pantalla f\u00e1ltalle alma, non se pode escoitar \u00e1 xente, preguntarlle a onde vai ese bus, sentir o olor das r\u00faas e levar algunha que outra sorpresa. Viaxar non s\u00f3 \u00e9 ver, sen\u00f3n tam\u00e9n, e sobre todo, sentir.<\/p>\n<p style=\"text-align: justify;\">Por iso, por sentir, de ter \u00e1 mi\u00f1a disposici\u00f3n unha m\u00e1quina do tempo ver\u00edame nun verdadeiro apuro \u00e1 hora de escoller a onde viaxar. Para empezar non saber\u00eda se trasladarme ao pasado, a comprobar\u00a0<em>in situ<\/em>\u00a0todo iso que estudamos nos libros, ou se ir ao futuro para ver ata onde acertan os visionarios. Tam\u00e9n estou seguro que de escoller esta \u00faltima opci\u00f3n acabar\u00eda por sentirme desilusionado e querer\u00eda ir cada vez m\u00e1is adiante, unha e outra vez, ata quedar sen gasolina para a volta, tratando de encontrar ese mundo id\u00f3neo con que sempre so\u00f1amos pero nunca acadamos. A outra d\u00fabida que me entra \u00e9 se, vaia a onde vaia, de encontrarme a gusto, quererei volver \u00f3 presente? Ou pola contra querer\u00eda ir cada vez m\u00e1is atr\u00e1s, cheo de curiosidade por co\u00f1ecer as ra\u00edces dos acontecementos? A m\u00e1quina do tempo, de existir, ser\u00eda unha m\u00e1quina endia\u00f1ada.<\/p>\n<p style=\"text-align: justify;\">So\u00f1os \u00e1 parte, nin H. G. Wells, con toda a fantas\u00eda que o inundaba, e torturaba, creu por un instante que o seu corpo puidera desprazarse a trav\u00e9s do tempo. Pod\u00eda supo\u00f1er, coa s\u00faa visi\u00f3n de finais do s\u00e9culo XIX, que os marcianos vir\u00edan a invadirnos alg\u00fan d\u00eda, pero o seu dese\u00f1o dunha m\u00e1quina para viaxar a outra \u00e9poca era pura fantas\u00eda de enxe\u00f1ar\u00eda il\u00f3xica, e el sab\u00edao.<\/p>\n<p style=\"text-align: justify;\"><a href=\"http:\/\/cafebarbantia.barbantia.es\/wp-content\/uploads\/2020\/01\/m\u00e1quina-do-tempo2.jpg\"><img decoding=\"async\" loading=\"lazy\" class=\"alignright size-medium wp-image-11684\" alt=\"m\u00e1quina do tempo2\" src=\"http:\/\/cafebarbantia.barbantia.es\/wp-content\/uploads\/2020\/01\/m\u00e1quina-do-tempo2-300x208.jpg\" width=\"300\" height=\"208\" srcset=\"https:\/\/cafebarbantia.barbantia.es\/wp-content\/uploads\/2020\/01\/m\u00e1quina-do-tempo2-300x208.jpg 300w, https:\/\/cafebarbantia.barbantia.es\/wp-content\/uploads\/2020\/01\/m\u00e1quina-do-tempo2.jpg 400w\" sizes=\"(max-width: 300px) 100vw, 300px\" \/><\/a>Crer que coa tecnolox\u00eda do futuro chegaremos a alcanzar o obxectivo de situarnos fronte \u00e1 fachada da catedral de Santiago mentres o Mestre Mateo traballaba \u00e9 impensable, por moitos c\u00e1lculos relativistas que se fagan. Supo\u00f1er que podemos despedir a un tataraneto que emigra a alg\u00fan planeta dunha estrela que est\u00e1 a dous mil anos luz de distancia, \u00e9 unha fantas\u00eda que nin se lle ocorre aos\u00a0guionistas\u00a0de\u00a0<em>A guerra das galaxias<\/em>. Pero a imaxinaci\u00f3n \u00e9 libre.<\/p>\n<p style=\"text-align: justify;\">O que si hai son aplicaci\u00f3ns que nos recrean o lugar que visitamos tal e como era mil ou dous mil anos atr\u00e1s con bastante fiabilidade, e cada d\u00eda con maior perfecci\u00f3n, pero non nos vai permitir falar cun taberneiro de Pompeia no seu lat\u00edn adulterado con verbas gregas por moito que nos po\u00f1amos; non nos permitir\u00e1 mollar sopas no\u00a0<em>garum<\/em>\u00a0dos romanos, tumbados sobre un\u00a0<em>triclinium<\/em>, tal e como ti\u00f1an por costume, nin navegar coas condici\u00f3ns dos fenicios a trav\u00e9s do Mediterr\u00e1neo.<\/p>\n<p style=\"text-align: justify;\">A\u00ed est\u00e1n, pretendendo axudarnos nesa viaxe que nunca faremos, empresas como a vasca de novas tecnolox\u00edas Arkikus, que pon ao servizo de calquera tel\u00e9fono m\u00f3bil aplicaci\u00f3ns que nos permiten pasear por unha cidade ou por un monumento como se o fix\u00e9semos hai cen ou douscentos anos. Pero tampouco \u00e9 o mesmo. \u00c9 igual ca se proxect\u00e1semos fotos antigas con personaxes est\u00e1ticos sobre a parede do sal\u00f3n.<\/p>\n<p style=\"text-align: justify;\">Non, non imos viaxar no tempo, s\u00f3 podemos recrear o pasado con\u00a0<em>apps<\/em>\u00a0e pel\u00edculas, e participar delas coma simples espectadores. Por moito que nos po\u00f1amos, o ano que acaba xa non ten volta.<\/p>\n","protected":false},"excerpt":{"rendered":"<p>Francisco Ant. Vidal Blanco.\u00a0Hai uns anos, cando lle comentei a mi t\u00eda Mar\u00eda que \u00eda ir a Istambul, preguntoume que se me perdera al\u00ed. Nada, respond\u00edn, vou para co\u00f1ecer a cidade. \u00abPois para ver unha cidade xa tes a televisi\u00f3n\u00bb.<\/p>\n","protected":false},"author":1,"featured_media":0,"comment_status":"open","ping_status":"closed","sticky":false,"template":"","format":"standard","meta":{"_bbp_topic_count":0,"_bbp_reply_count":0,"_bbp_total_topic_count":0,"_bbp_total_reply_count":0,"_bbp_voice_count":0,"_bbp_anonymous_reply_count":0,"_bbp_topic_count_hidden":0,"_bbp_reply_count_hidden":0,"_bbp_forum_subforum_count":0,"_exactmetrics_skip_tracking":false,"_exactmetrics_sitenote_active":false,"_exactmetrics_sitenote_note":"","_exactmetrics_sitenote_category":0,"_monsterinsights_skip_tracking":false,"_monsterinsights_sitenote_active":false,"_monsterinsights_sitenote_note":"","_monsterinsights_sitenote_category":0},"categories":[7,52,9],"tags":[],"aioseo_notices":[],"_links":{"self":[{"href":"https:\/\/cafebarbantia.barbantia.es\/index.php?rest_route=\/wp\/v2\/posts\/11682"}],"collection":[{"href":"https:\/\/cafebarbantia.barbantia.es\/index.php?rest_route=\/wp\/v2\/posts"}],"about":[{"href":"https:\/\/cafebarbantia.barbantia.es\/index.php?rest_route=\/wp\/v2\/types\/post"}],"author":[{"embeddable":true,"href":"https:\/\/cafebarbantia.barbantia.es\/index.php?rest_route=\/wp\/v2\/users\/1"}],"replies":[{"embeddable":true,"href":"https:\/\/cafebarbantia.barbantia.es\/index.php?rest_route=%2Fwp%2Fv2%2Fcomments&post=11682"}],"version-history":[{"count":1,"href":"https:\/\/cafebarbantia.barbantia.es\/index.php?rest_route=\/wp\/v2\/posts\/11682\/revisions"}],"predecessor-version":[{"id":11685,"href":"https:\/\/cafebarbantia.barbantia.es\/index.php?rest_route=\/wp\/v2\/posts\/11682\/revisions\/11685"}],"wp:attachment":[{"href":"https:\/\/cafebarbantia.barbantia.es\/index.php?rest_route=%2Fwp%2Fv2%2Fmedia&parent=11682"}],"wp:term":[{"taxonomy":"category","embeddable":true,"href":"https:\/\/cafebarbantia.barbantia.es\/index.php?rest_route=%2Fwp%2Fv2%2Fcategories&post=11682"},{"taxonomy":"post_tag","embeddable":true,"href":"https:\/\/cafebarbantia.barbantia.es\/index.php?rest_route=%2Fwp%2Fv2%2Ftags&post=11682"}],"curies":[{"name":"wp","href":"https:\/\/api.w.org\/{rel}","templated":true}]}}