{"id":11715,"date":"2020-01-28T06:00:31","date_gmt":"2020-01-28T06:00:31","guid":{"rendered":"http:\/\/cafebarbantia.barbantia.es\/?p=11715"},"modified":"2020-01-23T12:53:32","modified_gmt":"2020-01-23T12:53:32","slug":"de-conversos-e-perdidas","status":"publish","type":"post","link":"https:\/\/cafebarbantia.barbantia.es\/?p=11715","title":{"rendered":"De conversos e perdidas"},"content":{"rendered":"<p align=\"justify\"><span style=\"font-size: large;\"><span style=\"font-family: 'Times New Roman', serif;\"><em><strong><a href=\"http:\/\/cafebarbantia.barbantia.es\/wp-content\/uploads\/2020\/01\/La_conversion_de_Saint_Paul_Giordano_Nancy_3018.jpg\"><img decoding=\"async\" loading=\"lazy\" class=\"alignleft size-medium wp-image-11716\" alt=\"La_conversion_de_Saint_Paul_Giordano_Nancy_3018\" src=\"http:\/\/cafebarbantia.barbantia.es\/wp-content\/uploads\/2020\/01\/La_conversion_de_Saint_Paul_Giordano_Nancy_3018-300x194.jpg\" width=\"300\" height=\"194\" srcset=\"https:\/\/cafebarbantia.barbantia.es\/wp-content\/uploads\/2020\/01\/La_conversion_de_Saint_Paul_Giordano_Nancy_3018-300x194.jpg 300w, https:\/\/cafebarbantia.barbantia.es\/wp-content\/uploads\/2020\/01\/La_conversion_de_Saint_Paul_Giordano_Nancy_3018-1024x664.jpg 1024w, https:\/\/cafebarbantia.barbantia.es\/wp-content\/uploads\/2020\/01\/La_conversion_de_Saint_Paul_Giordano_Nancy_3018-462x300.jpg 462w, https:\/\/cafebarbantia.barbantia.es\/wp-content\/uploads\/2020\/01\/La_conversion_de_Saint_Paul_Giordano_Nancy_3018-900x584.jpg 900w, https:\/\/cafebarbantia.barbantia.es\/wp-content\/uploads\/2020\/01\/La_conversion_de_Saint_Paul_Giordano_Nancy_3018.jpg 1984w\" sizes=\"(max-width: 300px) 100vw, 300px\" \/><\/a>Fidel Vidal.\u00a0<\/strong><\/em>A cuesti\u00f3n do converso sempre acendeu a mi\u00f1a curiosidade por saber como unha persoa pode mudar de ideas de forma tan radical. Converxer (dirixirse d\u00faas ou m\u00e1is li\u00f1as a unirse nun punto) ao parecer \u00e9 un voc\u00e1bulo creado por Kepler como termo no campo da \u00f3ptica<!--more-->; deriva do lat\u00edn, <\/span><span style=\"font-family: 'Times New Roman', serif;\"><i>con<\/i><\/span><span style=\"font-family: 'Times New Roman', serif;\"><i>verger<\/i><\/span><span style=\"font-family: 'Times New Roman', serif;\">, <\/span><span style=\"font-family: 'Times New Roman', serif;\"><i>verger<\/i><\/span><span style=\"font-family: 'Times New Roman', serif;\">, quer dicir, inclinarse, dirixirse. Converso, \u201caplic\u00e1base \u00e1 persoa convertida ao cristianismo, e particularmente aos que antes eran musulm\u00e1ns ou xudeus\u201d (Mar\u00eda Moliner). <\/span><\/span><\/p>\n<p align=\"justify\"><span style=\"font-size: large;\"><span style=\"font-family: 'Times New Roman', serif;\">Na actualidade aplic\u00e1molo ao que inverte a s\u00faa forma de pensar par se transformar nun verdadeiro ap\u00f3stolo defensor dun pensamento encaixado no contrario do que antes defend\u00eda. Esa obcecaci\u00f3n comprob\u00e1mola en pol\u00edticos que, pertencendo a unha determinada ideolox\u00eda, cambia de chaqueta por outra de signo oposto ou por aquela m\u00e1is belixerante coa s\u00faa previa. Abondan os exemplos, vela\u00ed persoeiros p\u00fablicos con poder nos <\/span><span style=\"font-family: 'Times New Roman', serif;\"><i>media<\/i><\/span><span style=\"font-family: 'Times New Roman', serif;\"> afiliados noutrora ao partido comunista e que, talvez por non acadaren a relevancia esperada, transmut\u00e1ronse en fan\u00e1ticos combatentes de canto trazo marxista se po\u00f1a ao seu alcance. Ou ex fumadores que fan espaventos en canto olen o fume dun cigarro agardando por unha lei que levante a veda e aniquilar dunha vez esa praga de viciosos do tabaco. <\/span><\/span><\/p>\n<p align=\"justify\"><span style=\"font-size: large;\"><span style=\"font-family: 'Times New Roman', serif;\">O paradigma hist\u00f3rico dos conversos \u00e9 Saulo de Tarso, perseguidor de cristi\u00e1ns, mesmo con sona de participar na lapidaci\u00f3n de santo Estevo, protom\u00e1rtir na lista do santoral cat\u00f3lico. Saulo convertido en Pablo, art\u00edfice principal do cristianismo asentado nun imposible: na resurrecci\u00f3n como \u201cacontecemento\u201d, o \u201cacontecemento-verdade\u201d, que fai de san Pablo o fundador do Universalismo (Alain Badiou). Nietzsche pres\u00e9ntanolo como o verdadeiro instituidor do cristianismo e, ao mesmo tempo, como \u201cgran falsificador\u201d, ao \u201cterxiversar por completo a mensaxe orixinaria de Xes\u00fas\u201d. \u201cTodos han de estar sometidos \u00e1s autoridades superiores, pero s\u00f3 hai autoridade baixo Deus, e as que hai, por Deus foron establecidas. Por tanto, quen se op\u00f3n \u00e1 autoridade, oponse \u00e1 orde establecida por Deus\u201d (<\/span><span style=\"font-family: 'Times New Roman', serif;\"><i>Rom<\/i><\/span><span style=\"font-family: 'Times New Roman', serif;\">, 13, 1-7) (cit. X. L. Valc\u00e1rcel, <\/span><span style=\"font-family: 'Times New Roman', serif;\"><i>A invenci\u00f3n dun Deus. Xes\u00fas de Nazaret,<\/i><\/span><span style=\"font-family: 'Times New Roman', serif;\"> t. II, 2019) <\/span><\/span><\/p>\n<p align=\"justify\"><span style=\"font-family: 'Times New Roman', serif; font-size: large;\"><a href=\"http:\/\/cafebarbantia.barbantia.es\/wp-content\/uploads\/2020\/01\/Iglesia-San-Pablo-2.jpg\"><img decoding=\"async\" loading=\"lazy\" class=\"alignright size-medium wp-image-11717\" alt=\"Iglesia San Pablo (2)\" src=\"http:\/\/cafebarbantia.barbantia.es\/wp-content\/uploads\/2020\/01\/Iglesia-San-Pablo-2-300x199.jpg\" width=\"300\" height=\"199\" srcset=\"https:\/\/cafebarbantia.barbantia.es\/wp-content\/uploads\/2020\/01\/Iglesia-San-Pablo-2-300x199.jpg 300w, https:\/\/cafebarbantia.barbantia.es\/wp-content\/uploads\/2020\/01\/Iglesia-San-Pablo-2-450x300.jpg 450w, https:\/\/cafebarbantia.barbantia.es\/wp-content\/uploads\/2020\/01\/Iglesia-San-Pablo-2.jpg 800w\" sizes=\"(max-width: 300px) 100vw, 300px\" \/><\/a>Que hai detr\u00e1s da conversi\u00f3n? No caso paradigm\u00e1tico de Pablo, unha ca\u00edda do cabalo con alucinaci\u00f3ns auditivas \u2013\u201cSaulo, Saulo, por que me persegues?\u201d-, asociado quizais, non tanto a unha resposta afectiva pola novidade, sen\u00f3n como reacci\u00f3n ao sentimento de culpa polas inxustizas cometidas contra os cristi\u00e1ns, xunguido \u00e1 identificaci\u00f3n coas v\u00edtimas, quer dicir, no que el se converte, en cristi\u00e1n. <\/span><\/p>\n<p align=\"justify\"><span style=\"font-size: large;\"><span style=\"font-family: 'Times New Roman', serif;\">A <\/span><span style=\"font-family: 'Times New Roman', serif;\"><i>Conversi\u00f3n de san Pablo<\/i><\/span><span style=\"font-family: 'Times New Roman', serif;\"> \u00e9 un tema, case un x\u00e9nero, tratado por numerosos artistas, entre eles <\/span><span style=\"font-family: 'Times New Roman', serif;\">Durero, Parmigianino, Veronese, Miguel \u00c1ngel, Peter Brueghel o Vello, Caravaggio (con d\u00faas versi\u00f3ns),\u00a0Rubens, Pietro de Cortona, Francisco Camilo,\u00a0Lucas Jord\u00e1n\u2026 Mais par\u00e1monos na cidade de C\u00e1diz, na igrexa pegada \u00e1 casa <\/span><span style=\"font-family: 'Times New Roman', serif;\"><i>Las Recogidas<\/i><\/span><span style=\"font-family: 'Times New Roman', serif;\">, no releve de m\u00e1rmore enriba da entrada que describe o momento da ca\u00edda do cabalo e da conversi\u00f3n de Pablo cami\u00f1o de Damasco<\/span><span style=\"font-family: 'Times New Roman', serif;\"><i>.<\/i><\/span><span style=\"font-family: 'Times New Roman', serif;\"><i>Las Regogidas<\/i><\/span><span style=\"font-family: 'Times New Roman', serif;\"> \u00e9 un padroado nacido no s\u00e9culo XVII baixo o t\u00edtulo \u201cConversi\u00f3n de San Pablo\u201d, e ti\u00f1a como finalidade acoller mulleres descarreiradas e perdidas na que -cumprindo os desexos da xenerosa Dona Jacinta Mart\u00ednez de Zuloaga, quen doou a casa- esas mulleres, tal como acontecera con san Pablo, tiveran unha conversi\u00f3n que lles mudara de vida a outra de \u201ccostumes decentes e cristi\u00e1ns\u201d. <\/span><\/span><\/p>\n","protected":false},"excerpt":{"rendered":"<p>Fidel Vidal.\u00a0A cuesti\u00f3n do converso sempre acendeu a mi\u00f1a curiosidade por saber como unha persoa pode mudar de ideas de forma tan radical. Converxer (dirixirse d\u00faas ou m\u00e1is li\u00f1as a unirse nun punto) ao parecer \u00e9 un voc\u00e1bulo creado por Kepler como termo no campo da \u00f3ptica<\/p>\n","protected":false},"author":1,"featured_media":0,"comment_status":"open","ping_status":"closed","sticky":false,"template":"","format":"standard","meta":{"_bbp_topic_count":0,"_bbp_reply_count":0,"_bbp_total_topic_count":0,"_bbp_total_reply_count":0,"_bbp_voice_count":0,"_bbp_anonymous_reply_count":0,"_bbp_topic_count_hidden":0,"_bbp_reply_count_hidden":0,"_bbp_forum_subforum_count":0,"_exactmetrics_skip_tracking":false,"_exactmetrics_sitenote_active":false,"_exactmetrics_sitenote_note":"","_exactmetrics_sitenote_category":0,"_monsterinsights_skip_tracking":false,"_monsterinsights_sitenote_active":false,"_monsterinsights_sitenote_note":"","_monsterinsights_sitenote_category":0},"categories":[4,7,65],"tags":[],"aioseo_notices":[],"_links":{"self":[{"href":"https:\/\/cafebarbantia.barbantia.es\/index.php?rest_route=\/wp\/v2\/posts\/11715"}],"collection":[{"href":"https:\/\/cafebarbantia.barbantia.es\/index.php?rest_route=\/wp\/v2\/posts"}],"about":[{"href":"https:\/\/cafebarbantia.barbantia.es\/index.php?rest_route=\/wp\/v2\/types\/post"}],"author":[{"embeddable":true,"href":"https:\/\/cafebarbantia.barbantia.es\/index.php?rest_route=\/wp\/v2\/users\/1"}],"replies":[{"embeddable":true,"href":"https:\/\/cafebarbantia.barbantia.es\/index.php?rest_route=%2Fwp%2Fv2%2Fcomments&post=11715"}],"version-history":[{"count":1,"href":"https:\/\/cafebarbantia.barbantia.es\/index.php?rest_route=\/wp\/v2\/posts\/11715\/revisions"}],"predecessor-version":[{"id":11718,"href":"https:\/\/cafebarbantia.barbantia.es\/index.php?rest_route=\/wp\/v2\/posts\/11715\/revisions\/11718"}],"wp:attachment":[{"href":"https:\/\/cafebarbantia.barbantia.es\/index.php?rest_route=%2Fwp%2Fv2%2Fmedia&parent=11715"}],"wp:term":[{"taxonomy":"category","embeddable":true,"href":"https:\/\/cafebarbantia.barbantia.es\/index.php?rest_route=%2Fwp%2Fv2%2Fcategories&post=11715"},{"taxonomy":"post_tag","embeddable":true,"href":"https:\/\/cafebarbantia.barbantia.es\/index.php?rest_route=%2Fwp%2Fv2%2Ftags&post=11715"}],"curies":[{"name":"wp","href":"https:\/\/api.w.org\/{rel}","templated":true}]}}