{"id":11932,"date":"2020-05-22T06:00:59","date_gmt":"2020-05-22T06:00:59","guid":{"rendered":"http:\/\/cafebarbantia.barbantia.es\/?p=11932"},"modified":"2020-05-07T09:44:26","modified_gmt":"2020-05-07T09:44:26","slug":"a-derradeira-viaxe-dos-irmans-somoza-pineiro","status":"publish","type":"post","link":"https:\/\/cafebarbantia.barbantia.es\/?p=11932","title":{"rendered":"A derradeira viaxe dos irm\u00e1ns Somoza Pi\u00f1eiro"},"content":{"rendered":"<figure id=\"attachment_11933\" aria-describedby=\"caption-attachment-11933\" style=\"width: 300px\" class=\"wp-caption alignleft\"><a href=\"http:\/\/cafebarbantia.barbantia.es\/wp-content\/uploads\/2020\/02\/CF28C12F2_204443.jpg\"><img decoding=\"async\" loading=\"lazy\" class=\"size-medium wp-image-11933\" alt=\"O xulgado de Boiro atop\u00e1base neste inmoble de Cimadevila\" src=\"http:\/\/cafebarbantia.barbantia.es\/wp-content\/uploads\/2020\/02\/CF28C12F2_204443-300x168.jpg\" width=\"300\" height=\"168\" srcset=\"https:\/\/cafebarbantia.barbantia.es\/wp-content\/uploads\/2020\/02\/CF28C12F2_204443-300x168.jpg 300w, https:\/\/cafebarbantia.barbantia.es\/wp-content\/uploads\/2020\/02\/CF28C12F2_204443-1024x576.jpg 1024w, https:\/\/cafebarbantia.barbantia.es\/wp-content\/uploads\/2020\/02\/CF28C12F2_204443-900x506.jpg 900w, https:\/\/cafebarbantia.barbantia.es\/wp-content\/uploads\/2020\/02\/CF28C12F2_204443.jpg 1280w\" sizes=\"(max-width: 300px) 100vw, 300px\" \/><\/a><figcaption id=\"caption-attachment-11933\" class=\"wp-caption-text\">O xulgado de Boiro atop\u00e1base neste inmoble de Cimadevila<\/figcaption><\/figure>\n<p style=\"text-align: justify;\"><em style=\"line-height: 1.5;\"><strong>Ant\u00f3n Rodr\u00edguez Gallardo.\u00a0<\/strong><\/em><span style=\"line-height: 1.5;\">Con data do 8 de outubro de 1936 eran anotadas no rexistro civil de Rianxo as mortes de Jos\u00e9 e Maximino Somoza Pi\u00f1eiro, irm\u00e1ns e veci\u00f1os do n\u00facleo boirense de Escarabote, de 24 e 22 anos de idade. Os seus cad\u00e1veres apareceran nunha paraxe de Tarago\u00f1a, apenas separados uns metros. <!--more-->En ambos casos, ind\u00edcase que a causa do falecemento foi unha hemorraxia interna, sen m\u00e1is, obviando que a hemorraxia se orixinara polos disparos dunha arma de fogo.<\/span><\/p>\n<p style=\"text-align: justify;\">O dobre crime coincid\u00eda cos momentos iniciais da represi\u00f3n promovida pola Junta de Defensa Nacional, que gobernaba o territorio dominado polos militares sublevados contra a Rep\u00fablica no mes de xullo, ou Zona Nacional, e que en Boiro provocara xa asasinatos como os de Santos Ru\u00edz, veci\u00f1o de Cabo da Cruz, de 18 anos; Manuel Pi\u00f1eiro, de Belles (Macenda), de 31, ou Ricardo Vilas, veci\u00f1o de Treites (Cesp\u00f3n), de 42.<\/p>\n<div id=\"6TEXTO_DETALLEad_RobaPaginasMobile-id\" itemscope=\"\" itemtype=\"https:\/\/schema.org\/WPAdBlock\" style=\"text-align: justify;\" data-ads=\"true\" data-url=\"\/4900\/webm.EXT.LAVOZDEGALICIA\/galicia\/barbanza\" data-mapping=\"ROBAMOBILE\" data-sizes=\"[[300,600],[300,250]]\" data-param=\"pos\" data-format=\"mobile\" data-targeting=\"robapaginas\"><span style=\"line-height: 1.5;\">Sen m\u00e1is significaci\u00f3n pol\u00edtica ou sindical que a s\u00faa filiaci\u00f3n a unha sociedade obreira, non sabemos se da UGT ou da CNT, os irm\u00e1ns Somoza Pi\u00f1eiro eran uns de tantos humildes traballadores aveci\u00f1ados no populoso, mari\u00f1eiro e esquerdista n\u00facleo de Escarabote, onde viv\u00edan coa s\u00faa nai, vi\u00fava e xornaleira, e dous irm\u00e1ns menores, de 16 e 13 anos.<\/span><\/div>\n<p style=\"text-align: justify;\">Coa s\u00faa mocidade e no contexto do momento \u00e9 f\u00e1cil imaxinalos, en cambio, integrando unha das partidas de milicianos que, baixo a direcci\u00f3n do comit\u00e9 de defensa da Rep\u00fablica, organizado en Boiro a instancia do Goberno Civil como reacci\u00f3n ao golpe de Estado de xullo, exerceran un estrito control sobre as persoas sospeitosas de conivencia coa rebeli\u00f3n militar. As\u00ed o fixera o seu irm\u00e1n maior Juan, de 26 anos, condenado a posteriori pola xustiza militar franquista a 15 anos de prisi\u00f3n.<\/p>\n<div id=\"ad_Roba2Desktop\" itemscope=\"\" itemtype=\"https:\/\/schema.org\/WPAdBlock\" style=\"text-align: justify;\" data-url=\"\/2260323\/LVDG.Desktop\/barbanza\/boiro\" data-mapping=\"VOZ_ROBA_DESKTOP\" data-sizes=\"[[300,250],[300,300],[300,600],'fluid']\" data-param=\"pos\" data-format=\"normal\" data-targeting=\"Roba2\" data-google-query-id=\"CK7CzKrx8-cCFewGBgAdcyoC0w\"><strong style=\"line-height: 1.5;\">Instigador<\/strong><\/div>\n<p style=\"text-align: justify;\">Segundo nos testemu\u00f1ou Moncho Somoza, fillo de Juanito o Chono, alcalde socialista na fin da Rep\u00fablica, despois de quedar sometido o concello de Boiro \u00e1 autoridade dos partidarios do golpe de Estado, un mozo de Escarabote dunha acomodada e influente familia -que sufrira especialmente a actuaci\u00f3n dos milicianos do referido comit\u00e9- instigou a detenci\u00f3n e represi\u00f3n dos seus veci\u00f1os Jos\u00e9 e Maximino.<\/p>\n<p style=\"text-align: justify;\">Base\u00e1ndose no relato dun falanxista arrepentido -tal vez testemu\u00f1a directa do sucedido-, Moncho Somoza cont\u00e1banos que, tras recibir unhas brutais malleiras no funesto xulgado boirense que se atopaba en Cimadevila, os irm\u00e1ns Somoza Pi\u00f1eiro foron obrigados a embarcar nun coche en compa\u00f1\u00eda de varios falanxistas e, ao menos, un garda civil, marchando de Boiro con direcci\u00f3n a Tarago\u00f1a. E que, unha vez na entrada desta localidade, fix\u00e9ronos baixar do veh\u00edculo e cami\u00f1ar por unha pista.<\/p>\n<div id=\"ad_Roba2Mobile\" itemscope=\"\" itemtype=\"https:\/\/schema.org\/WPAdBlock\" style=\"text-align: justify;\" data-url=\"\/2260323\/LVDG.Mobile\/barbanza\/boiro\" data-mapping=\"VOZ_ROBA_MOBILE\" data-sizes=\"[[300,250],[300,300],[300,600],'fluid']\" data-param=\"pos\" data-format=\"mobile\" data-targeting=\"Roba2\"><span style=\"line-height: 1.5;\">Os dous \u00edan coas mans amarradas \u00e1s costas e atados un ao outro polos c\u00f3bados.<\/span><\/div>\n<p style=\"text-align: justify;\">A pesar de que o instigador da represalia parece ser que acabara arrepent\u00edndose, non puido convencer a alg\u00fans dos que o acompa\u00f1aban e evitar o asasinato dos seus veci\u00f1os.<\/p>\n<p style=\"text-align: justify;\">Atravesado polas balas do fusil do garda civil, Jos\u00e9 era o primeiro en caer. Maximino, que presa do p\u00e1nico se desligara das ataduras que o un\u00edan ao seu irm\u00e1n, escapou a correr, caendo ao chan uns metros m\u00e1is adiante, desequilibrado ao saltar o muro dunha vi\u00f1a. Al\u00ed mesmo recibir\u00eda os disparos mortais da pistola dun dos falanxistas.<\/p>\n<div id=\"TEXTO_DETALLE_ad_Roba3Desktop\" itemscope=\"\" itemtype=\"https:\/\/schema.org\/WPAdBlock\" data-url=\"\/2260323\/LVDG.Desktop\/barbanza\/boiro\" data-mapping=\"VOZ_ROBA300_DESKTOP\" data-sizes=\"[[300,250],[300,300],'fluid']\" data-param=\"pos\" data-format=\"normal\" data-targeting=\"Roba3\" data-google-query-id=\"CO7WyK3x8-cCFRr6dwodKmYNFQ\">\n<div id=\"google_ads_iframe_\/2260323\/LVDG.Desktop\/barbanza\/boiro\/detalle_1__container__\" style=\"text-align: justify;\"><span style=\"line-height: 1.5;\">Abandonando os cad\u00e1veres naquela paraxe de Tarago\u00f1a, a criminal partida regresaba a Boiro para, amparada por unha total impunidade, continuar coa represi\u00f3n.<\/span><\/div>\n<\/div>\n","protected":false},"excerpt":{"rendered":"<p>Ant\u00f3n Rodr\u00edguez Gallardo.\u00a0Con data do 8 de outubro de 1936 eran anotadas no rexistro civil de Rianxo as mortes de Jos\u00e9 e Maximino Somoza Pi\u00f1eiro, irm\u00e1ns e veci\u00f1os do n\u00facleo boirense de Escarabote, de 24 e 22 anos de idade. Os seus cad\u00e1veres apareceran nunha paraxe de Tarago\u00f1a, apenas separados uns metros.<\/p>\n","protected":false},"author":1,"featured_media":0,"comment_status":"open","ping_status":"closed","sticky":false,"template":"","format":"standard","meta":{"_bbp_topic_count":0,"_bbp_reply_count":0,"_bbp_total_topic_count":0,"_bbp_total_reply_count":0,"_bbp_voice_count":0,"_bbp_anonymous_reply_count":0,"_bbp_topic_count_hidden":0,"_bbp_reply_count_hidden":0,"_bbp_forum_subforum_count":0,"_exactmetrics_skip_tracking":false,"_exactmetrics_sitenote_active":false,"_exactmetrics_sitenote_note":"","_exactmetrics_sitenote_category":0,"_monsterinsights_skip_tracking":false,"_monsterinsights_sitenote_active":false,"_monsterinsights_sitenote_note":"","_monsterinsights_sitenote_category":0},"categories":[71,7],"tags":[],"aioseo_notices":[],"_links":{"self":[{"href":"https:\/\/cafebarbantia.barbantia.es\/index.php?rest_route=\/wp\/v2\/posts\/11932"}],"collection":[{"href":"https:\/\/cafebarbantia.barbantia.es\/index.php?rest_route=\/wp\/v2\/posts"}],"about":[{"href":"https:\/\/cafebarbantia.barbantia.es\/index.php?rest_route=\/wp\/v2\/types\/post"}],"author":[{"embeddable":true,"href":"https:\/\/cafebarbantia.barbantia.es\/index.php?rest_route=\/wp\/v2\/users\/1"}],"replies":[{"embeddable":true,"href":"https:\/\/cafebarbantia.barbantia.es\/index.php?rest_route=%2Fwp%2Fv2%2Fcomments&post=11932"}],"version-history":[{"count":1,"href":"https:\/\/cafebarbantia.barbantia.es\/index.php?rest_route=\/wp\/v2\/posts\/11932\/revisions"}],"predecessor-version":[{"id":11934,"href":"https:\/\/cafebarbantia.barbantia.es\/index.php?rest_route=\/wp\/v2\/posts\/11932\/revisions\/11934"}],"wp:attachment":[{"href":"https:\/\/cafebarbantia.barbantia.es\/index.php?rest_route=%2Fwp%2Fv2%2Fmedia&parent=11932"}],"wp:term":[{"taxonomy":"category","embeddable":true,"href":"https:\/\/cafebarbantia.barbantia.es\/index.php?rest_route=%2Fwp%2Fv2%2Fcategories&post=11932"},{"taxonomy":"post_tag","embeddable":true,"href":"https:\/\/cafebarbantia.barbantia.es\/index.php?rest_route=%2Fwp%2Fv2%2Ftags&post=11932"}],"curies":[{"name":"wp","href":"https:\/\/api.w.org\/{rel}","templated":true}]}}