{"id":12114,"date":"2020-05-01T06:00:19","date_gmt":"2020-05-01T06:00:19","guid":{"rendered":"http:\/\/cafebarbantia.barbantia.es\/?p=12114"},"modified":"2020-04-29T11:57:07","modified_gmt":"2020-04-29T11:57:07","slug":"dilema","status":"publish","type":"post","link":"https:\/\/cafebarbantia.barbantia.es\/?p=12114","title":{"rendered":"Dilema"},"content":{"rendered":"<p style=\"text-align: justify;\"><a href=\"http:\/\/cafebarbantia.barbantia.es\/wp-content\/uploads\/2020\/04\/0.jpg\"><img decoding=\"async\" loading=\"lazy\" class=\"alignright size-medium wp-image-12115\" alt=\"0\" src=\"http:\/\/cafebarbantia.barbantia.es\/wp-content\/uploads\/2020\/04\/0-300x117.jpg\" width=\"300\" height=\"117\" srcset=\"https:\/\/cafebarbantia.barbantia.es\/wp-content\/uploads\/2020\/04\/0-300x117.jpg 300w, https:\/\/cafebarbantia.barbantia.es\/wp-content\/uploads\/2020\/04\/0.jpg 640w\" sizes=\"(max-width: 300px) 100vw, 300px\" \/><\/a><em><strong>Marina Losada Vicente.\u00a0<\/strong><\/em>Deiteime coa pregunta e levanteime con ela. Non \u00e9 tanto o problema t\u00e9cnico, que tam\u00e9n, \u00e9 un dilema moral. Atendo o meu ego? Fago o que me pide o corpo, a cabeza, o espello? Fago o que necesito facer, a\u00ednda que ata hoxe fosen outras mans as que operaban o milagre?<!--more--><\/p>\n<p style=\"text-align: justify;\">Por favor, por favor, por favor&#8230; faino! \u00c9 necesario. Pensa en ti, dime traveso o meu demo ego\u00edsta. O demo solidario, alturista el, dime que non, que iso non se fai. Que non tes que pensar s\u00f3 en ti, tam\u00e9n est\u00e1 ela, a especialista, a t\u00faa amiga, aquela que escoita&#8230; e que escoita&#8230; e que de cando en vez aconsella.<\/p>\n<p style=\"text-align: justify;\">Pero \u00e9 importante estar agusto contigo mesmo. Sobre todo en estas circunstancias, dinno as psic\u00f3logas. Que sexas ti. Por outro lado, est\u00e1n as mensaxes todas de que hai que dinamizar a econom\u00eda, revitalizala en canto saiamos desta, apuntalala, pensar nas tendas de barrio, nas persoas aut\u00f3nomas&#8230; hai&#8230; que dif\u00edcil!<\/p>\n<p style=\"text-align: justify;\">Que ata se pide que minoren o IVE como ben de primeira necesidade! Escoitei ben? Ben de primeira necesidade! Pois adiante, dec\u00eddete. \u00c9 xa unha necesidade, hai semanas que o \u00e9! Aut\u00e9ntica necesidade! M\u00e1is al\u00e1 do resultado final, que non vai ser o mesmo, claro est\u00e1, polo menos saber\u00e1s que o intentaste, que fuches quen, que es capaz de superar as dificultades! Ve\u00f1a, \u00e1nimos!<\/p>\n<p style=\"text-align: justify;\">Estou diante do espello, coa maquini\u00f1a de barbear do fillo na man, e sego sen saber que facer. Mentres, os pelos das pernas, en lugar do xel de ducha, piden champ\u00fa!<\/p>\n","protected":false},"excerpt":{"rendered":"<p>Marina Losada Vicente.\u00a0Deiteime coa pregunta e levanteime con ela. Non \u00e9 tanto o problema t\u00e9cnico, que tam\u00e9n, \u00e9 un dilema moral. Atendo o meu ego? Fago o que me pide o corpo, a cabeza, o espello? Fago o que necesito facer, a\u00ednda que ata hoxe fosen outras mans as que operaban o milagre?<\/p>\n","protected":false},"author":1,"featured_media":0,"comment_status":"open","ping_status":"closed","sticky":false,"template":"","format":"standard","meta":{"_bbp_topic_count":0,"_bbp_reply_count":0,"_bbp_total_topic_count":0,"_bbp_total_reply_count":0,"_bbp_voice_count":0,"_bbp_anonymous_reply_count":0,"_bbp_topic_count_hidden":0,"_bbp_reply_count_hidden":0,"_bbp_forum_subforum_count":0,"_exactmetrics_skip_tracking":false,"_exactmetrics_sitenote_active":false,"_exactmetrics_sitenote_note":"","_exactmetrics_sitenote_category":0,"_monsterinsights_skip_tracking":false,"_monsterinsights_sitenote_active":false,"_monsterinsights_sitenote_note":"","_monsterinsights_sitenote_category":0},"categories":[73,9],"tags":[],"aioseo_notices":[],"_links":{"self":[{"href":"https:\/\/cafebarbantia.barbantia.es\/index.php?rest_route=\/wp\/v2\/posts\/12114"}],"collection":[{"href":"https:\/\/cafebarbantia.barbantia.es\/index.php?rest_route=\/wp\/v2\/posts"}],"about":[{"href":"https:\/\/cafebarbantia.barbantia.es\/index.php?rest_route=\/wp\/v2\/types\/post"}],"author":[{"embeddable":true,"href":"https:\/\/cafebarbantia.barbantia.es\/index.php?rest_route=\/wp\/v2\/users\/1"}],"replies":[{"embeddable":true,"href":"https:\/\/cafebarbantia.barbantia.es\/index.php?rest_route=%2Fwp%2Fv2%2Fcomments&post=12114"}],"version-history":[{"count":1,"href":"https:\/\/cafebarbantia.barbantia.es\/index.php?rest_route=\/wp\/v2\/posts\/12114\/revisions"}],"predecessor-version":[{"id":12116,"href":"https:\/\/cafebarbantia.barbantia.es\/index.php?rest_route=\/wp\/v2\/posts\/12114\/revisions\/12116"}],"wp:attachment":[{"href":"https:\/\/cafebarbantia.barbantia.es\/index.php?rest_route=%2Fwp%2Fv2%2Fmedia&parent=12114"}],"wp:term":[{"taxonomy":"category","embeddable":true,"href":"https:\/\/cafebarbantia.barbantia.es\/index.php?rest_route=%2Fwp%2Fv2%2Fcategories&post=12114"},{"taxonomy":"post_tag","embeddable":true,"href":"https:\/\/cafebarbantia.barbantia.es\/index.php?rest_route=%2Fwp%2Fv2%2Ftags&post=12114"}],"curies":[{"name":"wp","href":"https:\/\/api.w.org\/{rel}","templated":true}]}}