{"id":12339,"date":"2020-11-07T06:00:50","date_gmt":"2020-11-07T06:00:50","guid":{"rendered":"http:\/\/cafebarbantia.barbantia.es\/?p=12339"},"modified":"2020-10-27T07:42:22","modified_gmt":"2020-10-27T07:42:22","slug":"un-historiador-de-muros","status":"publish","type":"post","link":"https:\/\/cafebarbantia.barbantia.es\/?p=12339","title":{"rendered":"Un historiador de Muros"},"content":{"rendered":"<p style=\"text-align: justify;\"><a href=\"http:\/\/cafebarbantia.barbantia.es\/wp-content\/uploads\/2020\/06\/BJ27C4F2_202636.jpg\"><img decoding=\"async\" loading=\"lazy\" class=\"size-medium wp-image-12340 alignleft\" alt=\"BJ27C4F2_202636\" src=\"http:\/\/cafebarbantia.barbantia.es\/wp-content\/uploads\/2020\/06\/BJ27C4F2_202636-300x168.jpg\" width=\"300\" height=\"168\" srcset=\"https:\/\/cafebarbantia.barbantia.es\/wp-content\/uploads\/2020\/06\/BJ27C4F2_202636-300x168.jpg 300w, https:\/\/cafebarbantia.barbantia.es\/wp-content\/uploads\/2020\/06\/BJ27C4F2_202636-1024x576.jpg 1024w, https:\/\/cafebarbantia.barbantia.es\/wp-content\/uploads\/2020\/06\/BJ27C4F2_202636-900x506.jpg 900w, https:\/\/cafebarbantia.barbantia.es\/wp-content\/uploads\/2020\/06\/BJ27C4F2_202636.jpg 1280w\" sizes=\"(max-width: 300px) 100vw, 300px\" \/><\/a><em><strong>Pastor Rodr\u00edguez.\u00a0<\/strong><\/em>Non hai d\u00fabida de que ata as publicaci\u00f3ns de Manuel Fabeiro, o historiador de Muros m\u00e1is importante era Ram\u00f3n de Artaza e Malv\u00e1rez, nado nesa vila no ano 1877. Licenciado en Dereito, foi rexistrador, pero tam\u00e9n xornalista, director de publicaci\u00f3ns locais como\u00a0<em>El Diablillo<\/em>,\u00a0<em>Villa de Muros<\/em>\u00a0ou\u00a0<em>Tribuna Gallega<\/em>.<!--more--><\/p>\n<p style=\"text-align: justify;\">Cronista Oficial de Muros, membro numerario da Real Academia Galega, instituci\u00f3n na que ingresou co discurso\u00a0<em>Gremios y cofrad\u00edas<\/em>, son fundamentais para o estudo da historia da s\u00faa vila natal as obras\u00a0<em>Recuerdos de la muy noble, muy leal y muy humanista Villa de Muros\u00a0<\/em>(Santiago, 1908),\u00a0<em>P\u00e1ginas hist\u00f3ricas de la Villa de Muros<\/em>\u00a0(Buenos Aires, 1940),\u00a0<em>Muros. P\u00e1ginas de su historia<\/em>\u00a0(A Coru\u00f1a, 1950) ou\u00a0<em>Cr\u00f3nica de Muros<\/em>, publicada en 1954 co seu fillo Artaza Bl\u00e1zquez, co que tam\u00e9n editou, en tres tomos, a obra\u00a0<em>Villa de Muros y su distrito<\/em>\u00a0(1959-1962).<\/p>\n<div id=\"6TEXTO_DETALLEad_RobaPaginasMobile-id\" itemscope=\"\" itemtype=\"https:\/\/schema.org\/WPAdBlock\" style=\"text-align: justify;\" data-ads=\"true\" data-url=\"\/4900\/webm.EXT.LAVOZDEGALICIA\/galicia\/barbanza\" data-mapping=\"ROBAMOBILE\" data-sizes=\"[[300,600],[300,250]]\" data-param=\"pos\" data-format=\"mobile\" data-targeting=\"robapaginas\"><\/div>\n<p style=\"text-align: justify;\">No\u00a0<em>Bolet\u00edn da Real Academia Galega<\/em>\u00a0publicou alg\u00fans traballos sobre a vila natal, como\u00a0<em>Toma de posesi\u00f3n de un juez ordinario en la villa de Muros en 1810<\/em>\u00a0(1909) ou\u00a0<em>Nombramiento de un regidor perpetuo de la villa de Muros, por el arzobispo de Santiago. A\u00f1o 1587<\/em>\u00a0(1917).<\/p>\n<p style=\"text-align: justify;\">F\u00f3ra do \u00e1mbito hist\u00f3rico, publicou en Bos Aires en 1951 o volume\u00a0<em>Las r\u00edas gallegas<\/em>.<\/p>\n<p style=\"text-align: justify;\">Artaza Malvar faleceu en 1976.<\/p>\n","protected":false},"excerpt":{"rendered":"<p>Pastor Rodr\u00edguez.\u00a0Non hai d\u00fabida de que ata as publicaci\u00f3ns de Manuel Fabeiro, o historiador de Muros m\u00e1is importante era Ram\u00f3n de Artaza e Malv\u00e1rez, nado nesa vila no ano 1877. Licenciado en Dereito, foi rexistrador, pero tam\u00e9n xornalista, director de publicaci\u00f3ns locais como\u00a0El Diablillo,\u00a0Villa de Muros\u00a0ou\u00a0Tribuna Gallega.<\/p>\n","protected":false},"author":1,"featured_media":0,"comment_status":"open","ping_status":"closed","sticky":false,"template":"","format":"standard","meta":{"_bbp_topic_count":0,"_bbp_reply_count":0,"_bbp_total_topic_count":0,"_bbp_total_reply_count":0,"_bbp_voice_count":0,"_bbp_anonymous_reply_count":0,"_bbp_topic_count_hidden":0,"_bbp_reply_count_hidden":0,"_bbp_forum_subforum_count":0,"_exactmetrics_skip_tracking":false,"_exactmetrics_sitenote_active":false,"_exactmetrics_sitenote_note":"","_exactmetrics_sitenote_category":0,"_monsterinsights_skip_tracking":false,"_monsterinsights_sitenote_active":false,"_monsterinsights_sitenote_note":"","_monsterinsights_sitenote_category":0},"categories":[7,37],"tags":[],"aioseo_notices":[],"_links":{"self":[{"href":"https:\/\/cafebarbantia.barbantia.es\/index.php?rest_route=\/wp\/v2\/posts\/12339"}],"collection":[{"href":"https:\/\/cafebarbantia.barbantia.es\/index.php?rest_route=\/wp\/v2\/posts"}],"about":[{"href":"https:\/\/cafebarbantia.barbantia.es\/index.php?rest_route=\/wp\/v2\/types\/post"}],"author":[{"embeddable":true,"href":"https:\/\/cafebarbantia.barbantia.es\/index.php?rest_route=\/wp\/v2\/users\/1"}],"replies":[{"embeddable":true,"href":"https:\/\/cafebarbantia.barbantia.es\/index.php?rest_route=%2Fwp%2Fv2%2Fcomments&post=12339"}],"version-history":[{"count":2,"href":"https:\/\/cafebarbantia.barbantia.es\/index.php?rest_route=\/wp\/v2\/posts\/12339\/revisions"}],"predecessor-version":[{"id":12624,"href":"https:\/\/cafebarbantia.barbantia.es\/index.php?rest_route=\/wp\/v2\/posts\/12339\/revisions\/12624"}],"wp:attachment":[{"href":"https:\/\/cafebarbantia.barbantia.es\/index.php?rest_route=%2Fwp%2Fv2%2Fmedia&parent=12339"}],"wp:term":[{"taxonomy":"category","embeddable":true,"href":"https:\/\/cafebarbantia.barbantia.es\/index.php?rest_route=%2Fwp%2Fv2%2Fcategories&post=12339"},{"taxonomy":"post_tag","embeddable":true,"href":"https:\/\/cafebarbantia.barbantia.es\/index.php?rest_route=%2Fwp%2Fv2%2Ftags&post=12339"}],"curies":[{"name":"wp","href":"https:\/\/api.w.org\/{rel}","templated":true}]}}