{"id":12402,"date":"2020-09-26T06:00:25","date_gmt":"2020-09-26T06:00:25","guid":{"rendered":"http:\/\/cafebarbantia.barbantia.es\/?p=12402"},"modified":"2020-09-21T06:44:25","modified_gmt":"2020-09-21T06:44:25","slug":"abandono","status":"publish","type":"post","link":"https:\/\/cafebarbantia.barbantia.es\/?p=12402","title":{"rendered":"Abandono"},"content":{"rendered":"<p lang=\"gl-ES\" align=\"justify\"><em><strong><a href=\"http:\/\/cafebarbantia.barbantia.es\/wp-content\/uploads\/2020\/08\/Courel-111.jpg\"><img decoding=\"async\" loading=\"lazy\" class=\"alignright size-medium wp-image-12403\" alt=\"Courel (111)\" src=\"http:\/\/cafebarbantia.barbantia.es\/wp-content\/uploads\/2020\/08\/Courel-111-300x225.jpg\" width=\"300\" height=\"225\" srcset=\"https:\/\/cafebarbantia.barbantia.es\/wp-content\/uploads\/2020\/08\/Courel-111-300x225.jpg 300w, https:\/\/cafebarbantia.barbantia.es\/wp-content\/uploads\/2020\/08\/Courel-111-1024x768.jpg 1024w, https:\/\/cafebarbantia.barbantia.es\/wp-content\/uploads\/2020\/08\/Courel-111-900x675.jpg 900w, https:\/\/cafebarbantia.barbantia.es\/wp-content\/uploads\/2020\/08\/Courel-111.jpg 2048w\" sizes=\"(max-width: 300px) 100vw, 300px\" \/><\/a>Francisco Ant. Vidal Blanco.\u00a0<\/strong><\/em>Procurando paisaxes onde combinar a tranquilidade que se precisa e a seguridade que se necesita, al\u00f3 fomos por eses cami\u00f1os adaptados \u00e1s isoipsas do terreo; por lugares onde a pegada humana hai anos que deixou de ser coti\u00e1 para permitirlle \u00e1s herbas abrollar no medio dos vieiros. De cando en vez unha ave ou un cuadr\u00fapede cruza diante de n\u00f3s espantado ante a presencia humana. <!--more-->Tam\u00e9n n\u00f3s vemos paisaxes que nos sorprenden, cunha natureza viva, salvaxe e chea de miles de murmurios e asub\u00edos que nos gustar\u00eda saber diferenciar, outras veces a sorpresa \u00e9 ver al\u00f3 \u00f3 fondo casais de tellados asolados, con portas e fiestras escangalladas, fal\u00e1ndonos dun longo abandono. Porque os seus donos e os seus fillos, encontraron noutros lugares o futuro que no seu d\u00eda lles faltou, a vida que a aldea lles negou \u00f3 amparo de pol\u00edticas encami\u00f1adas \u00f3 sector de servizos e de emprego fabril como signo de modernidade contra a antigalla do traballo no campo, incluso levando as industrias adicadas \u00e1 elaboraci\u00f3n dos produtos do sector primario \u00f3s centros urbanos.<\/p>\n<p lang=\"gl-ES\" align=\"justify\">\u00a0\u00a0\u00a0\u00a0 E no medio do casal unha igrexi\u00f1a cuxas camp\u00e1s xa foron arrapa\u00f1adas por alg\u00fan ferrancheiro, con nocturnidade e aleivos\u00eda. Dentro s\u00f3 quedan retablos comidos pola traza e alg\u00fan santo sen cabeza. Os outros estar\u00e1n nalgunha tenda de antig\u00fcidades. Un tesouro que nos est\u00e1n usurpando sen que as dioceses que se proclaman donas lex\u00edtimas dese patrimonio sexan quen de coidar como \u00e9 debido. A\u00ed as deixan estar, inactivas, pechadas, cheirando a mofo e deslucindo as paredes, moitas delas decoradas con pinturas medievais. Verdadeiras obras de arte que a\u00ednda sen ter devotos seguen sendo un patrimonio sobre o que a alta curia ter\u00eda moito que dicir se fose responsable do que ten. De momento o Vaticano xa proclamou que non vai permitir que as vellas igrexas abandonadas se convertan en bares, restaurantes ou discotecas. Pero eses edificios non poden quedar mortos e condenados a un derrube que non se evitar\u00e1 se ano tras ano seguen sen mantemento. <a href=\"http:\/\/cafebarbantia.barbantia.es\/wp-content\/uploads\/2020\/08\/santa-B\u00e1rbara-en-Santa-Cristina.jpg\"><img decoding=\"async\" loading=\"lazy\" class=\"alignleft size-medium wp-image-12404\" alt=\"santa B\u00e1rbara en Santa Cristina\" src=\"http:\/\/cafebarbantia.barbantia.es\/wp-content\/uploads\/2020\/08\/santa-B\u00e1rbara-en-Santa-Cristina-225x300.jpg\" width=\"225\" height=\"300\" srcset=\"https:\/\/cafebarbantia.barbantia.es\/wp-content\/uploads\/2020\/08\/santa-B\u00e1rbara-en-Santa-Cristina-225x300.jpg 225w, https:\/\/cafebarbantia.barbantia.es\/wp-content\/uploads\/2020\/08\/santa-B\u00e1rbara-en-Santa-Cristina-768x1024.jpg 768w, https:\/\/cafebarbantia.barbantia.es\/wp-content\/uploads\/2020\/08\/santa-B\u00e1rbara-en-Santa-Cristina-900x1200.jpg 900w, https:\/\/cafebarbantia.barbantia.es\/wp-content\/uploads\/2020\/08\/santa-B\u00e1rbara-en-Santa-Cristina.jpg 1536w\" sizes=\"(max-width: 225px) 100vw, 225px\" \/><\/a>Aqu\u00ed \u00e9 onde se fai necesaria unha nova desamortizaci\u00f3n, unha reconversi\u00f3n en auditorios, bibliotecas, arquivos, centros culturais, muse\u00edsticos ou sociais a\u00ednda que se lles monte na sancrist\u00eda un\u00a0<i>ambig\u00fa<\/i>\u00a0cunha finalidade primordial: manter activo un edificio hist\u00f3rico e contribu\u00edr dalg\u00fan xeito a que o desmantelamento do rural non sexa tan dr\u00e1stico.<\/p>\n<div>\u00c1 fin, cada pouco vemos a grupos de veci\u00f1os queix\u00e1ndose de como os retablos e murais de m\u00e1is de cinco s\u00e9culos dalgunha capela est\u00e1n perdendo a cor e se cobren de musgo sen que ningu\u00e9n porte por eles, a non ser a boa vontade dos fregueses facendo alg\u00fan petitorio para reparar un tellado e evitar que a humidade o siga podrecendo todo.<\/div>\n<p lang=\"gl-ES\" align=\"justify\">Non \u00e9 a primeira vez que facemos esta reflexi\u00f3n, pero agora fac\u00e9mola amparados por un documento que foi asinado por vinte conferencias episcopais de todo o mundo (escaso n\u00famero dada a magnitude do seu patrimonio) pedindo que se lles dea a estes templos alg\u00fan tipo de uso adecuado coas s\u00faas caracter\u00edsticas.<\/p>\n<p lang=\"gl-ES\" align=\"justify\">Finalmente, quen ter\u00e1 a \u00faltima palabra? Porque \u00e9 evidente que o Estado algo ter\u00e1 que dicir. Se lles permiten non pagar o IBI han de esixir, polo menos, o seu mantemento en condici\u00f3ns adecuadas e un inventario actualizado das pezas que nel se conservan para que non desaparezan por mor da s\u00f3rdida e cobizosa xesti\u00f3n dalg\u00fan crego desalmado. Se lle facemos caso a Xulio, a soluci\u00f3n ser\u00eda resucitar a Mendizabal<\/p>\n","protected":false},"excerpt":{"rendered":"<p>Francisco Ant. Vidal Blanco.\u00a0Procurando paisaxes onde combinar a tranquilidade que se precisa e a seguridade que se necesita, al\u00f3 fomos por eses cami\u00f1os adaptados \u00e1s isoipsas do terreo; por lugares onde a pegada humana hai anos que deixou de ser coti\u00e1 para permitirlle \u00e1s herbas abrollar no medio dos vieiros. De cando en vez unha &hellip; <a href=\"https:\/\/cafebarbantia.barbantia.es\/?p=12402\" class=\"more-link\">Seguir lendo <span class=\"screen-reader-text\">Abandono<\/span> <span class=\"meta-nav\">&rarr;<\/span><\/a><\/p>\n","protected":false},"author":1,"featured_media":0,"comment_status":"open","ping_status":"closed","sticky":false,"template":"","format":"standard","meta":{"_bbp_topic_count":0,"_bbp_reply_count":0,"_bbp_total_topic_count":0,"_bbp_total_reply_count":0,"_bbp_voice_count":0,"_bbp_anonymous_reply_count":0,"_bbp_topic_count_hidden":0,"_bbp_reply_count_hidden":0,"_bbp_forum_subforum_count":0,"_exactmetrics_skip_tracking":false,"_exactmetrics_sitenote_active":false,"_exactmetrics_sitenote_note":"","_exactmetrics_sitenote_category":0,"_monsterinsights_skip_tracking":false,"_monsterinsights_sitenote_active":false,"_monsterinsights_sitenote_note":"","_monsterinsights_sitenote_category":0},"categories":[7,52,9],"tags":[],"aioseo_notices":[],"_links":{"self":[{"href":"https:\/\/cafebarbantia.barbantia.es\/index.php?rest_route=\/wp\/v2\/posts\/12402"}],"collection":[{"href":"https:\/\/cafebarbantia.barbantia.es\/index.php?rest_route=\/wp\/v2\/posts"}],"about":[{"href":"https:\/\/cafebarbantia.barbantia.es\/index.php?rest_route=\/wp\/v2\/types\/post"}],"author":[{"embeddable":true,"href":"https:\/\/cafebarbantia.barbantia.es\/index.php?rest_route=\/wp\/v2\/users\/1"}],"replies":[{"embeddable":true,"href":"https:\/\/cafebarbantia.barbantia.es\/index.php?rest_route=%2Fwp%2Fv2%2Fcomments&post=12402"}],"version-history":[{"count":1,"href":"https:\/\/cafebarbantia.barbantia.es\/index.php?rest_route=\/wp\/v2\/posts\/12402\/revisions"}],"predecessor-version":[{"id":12405,"href":"https:\/\/cafebarbantia.barbantia.es\/index.php?rest_route=\/wp\/v2\/posts\/12402\/revisions\/12405"}],"wp:attachment":[{"href":"https:\/\/cafebarbantia.barbantia.es\/index.php?rest_route=%2Fwp%2Fv2%2Fmedia&parent=12402"}],"wp:term":[{"taxonomy":"category","embeddable":true,"href":"https:\/\/cafebarbantia.barbantia.es\/index.php?rest_route=%2Fwp%2Fv2%2Fcategories&post=12402"},{"taxonomy":"post_tag","embeddable":true,"href":"https:\/\/cafebarbantia.barbantia.es\/index.php?rest_route=%2Fwp%2Fv2%2Ftags&post=12402"}],"curies":[{"name":"wp","href":"https:\/\/api.w.org\/{rel}","templated":true}]}}