{"id":12443,"date":"2020-09-28T06:00:30","date_gmt":"2020-09-28T06:00:30","guid":{"rendered":"http:\/\/cafebarbantia.barbantia.es\/?p=12443"},"modified":"2020-09-21T07:00:43","modified_gmt":"2020-09-21T07:00:43","slug":"a-noite-do-lobo","status":"publish","type":"post","link":"https:\/\/cafebarbantia.barbantia.es\/?p=12443","title":{"rendered":"A noite do lobo"},"content":{"rendered":"<p style=\"text-align: justify;\"><a href=\"http:\/\/cafebarbantia.barbantia.es\/wp-content\/uploads\/2020\/08\/O-Andel.-A_noite_do_lobo_Abel_Tome.-Maio.jpg\"><img decoding=\"async\" loading=\"lazy\" class=\"alignright size-medium wp-image-12444\" alt=\"O Andel. A_noite_do_lobo_Abel_Tome. Maio\" src=\"http:\/\/cafebarbantia.barbantia.es\/wp-content\/uploads\/2020\/08\/O-Andel.-A_noite_do_lobo_Abel_Tome.-Maio-195x300.jpg\" width=\"195\" height=\"300\" srcset=\"https:\/\/cafebarbantia.barbantia.es\/wp-content\/uploads\/2020\/08\/O-Andel.-A_noite_do_lobo_Abel_Tome.-Maio-195x300.jpg 195w, https:\/\/cafebarbantia.barbantia.es\/wp-content\/uploads\/2020\/08\/O-Andel.-A_noite_do_lobo_Abel_Tome.-Maio.jpg 500w\" sizes=\"(max-width: 195px) 100vw, 195px\" \/><\/a><em><strong>Rom\u00e1n Ar\u00e9n.\u00a0<\/strong><\/em>Abel Tom\u00e9 (Outes, 1984) consolida o seu debut como narrador con <i>A noite do lobo<\/i>, Premio Illa Nova 2019, do que xa ficara finalista coa s\u00faa primeira novela, <i>A noite do corvo<\/i>. Paisaxes agrestes, pasado escuro nas personaxes, un ton g\u00f3tico,\u00a0 ou a violencia son as caracter\u00edsticas desta novela, que est\u00e1 m\u00e1is preto do romance ca da novela psicol\u00f3xica, e que vai gustar a novas lectoras afeitas, e afeitos \u00e1 aventura. Pero falo para lectoras, sobre todo, porque a obra de Tom\u00e9 fai na muller atenci\u00f3n especial, pois que se dexerga un certo ton feminista nesta historia de lobos que serve de homenaxe \u00e1s mulleres oprimidas, nunha sociedade esmagadora e abafante.<!--more--> A obra \u00e9, as\u00ed, \u00a0algo m\u00e1is ca un romance de aventuras situado nunha Galicia preta que nunca se cita. Abraia tam\u00e9n o forte desexo da nada, da morte, do protagonista, Louren\u00e7o d\u2019Ourantes, e a violencia da trama. O autor logra dar moi ben o ritmo desta escura di\u00e9xese, con f\u00edos secundarios cheos de interese. Axilidade narrativa que facilita unha doada lectura. A novela forma parella coa anterior, pero \u00e9 aut\u00f3noma, e haber\u00e1 que agardar a nova entrega desta trilox\u00eda, para completar este mundo mouro e salvaxe. O ton escuro est\u00e1 moi ben conseguido e an\u00fancianos un narrador que ten moito que contar.<\/p>\n<p>&nbsp;<\/p>\n","protected":false},"excerpt":{"rendered":"<p>Rom\u00e1n Ar\u00e9n.\u00a0Abel Tom\u00e9 (Outes, 1984) consolida o seu debut como narrador con A noite do lobo, Premio Illa Nova 2019, do que xa ficara finalista coa s\u00faa primeira novela, A noite do corvo. Paisaxes agrestes, pasado escuro nas personaxes, un ton g\u00f3tico,\u00a0 ou a violencia son as caracter\u00edsticas desta novela, que est\u00e1 m\u00e1is preto do &hellip; <a href=\"https:\/\/cafebarbantia.barbantia.es\/?p=12443\" class=\"more-link\">Seguir lendo <span class=\"screen-reader-text\">A noite do lobo<\/span> <span class=\"meta-nav\">&rarr;<\/span><\/a><\/p>\n","protected":false},"author":1,"featured_media":0,"comment_status":"open","ping_status":"closed","sticky":false,"template":"","format":"standard","meta":{"_bbp_topic_count":0,"_bbp_reply_count":0,"_bbp_total_topic_count":0,"_bbp_total_reply_count":0,"_bbp_voice_count":0,"_bbp_anonymous_reply_count":0,"_bbp_topic_count_hidden":0,"_bbp_reply_count_hidden":0,"_bbp_forum_subforum_count":0,"_exactmetrics_skip_tracking":false,"_exactmetrics_sitenote_active":false,"_exactmetrics_sitenote_note":"","_exactmetrics_sitenote_category":0,"_monsterinsights_skip_tracking":false,"_monsterinsights_sitenote_active":false,"_monsterinsights_sitenote_note":"","_monsterinsights_sitenote_category":0},"categories":[9,28],"tags":[],"aioseo_notices":[],"_links":{"self":[{"href":"https:\/\/cafebarbantia.barbantia.es\/index.php?rest_route=\/wp\/v2\/posts\/12443"}],"collection":[{"href":"https:\/\/cafebarbantia.barbantia.es\/index.php?rest_route=\/wp\/v2\/posts"}],"about":[{"href":"https:\/\/cafebarbantia.barbantia.es\/index.php?rest_route=\/wp\/v2\/types\/post"}],"author":[{"embeddable":true,"href":"https:\/\/cafebarbantia.barbantia.es\/index.php?rest_route=\/wp\/v2\/users\/1"}],"replies":[{"embeddable":true,"href":"https:\/\/cafebarbantia.barbantia.es\/index.php?rest_route=%2Fwp%2Fv2%2Fcomments&post=12443"}],"version-history":[{"count":2,"href":"https:\/\/cafebarbantia.barbantia.es\/index.php?rest_route=\/wp\/v2\/posts\/12443\/revisions"}],"predecessor-version":[{"id":12446,"href":"https:\/\/cafebarbantia.barbantia.es\/index.php?rest_route=\/wp\/v2\/posts\/12443\/revisions\/12446"}],"wp:attachment":[{"href":"https:\/\/cafebarbantia.barbantia.es\/index.php?rest_route=%2Fwp%2Fv2%2Fmedia&parent=12443"}],"wp:term":[{"taxonomy":"category","embeddable":true,"href":"https:\/\/cafebarbantia.barbantia.es\/index.php?rest_route=%2Fwp%2Fv2%2Fcategories&post=12443"},{"taxonomy":"post_tag","embeddable":true,"href":"https:\/\/cafebarbantia.barbantia.es\/index.php?rest_route=%2Fwp%2Fv2%2Ftags&post=12443"}],"curies":[{"name":"wp","href":"https:\/\/api.w.org\/{rel}","templated":true}]}}