{"id":12484,"date":"2020-09-23T06:00:55","date_gmt":"2020-09-23T06:00:55","guid":{"rendered":"http:\/\/cafebarbantia.barbantia.es\/?p=12484"},"modified":"2020-09-22T06:40:32","modified_gmt":"2020-09-22T06:40:32","slug":"conversas-de-escaparate-posta-a-punto","status":"publish","type":"post","link":"https:\/\/cafebarbantia.barbantia.es\/?p=12484","title":{"rendered":"Conversas de escaparate. Posta a punto"},"content":{"rendered":"<p align=\"justify\"><span style=\"font-family: 'Times New Roman', serif; font-size: large;\"><em><strong><a href=\"http:\/\/cafebarbantia.barbantia.es\/wp-content\/uploads\/2020\/09\/esca1.png\"><img decoding=\"async\" loading=\"lazy\" class=\"alignleft size-medium wp-image-12485\" alt=\"esca1\" src=\"http:\/\/cafebarbantia.barbantia.es\/wp-content\/uploads\/2020\/09\/esca1-226x300.png\" width=\"226\" height=\"300\" srcset=\"https:\/\/cafebarbantia.barbantia.es\/wp-content\/uploads\/2020\/09\/esca1-226x300.png 226w, https:\/\/cafebarbantia.barbantia.es\/wp-content\/uploads\/2020\/09\/esca1.png 382w\" sizes=\"(max-width: 226px) 100vw, 226px\" \/><\/a>Fidel Vidal.\u00a0<\/strong><\/em>-Non vos enganedes. Foron as outras que fixeron un aparte. Disque por presumida. Pero debaixo do sombreiro agocho a vergo\u00f1a que me trouxo at\u00e9 esta vitrina de luxo. Cansa de tantas bagoas e m\u00e1goas pasadas, non vou chorar agora. Calamidades a cot\u00edo sementaron as nosas vidas, as propias e das mi\u00f1as irm\u00e1s, as xemelgas, por culpa dun pai que non mereciamos. Borracho e lacaz\u00e1n. Intentou desvirgar as tres fillas que nun forzado matrimonio deu parir a nosa non menos culp\u00e1bel nai. Un d\u00fao pernicioso. <!--more-->Se as noites eran tormentosas os d\u00edas non lle \u00edan atr\u00e1s. <\/span><\/p>\n<p align=\"justify\"><span style=\"font-family: 'Times New Roman', serif; font-size: large;\">\u00bbCansei de pregar a Deus, de implorar a morte dos dous. Estounos a ver r\u00edndose dos nosos desmaios, d\u00e9biles en exceso, e mal alimentadas. No derradeiro recado decid\u00edn seguir adiante e non parei de cami\u00f1ar at\u00e9 dar cos meus p\u00e9s nunha estrada onde me recolleu un camioneiro. Non abusou de min, s\u00f3 me acari\u00f1ou e dixo algo que entend\u00edn como que lle recordaba unha s\u00faa filla. Unha filla ou unha noiva, non puiden comprender pero \u2013e iso non precisaba de tradutor- si souben que a moza \u00e1 que se refer\u00eda o meu condutor non estaba viva. O bo home secou as b\u00e1goas mentres falaba e braceaba na explicaci\u00f3n.<\/span><\/p>\n<p align=\"justify\"><span style=\"font-family: 'Times New Roman', serif; font-size: large;\"><a href=\"http:\/\/cafebarbantia.barbantia.es\/wp-content\/uploads\/2020\/09\/esca2.png\"><img decoding=\"async\" loading=\"lazy\" class=\"alignright size-medium wp-image-12486\" alt=\"esca2\" src=\"http:\/\/cafebarbantia.barbantia.es\/wp-content\/uploads\/2020\/09\/esca2-259x300.png\" width=\"259\" height=\"300\" srcset=\"https:\/\/cafebarbantia.barbantia.es\/wp-content\/uploads\/2020\/09\/esca2-259x300.png 259w, https:\/\/cafebarbantia.barbantia.es\/wp-content\/uploads\/2020\/09\/esca2.png 336w\" sizes=\"(max-width: 259px) 100vw, 259px\" \/><\/a>\u00bbQue podes facer, incluso pensar, vendo como o teu pai mete a man por debaixo das faldras das t\u00faas irm\u00e1s sentadas unha a cada lado? As nenas, inocentes, sorrindo, queix\u00e1banse: \u201cPap\u00e1, pap\u00e1, que me magoas\u201d. Dous alcoh\u00f3licos. Dous dexenerados. O d\u00eda que me enfrontei ao meu pai empu\u00f1ando un coitelo, fun testemu\u00f1a da s\u00faa covard\u00eda, o susto nos seus ollos. Estaba b\u00e9bedo e non pod\u00eda comigo. Un cagui\u00f1as. Ese d\u00eda decidira liscar para non regresar xamais. As nais, as nais, falan das nais como de bondadosas se\u00f1ori\u00f1as que dan a vida polos fillos. Ser\u00e1 polos fillos, pero non polas fillas. Quer\u00edanos converter en putas para encheren a carteira. A funci\u00f3n do pai seica era p\u00f3rnos a punto.<\/span><\/p>\n<p align=\"justify\">\n","protected":false},"excerpt":{"rendered":"<p>Fidel Vidal.\u00a0-Non vos enganedes. Foron as outras que fixeron un aparte. Disque por presumida. Pero debaixo do sombreiro agocho a vergo\u00f1a que me trouxo at\u00e9 esta vitrina de luxo. Cansa de tantas bagoas e m\u00e1goas pasadas, non vou chorar agora. Calamidades a cot\u00edo sementaron as nosas vidas, as propias e das mi\u00f1as irm\u00e1s, as xemelgas, &hellip; <a href=\"https:\/\/cafebarbantia.barbantia.es\/?p=12484\" class=\"more-link\">Seguir lendo <span class=\"screen-reader-text\">Conversas de escaparate. Posta a punto<\/span> <span class=\"meta-nav\">&rarr;<\/span><\/a><\/p>\n","protected":false},"author":1,"featured_media":0,"comment_status":"open","ping_status":"closed","sticky":false,"template":"","format":"standard","meta":{"_bbp_topic_count":0,"_bbp_reply_count":0,"_bbp_total_topic_count":0,"_bbp_total_reply_count":0,"_bbp_voice_count":0,"_bbp_anonymous_reply_count":0,"_bbp_topic_count_hidden":0,"_bbp_reply_count_hidden":0,"_bbp_forum_subforum_count":0,"_exactmetrics_skip_tracking":false,"_exactmetrics_sitenote_active":false,"_exactmetrics_sitenote_note":"","_exactmetrics_sitenote_category":0,"_monsterinsights_skip_tracking":false,"_monsterinsights_sitenote_active":false,"_monsterinsights_sitenote_note":"","_monsterinsights_sitenote_category":0},"categories":[65,32,9],"tags":[],"aioseo_notices":[],"_links":{"self":[{"href":"https:\/\/cafebarbantia.barbantia.es\/index.php?rest_route=\/wp\/v2\/posts\/12484"}],"collection":[{"href":"https:\/\/cafebarbantia.barbantia.es\/index.php?rest_route=\/wp\/v2\/posts"}],"about":[{"href":"https:\/\/cafebarbantia.barbantia.es\/index.php?rest_route=\/wp\/v2\/types\/post"}],"author":[{"embeddable":true,"href":"https:\/\/cafebarbantia.barbantia.es\/index.php?rest_route=\/wp\/v2\/users\/1"}],"replies":[{"embeddable":true,"href":"https:\/\/cafebarbantia.barbantia.es\/index.php?rest_route=%2Fwp%2Fv2%2Fcomments&post=12484"}],"version-history":[{"count":1,"href":"https:\/\/cafebarbantia.barbantia.es\/index.php?rest_route=\/wp\/v2\/posts\/12484\/revisions"}],"predecessor-version":[{"id":12487,"href":"https:\/\/cafebarbantia.barbantia.es\/index.php?rest_route=\/wp\/v2\/posts\/12484\/revisions\/12487"}],"wp:attachment":[{"href":"https:\/\/cafebarbantia.barbantia.es\/index.php?rest_route=%2Fwp%2Fv2%2Fmedia&parent=12484"}],"wp:term":[{"taxonomy":"category","embeddable":true,"href":"https:\/\/cafebarbantia.barbantia.es\/index.php?rest_route=%2Fwp%2Fv2%2Fcategories&post=12484"},{"taxonomy":"post_tag","embeddable":true,"href":"https:\/\/cafebarbantia.barbantia.es\/index.php?rest_route=%2Fwp%2Fv2%2Ftags&post=12484"}],"curies":[{"name":"wp","href":"https:\/\/api.w.org\/{rel}","templated":true}]}}