{"id":12498,"date":"2020-09-25T06:00:46","date_gmt":"2020-09-25T06:00:46","guid":{"rendered":"http:\/\/cafebarbantia.barbantia.es\/?p=12498"},"modified":"2020-09-18T10:02:58","modified_gmt":"2020-09-18T10:02:58","slug":"caosmos-de-anton-patino","status":"publish","type":"post","link":"https:\/\/cafebarbantia.barbantia.es\/?p=12498","title":{"rendered":"Caosmos de Ant\u00f3n Pati\u00f1o"},"content":{"rendered":"<p lang=\"gl-ES\" align=\"justify\"><strong><em><a href=\"http:\/\/cafebarbantia.barbantia.es\/wp-content\/uploads\/2020\/09\/416px-Ant\u00f3n_Pati\u00f1o-_1.jpg\"><img decoding=\"async\" loading=\"lazy\" class=\"alignleft size-medium wp-image-12499\" alt=\"416px-Ant\u00f3n_Pati\u00f1o-_1\" src=\"http:\/\/cafebarbantia.barbantia.es\/wp-content\/uploads\/2020\/09\/416px-Ant\u00f3n_Pati\u00f1o-_1-300x199.jpg\" width=\"300\" height=\"199\" srcset=\"https:\/\/cafebarbantia.barbantia.es\/wp-content\/uploads\/2020\/09\/416px-Ant\u00f3n_Pati\u00f1o-_1-300x199.jpg 300w, https:\/\/cafebarbantia.barbantia.es\/wp-content\/uploads\/2020\/09\/416px-Ant\u00f3n_Pati\u00f1o-_1.jpg 416w\" sizes=\"(max-width: 300px) 100vw, 300px\" \/><\/a>Pilar Sampedro<\/em>.\u00a0<\/strong>Pati\u00f1o \u00e9 un apelido querido entre n\u00f3s. Fala de arte e cultura, dos artistas, Raimundo, Ant\u00f3n, Lois\u2026 e de libreiros: con Ant\u00f3n Pati\u00f1o, o home que vi\u00f1a da Rep\u00fablica para traballar nos eidos da micolox\u00eda e dos libros, fundando a librar\u00eda Librouro en Vigo \u00e1 que lle d\u00e1 continuidade o seu fillo Xurxo.<!--more--><\/p>\n<p lang=\"gl-ES\" align=\"justify\">Ant\u00f3n Pati\u00f1o non \u00e9 s\u00f3 un artista. Por iso, a exposici\u00f3n recolle tam\u00e9n as publicaci\u00f3ns relacionadas coa literatura, pensamento ou o ensaio art\u00edstico. As referencias culturais da Galicia actual son obxecto da s\u00faa investigaci\u00f3n ao longo do tempo e grazas a el te\u00f1en sido divulgadas moitas veces fora de Galicia. As m\u00faltiples facetas da s\u00faa figura quedan as\u00ed compiladas na mostra.<\/p>\n<p lang=\"gl-ES\" align=\"justify\">Ant\u00f3n Pati\u00f1o semella recoller todos eses mundos da palabra e a pintura, dende o movemento Atl\u00e1ntica, a revista Loia, con Rivas e os irm\u00e1ns Pereiro, o grupo po\u00e9tico Rompente con Reixa e demais, a contracultura urbana, a banda dese\u00f1ada, revistas e portadas de discos. En palabras de Santiago Olmo, Pati\u00f1o \u00e9 un pensador poli\u00e9drico, vinculado \u00e1 poes\u00eda, ao ensaio, \u00e1 escrita, \u00e1 testemu\u00f1a e \u00e1 an\u00e1lise cr\u00edtica das artes visuais; atento \u00e1 tradici\u00f3n e \u00e1 modernidade.<\/p>\n<p lang=\"gl-ES\" align=\"justify\">As pezas falan desa vinculaci\u00f3n cos tempos, que recollen a complexidade dunha obra que comeza nos anos setenta e chega \u00e1 actualidade, interpretando a tensi\u00f3n dos \u00faltimos d\u00edas da Ditadura a trav\u00e9s de obras coma os selos de Franco relacionados coas \u00faltimas execuci\u00f3ns, dos atentados de Atocha a trav\u00e9s dunha relaci\u00f3n coa iconograf\u00eda picassiana. O pop coas alegres cores que nos falan dun tempo vitalista. O autorretrato. O que \u00e9 vangarda en cada momento, permitindo a evoluci\u00f3n propia enmarcada nas correntes predominantes.<\/p>\n<p lang=\"gl-ES\">Caosmos. Caos e cosmos. Cosmos organizado e propio. Caos disperso e fragmentario.<\/p>\n<p lang=\"gl-ES\" style=\"text-align: justify;\">Da tensi\u00f3n entre natureza e cultura, da intuici\u00f3n ao pensamento, do comunitario ao individual. Entre a figuraci\u00f3n e a abstracci\u00f3n. Unha articulaci\u00f3n dentro da incerteza. Constelaci\u00f3ns ou panor\u00e1micas nas que a xestualidade incorpora o ritmo. Atmosferas crom\u00e1ticas que falan de percepci\u00f3n sensorial. Li\u00f1as e cores, case graffitis ou mara\u00f1as que se vinculan aos mapas do inconsciente.<\/p>\n<p lang=\"gl-ES\" style=\"text-align: justify;\">E no remate, esa iconograf\u00eda propia de alas, cruces, casa e cara ou barcos que semellan perdidos no gran lenzo, figuras que se reiteran, lenzo tras lenzo: o so\u00f1o incumprido de \u00cdcaro e o barco con mari\u00f1eiros que fala do oce\u00e1nico sempre a punto da marea negra.<\/p>\n<p lang=\"gl-ES\" style=\"text-align: justify;\">A modo de exemplo, m\u00f3strasenos o \u201cCaderno do <i>Prestige\u201d <\/i>de 2002 , mediante un v\u00eddeo para que poidamos observar ese diario visual do loito cando a gran balea negra asolagou o noso mar. Cartograf\u00edas propias e reco\u00f1ecibles que acompa\u00f1an a obra a pesar dos cambios. E sempre, presente, a volta \u00e1s orixes, ao pa\u00eds, ao lado da contemporaneidade.<\/p>\n<p lang=\"gl-ES\" style=\"text-align: justify;\" align=\"justify\">Unha antol\u00f3xica, un percorrido pola s\u00faa obra a trav\u00e9s de series representativas de cada etapa.<\/p>\n","protected":false},"excerpt":{"rendered":"<p>Pilar Sampedro.\u00a0Pati\u00f1o \u00e9 un apelido querido entre n\u00f3s. Fala de arte e cultura, dos artistas, Raimundo, Ant\u00f3n, Lois\u2026 e de libreiros: con Ant\u00f3n Pati\u00f1o, o home que vi\u00f1a da Rep\u00fablica para traballar nos eidos da micolox\u00eda e dos libros, fundando a librar\u00eda Librouro en Vigo \u00e1 que lle d\u00e1 continuidade o seu fillo Xurxo.<\/p>\n","protected":false},"author":1,"featured_media":0,"comment_status":"open","ping_status":"closed","sticky":false,"template":"","format":"standard","meta":{"_bbp_topic_count":0,"_bbp_reply_count":0,"_bbp_total_topic_count":0,"_bbp_total_reply_count":0,"_bbp_voice_count":0,"_bbp_anonymous_reply_count":0,"_bbp_topic_count_hidden":0,"_bbp_reply_count_hidden":0,"_bbp_forum_subforum_count":0,"_exactmetrics_skip_tracking":false,"_exactmetrics_sitenote_active":false,"_exactmetrics_sitenote_note":"","_exactmetrics_sitenote_category":0,"_monsterinsights_skip_tracking":false,"_monsterinsights_sitenote_active":false,"_monsterinsights_sitenote_note":"","_monsterinsights_sitenote_category":0},"categories":[4,69],"tags":[],"aioseo_notices":[],"_links":{"self":[{"href":"https:\/\/cafebarbantia.barbantia.es\/index.php?rest_route=\/wp\/v2\/posts\/12498"}],"collection":[{"href":"https:\/\/cafebarbantia.barbantia.es\/index.php?rest_route=\/wp\/v2\/posts"}],"about":[{"href":"https:\/\/cafebarbantia.barbantia.es\/index.php?rest_route=\/wp\/v2\/types\/post"}],"author":[{"embeddable":true,"href":"https:\/\/cafebarbantia.barbantia.es\/index.php?rest_route=\/wp\/v2\/users\/1"}],"replies":[{"embeddable":true,"href":"https:\/\/cafebarbantia.barbantia.es\/index.php?rest_route=%2Fwp%2Fv2%2Fcomments&post=12498"}],"version-history":[{"count":1,"href":"https:\/\/cafebarbantia.barbantia.es\/index.php?rest_route=\/wp\/v2\/posts\/12498\/revisions"}],"predecessor-version":[{"id":12500,"href":"https:\/\/cafebarbantia.barbantia.es\/index.php?rest_route=\/wp\/v2\/posts\/12498\/revisions\/12500"}],"wp:attachment":[{"href":"https:\/\/cafebarbantia.barbantia.es\/index.php?rest_route=%2Fwp%2Fv2%2Fmedia&parent=12498"}],"wp:term":[{"taxonomy":"category","embeddable":true,"href":"https:\/\/cafebarbantia.barbantia.es\/index.php?rest_route=%2Fwp%2Fv2%2Fcategories&post=12498"},{"taxonomy":"post_tag","embeddable":true,"href":"https:\/\/cafebarbantia.barbantia.es\/index.php?rest_route=%2Fwp%2Fv2%2Ftags&post=12498"}],"curies":[{"name":"wp","href":"https:\/\/api.w.org\/{rel}","templated":true}]}}