{"id":12586,"date":"2020-10-23T06:00:40","date_gmt":"2020-10-23T06:00:40","guid":{"rendered":"http:\/\/cafebarbantia.barbantia.es\/?p=12586"},"modified":"2020-10-19T18:58:15","modified_gmt":"2020-10-19T18:58:15","slug":"zona-nova-zona-vella","status":"publish","type":"post","link":"https:\/\/cafebarbantia.barbantia.es\/?p=12586","title":{"rendered":"Zona nova, zona vella"},"content":{"rendered":"<figure id=\"attachment_12587\" aria-describedby=\"caption-attachment-12587\" style=\"width: 300px\" class=\"wp-caption alignleft\"><a href=\"http:\/\/cafebarbantia.barbantia.es\/wp-content\/uploads\/2020\/10\/SY18C1F1.jpg\"><img decoding=\"async\" loading=\"lazy\" class=\"size-medium wp-image-12587\" alt=\"Foto: La Voz de Galicia\" src=\"http:\/\/cafebarbantia.barbantia.es\/wp-content\/uploads\/2020\/10\/SY18C1F1-300x205.jpg\" width=\"300\" height=\"205\" srcset=\"https:\/\/cafebarbantia.barbantia.es\/wp-content\/uploads\/2020\/10\/SY18C1F1-300x205.jpg 300w, https:\/\/cafebarbantia.barbantia.es\/wp-content\/uploads\/2020\/10\/SY18C1F1-900x616.jpg 900w, https:\/\/cafebarbantia.barbantia.es\/wp-content\/uploads\/2020\/10\/SY18C1F1.jpg 980w\" sizes=\"(max-width: 300px) 100vw, 300px\" \/><\/a><figcaption id=\"caption-attachment-12587\" class=\"wp-caption-text\">Foto: La Voz de Galicia<\/figcaption><\/figure>\n<p style=\"text-align: justify;\"><em><strong>X. Ricardo Losada.\u00a0<\/strong><\/em>Hai unha pel\u00edcula, creo que de Sorrentino, na que un dos personaxes di que os aut\u00e9nticos habitantes de Roma son os turistas. \u00c9 un dos grandes problemas ao que se enfrontan na actualidade moitas cidades tur\u00edsticas do mundo, desde Santiago a Barcelona, por mencionar s\u00f3 d\u00faas moi pr\u00f3ximas. <!--more-->Non vou tratar aqu\u00ed un problema no que nunca profundei, do que te\u00f1o unha informaci\u00f3n moi limitada e unha experiencia moi parcial, a do turista, incluso en Santiago, cidade na que viv\u00edn sete anos como estudante, pero nunha \u00e9poca (os anos oitenta do s\u00e9culo pasado) na que o problema tur\u00edstico non acadara as dimensi\u00f3ns actuais.<\/p>\n<p style=\"text-align: justify;\">\u00a0\u00a0\u00a0\u00a0\u00a0 A mi\u00f1a relaci\u00f3n con Santiago \u00e9 hoxe unha relaci\u00f3n dif\u00edcil, pero non polo exceso de visitantes. Supo\u00f1o que como residente estar\u00eda molesto, mesmo como turista (non me gustan as zonas monumentais convertidas en parques tem\u00e1ticos), pero como visitante ocasional non me alteran o m\u00e1is m\u00ednimo as masas de turistas que ocupan as r\u00faas en temporada alta. Vivo nun sitio moi tranquilo, no que \u00e9 dif\u00edcil ver xente pola r\u00faa ou nas cafeter\u00edas e, como \u00e9 l\u00f3xico (l\u00f3xico para min), cando viaxo g\u00fastame gozar o contrario do que te\u00f1o na mi\u00f1a residencia habitual, por moito que non sexa o meu ideal de vida. Creo que esa debe ser a raz\u00f3n de que me gusten os aeroportos ou as estaci\u00f3ns de autobuses e de trens en hora punta.<\/p>\n<p style=\"text-align: justify;\">\u00a0\u00a0\u00a0\u00a0\u00a0 A nivel persoal, o problema que lle vexo a Santiago \u00e9 outro. Desde que deixara de vivir al\u00ed, gust\u00e1bame ir e atoparme con persoas que hab\u00eda tempo que non v\u00eda, xa fose na zona vella ou na zona nova. Hoxe non atopo practicamente a ning\u00fan daqueles co\u00f1ecidos, debido, supo\u00f1o, a que a maior\u00eda deles non eran aut\u00f3ctonos nin acabaron traballando al\u00ed, e esas ausencias prov\u00f3canme unha sensaci\u00f3n tan estra\u00f1a e desagradable que, pouco a pouco, fun facendo m\u00e1is curtas e final\u00edsticas as mi\u00f1as visitas a Santiago: comprar libros, visitar exposici\u00f3ns, ir ao cine, de tal forma que a mi\u00f1a mente acabou levantando un viaduto entre o meu Santiago de estudante e o actual parecido a ese que din que hai na cidade de M\u00e9xico (30 mill\u00f3ns de habitantes) e que a divide en d\u00faas partes, a norte e a sur, de tal xeito que se dous noivos viven un na zona norte e outro na sur, din que \u00e9 mellor deixalo porque os amores a distancia non funcionan. \u00c9 o que me est\u00e1 pasando a min con Santiago. A\u00ednda que seguimos profundamente namorados, estamos tan lonxe, que decidimos que ser\u00eda mellor deixalo.<\/p>\n","protected":false},"excerpt":{"rendered":"<p>X. Ricardo Losada.\u00a0Hai unha pel\u00edcula, creo que de Sorrentino, na que un dos personaxes di que os aut\u00e9nticos habitantes de Roma son os turistas. \u00c9 un dos grandes problemas ao que se enfrontan na actualidade moitas cidades tur\u00edsticas do mundo, desde Santiago a Barcelona, por mencionar s\u00f3 d\u00faas moi pr\u00f3ximas.<\/p>\n","protected":false},"author":1,"featured_media":0,"comment_status":"open","ping_status":"closed","sticky":false,"template":"","format":"standard","meta":{"_bbp_topic_count":0,"_bbp_reply_count":0,"_bbp_total_topic_count":0,"_bbp_total_reply_count":0,"_bbp_voice_count":0,"_bbp_anonymous_reply_count":0,"_bbp_topic_count_hidden":0,"_bbp_reply_count_hidden":0,"_bbp_forum_subforum_count":0,"_exactmetrics_skip_tracking":false,"_exactmetrics_sitenote_active":false,"_exactmetrics_sitenote_note":"","_exactmetrics_sitenote_category":0,"_monsterinsights_skip_tracking":false,"_monsterinsights_sitenote_active":false,"_monsterinsights_sitenote_note":"","_monsterinsights_sitenote_category":0},"categories":[7,9,26],"tags":[],"aioseo_notices":[],"_links":{"self":[{"href":"https:\/\/cafebarbantia.barbantia.es\/index.php?rest_route=\/wp\/v2\/posts\/12586"}],"collection":[{"href":"https:\/\/cafebarbantia.barbantia.es\/index.php?rest_route=\/wp\/v2\/posts"}],"about":[{"href":"https:\/\/cafebarbantia.barbantia.es\/index.php?rest_route=\/wp\/v2\/types\/post"}],"author":[{"embeddable":true,"href":"https:\/\/cafebarbantia.barbantia.es\/index.php?rest_route=\/wp\/v2\/users\/1"}],"replies":[{"embeddable":true,"href":"https:\/\/cafebarbantia.barbantia.es\/index.php?rest_route=%2Fwp%2Fv2%2Fcomments&post=12586"}],"version-history":[{"count":1,"href":"https:\/\/cafebarbantia.barbantia.es\/index.php?rest_route=\/wp\/v2\/posts\/12586\/revisions"}],"predecessor-version":[{"id":12588,"href":"https:\/\/cafebarbantia.barbantia.es\/index.php?rest_route=\/wp\/v2\/posts\/12586\/revisions\/12588"}],"wp:attachment":[{"href":"https:\/\/cafebarbantia.barbantia.es\/index.php?rest_route=%2Fwp%2Fv2%2Fmedia&parent=12586"}],"wp:term":[{"taxonomy":"category","embeddable":true,"href":"https:\/\/cafebarbantia.barbantia.es\/index.php?rest_route=%2Fwp%2Fv2%2Fcategories&post=12586"},{"taxonomy":"post_tag","embeddable":true,"href":"https:\/\/cafebarbantia.barbantia.es\/index.php?rest_route=%2Fwp%2Fv2%2Ftags&post=12586"}],"curies":[{"name":"wp","href":"https:\/\/api.w.org\/{rel}","templated":true}]}}