{"id":12594,"date":"2020-11-02T06:00:52","date_gmt":"2020-11-02T06:00:52","guid":{"rendered":"http:\/\/cafebarbantia.barbantia.es\/?p=12594"},"modified":"2020-10-25T10:15:11","modified_gmt":"2020-10-25T10:15:11","slug":"santana-terra-de-palhocas-e-levadas","status":"publish","type":"post","link":"https:\/\/cafebarbantia.barbantia.es\/?p=12594","title":{"rendered":"Santana, terra de palho\u00e7as e levadas"},"content":{"rendered":"<p style=\"text-align: justify;\"><em><strong><a href=\"http:\/\/cafebarbantia.barbantia.es\/wp-content\/uploads\/2020\/10\/santana-1.jpg\"><img decoding=\"async\" loading=\"lazy\" class=\"alignleft size-medium wp-image-12595\" alt=\"santana 1\" src=\"http:\/\/cafebarbantia.barbantia.es\/wp-content\/uploads\/2020\/10\/santana-1-300x168.jpg\" width=\"300\" height=\"168\" srcset=\"https:\/\/cafebarbantia.barbantia.es\/wp-content\/uploads\/2020\/10\/santana-1-300x168.jpg 300w, https:\/\/cafebarbantia.barbantia.es\/wp-content\/uploads\/2020\/10\/santana-1-1024x576.jpg 1024w, https:\/\/cafebarbantia.barbantia.es\/wp-content\/uploads\/2020\/10\/santana-1-900x506.jpg 900w, https:\/\/cafebarbantia.barbantia.es\/wp-content\/uploads\/2020\/10\/santana-1.jpg 1920w\" sizes=\"(max-width: 300px) 100vw, 300px\" \/><\/a>Xerardo AgraFoxo. <\/strong><\/em>Atravesar a illa para chegar \u00e1 costa norte, sup\u00f3n serpear con abraio as faldras dunha monta\u00f1a chea de socalcos salferidos con aldeas cativas e cultivos tropicais. Un abeiro onde as manchas de n\u00e9boa e os ventos h\u00famidos anuncian as paisaxes t\u00e9pedas propias da laurisilva<!--more-->, unha especie de loureiro que se d\u00e1 nestas fragas dende hai dous mill\u00f3ns de anos. Un ecosistema que pola diversidade das s\u00faas plantas e a fauna que nel habita foi declarado pola UNESCO Patrimonio Natural da Humanidade.<\/p>\n<p style=\"text-align: justify;\">Cando o autob\u00fas da \u00e9poca salazarista chega con preguiza ao concello de Santana, Reserva Mundial da Biosfera, aparecen de s\u00fapeto un monllo de <i>palho\u00e7as<\/i>, a casa tradicional con forma de V invertida, fachadas de cores vivas, tellados de palla e dous andares: un para conservar o millo e outro para acubillar o gando. Dende o eirado onde se atopan estes t\u00edpicos <i>palleiros<\/i> nace unha carreiro que, a trav\u00e9s do Parque Forestal das Queimadas, merg\u00fallase nunha <i>levada<\/i>. A illa conserva dous mil quil\u00f3metros destas canles trazadas polos devanceiros para <i>levar<\/i> a auga dende os outeiros m\u00e1is esgrevios at\u00e9 os vales m\u00e1is baixos do fragoso territorio. Unha tarefa tit\u00e1nica realizada a trav\u00e9s de canles ciceladas nas rochas para salvar as dificultades propias dun volc\u00e1n de \u00e1spera orograf\u00eda, socalcos de vertixe e vizosa vexetaci\u00f3n.<\/p>\n<p align=\"center\">\n","protected":false},"excerpt":{"rendered":"<p>Xerardo AgraFoxo. Atravesar a illa para chegar \u00e1 costa norte, sup\u00f3n serpear con abraio as faldras dunha monta\u00f1a chea de socalcos salferidos con aldeas cativas e cultivos tropicais. Un abeiro onde as manchas de n\u00e9boa e os ventos h\u00famidos anuncian as paisaxes t\u00e9pedas propias da laurisilva<\/p>\n","protected":false},"author":1,"featured_media":0,"comment_status":"open","ping_status":"closed","sticky":false,"template":"","format":"standard","meta":{"_bbp_topic_count":0,"_bbp_reply_count":0,"_bbp_total_topic_count":0,"_bbp_total_reply_count":0,"_bbp_voice_count":0,"_bbp_anonymous_reply_count":0,"_bbp_topic_count_hidden":0,"_bbp_reply_count_hidden":0,"_bbp_forum_subforum_count":0,"_exactmetrics_skip_tracking":false,"_exactmetrics_sitenote_active":false,"_exactmetrics_sitenote_note":"","_exactmetrics_sitenote_category":0,"_monsterinsights_skip_tracking":false,"_monsterinsights_sitenote_active":false,"_monsterinsights_sitenote_note":"","_monsterinsights_sitenote_category":0},"categories":[9,22,21],"tags":[],"aioseo_notices":[],"_links":{"self":[{"href":"https:\/\/cafebarbantia.barbantia.es\/index.php?rest_route=\/wp\/v2\/posts\/12594"}],"collection":[{"href":"https:\/\/cafebarbantia.barbantia.es\/index.php?rest_route=\/wp\/v2\/posts"}],"about":[{"href":"https:\/\/cafebarbantia.barbantia.es\/index.php?rest_route=\/wp\/v2\/types\/post"}],"author":[{"embeddable":true,"href":"https:\/\/cafebarbantia.barbantia.es\/index.php?rest_route=\/wp\/v2\/users\/1"}],"replies":[{"embeddable":true,"href":"https:\/\/cafebarbantia.barbantia.es\/index.php?rest_route=%2Fwp%2Fv2%2Fcomments&post=12594"}],"version-history":[{"count":1,"href":"https:\/\/cafebarbantia.barbantia.es\/index.php?rest_route=\/wp\/v2\/posts\/12594\/revisions"}],"predecessor-version":[{"id":12596,"href":"https:\/\/cafebarbantia.barbantia.es\/index.php?rest_route=\/wp\/v2\/posts\/12594\/revisions\/12596"}],"wp:attachment":[{"href":"https:\/\/cafebarbantia.barbantia.es\/index.php?rest_route=%2Fwp%2Fv2%2Fmedia&parent=12594"}],"wp:term":[{"taxonomy":"category","embeddable":true,"href":"https:\/\/cafebarbantia.barbantia.es\/index.php?rest_route=%2Fwp%2Fv2%2Fcategories&post=12594"},{"taxonomy":"post_tag","embeddable":true,"href":"https:\/\/cafebarbantia.barbantia.es\/index.php?rest_route=%2Fwp%2Fv2%2Ftags&post=12594"}],"curies":[{"name":"wp","href":"https:\/\/api.w.org\/{rel}","templated":true}]}}