{"id":12608,"date":"2020-11-30T06:00:30","date_gmt":"2020-11-30T06:00:30","guid":{"rendered":"http:\/\/cafebarbantia.barbantia.es\/?p=12608"},"modified":"2020-11-26T10:34:02","modified_gmt":"2020-11-26T10:34:02","slug":"porto-santo-un-chanzo-na-ruta-das-indias","status":"publish","type":"post","link":"https:\/\/cafebarbantia.barbantia.es\/?p=12608","title":{"rendered":"Porto Santo, un chanzo na ruta das Indias"},"content":{"rendered":"<p style=\"text-align: justify;\"><em><strong><a href=\"http:\/\/cafebarbantia.barbantia.es\/wp-content\/uploads\/2020\/10\/santo.jpg\"><img decoding=\"async\" loading=\"lazy\" class=\"size-medium wp-image-12609 alignright\" alt=\"santo\" src=\"http:\/\/cafebarbantia.barbantia.es\/wp-content\/uploads\/2020\/10\/santo-300x108.jpg\" width=\"300\" height=\"108\" srcset=\"https:\/\/cafebarbantia.barbantia.es\/wp-content\/uploads\/2020\/10\/santo-300x108.jpg 300w, https:\/\/cafebarbantia.barbantia.es\/wp-content\/uploads\/2020\/10\/santo-1024x370.jpg 1024w, https:\/\/cafebarbantia.barbantia.es\/wp-content\/uploads\/2020\/10\/santo-900x325.jpg 900w, https:\/\/cafebarbantia.barbantia.es\/wp-content\/uploads\/2020\/10\/santo.jpg 1500w\" sizes=\"(max-width: 300px) 100vw, 300px\" \/><\/a>Xerardo AgraFoxo. <\/strong><\/em>At\u00e9 aqu\u00ed chegou no ano 1418 Jo\u00e3o Gon\u00e7alvez Zarco e Bartolomeu Perestrelo, os navegantes enviados por Xo\u00e1n I de Portugal para descubrir novos territorios ao oeste da costa africana.<!--more--> Uns anos m\u00e1is tarde arribou a esta illa un home pobre, Cristovo Col\u00f3n, que co\u00f1eceu nestes eidos a Alonso S\u00e1nchez de Huelva, que chegara \u00e1 esta beiramar por culpa dunha treboada e, antes de morrer no ano 1475, lle revelou a existencia doutras terras seguindo a ruta dos alisios cara aos tr\u00f3picos. Sexa verdadeira ou falsa esta historia, algo estra\u00f1o fixo pos\u00edbel a arribada dos europeos ao Novo Mundo. Naquela estad\u00eda de Col\u00f3n por esta illa casou con Filipa de Moniz, filla de Bartolomeu Perestrelo, gobernador desta lingua de terra afastada de Madeira por unha canle de augas revoltosas.<\/p>\n<p style=\"text-align: justify;\">A illa de Porto Santo, naqueles tempos produtora de cereais, vi\u00f1os e unha tintura vermella do drago, \u00e9 agora unha chaira espida e seca, con escasos recursos e unha poboaci\u00f3n que vive exclusivamente do turismo, cuxo atractivo radica nunha longa praia e na Casa Museo Cristovo Col\u00f3n, restaurada con motivo do 500 aniversario do \u00abdescubrimento de Am\u00e9rica\u00bb. Nela ates\u00f3uranse mapas, cartas n\u00e1uticas e outros documentos interesantes que salientan a posici\u00f3n estrat\u00e9xica de Porto Santo na expansi\u00f3n atl\u00e1ntica que emprenderon os portugueses naquela \u00e9poca de emoci\u00f3ns e aventuras na procura das Indias.<\/p>\n","protected":false},"excerpt":{"rendered":"<p>Xerardo AgraFoxo. At\u00e9 aqu\u00ed chegou no ano 1418 Jo\u00e3o Gon\u00e7alvez Zarco e Bartolomeu Perestrelo, os navegantes enviados por Xo\u00e1n I de Portugal para descubrir novos territorios ao oeste da costa africana.<\/p>\n","protected":false},"author":1,"featured_media":0,"comment_status":"open","ping_status":"closed","sticky":false,"template":"","format":"standard","meta":{"_bbp_topic_count":0,"_bbp_reply_count":0,"_bbp_total_topic_count":0,"_bbp_total_reply_count":0,"_bbp_voice_count":0,"_bbp_anonymous_reply_count":0,"_bbp_topic_count_hidden":0,"_bbp_reply_count_hidden":0,"_bbp_forum_subforum_count":0,"_exactmetrics_skip_tracking":false,"_exactmetrics_sitenote_active":false,"_exactmetrics_sitenote_note":"","_exactmetrics_sitenote_category":0,"_monsterinsights_skip_tracking":false,"_monsterinsights_sitenote_active":false,"_monsterinsights_sitenote_note":"","_monsterinsights_sitenote_category":0},"categories":[9,22,21],"tags":[],"aioseo_notices":[],"_links":{"self":[{"href":"https:\/\/cafebarbantia.barbantia.es\/index.php?rest_route=\/wp\/v2\/posts\/12608"}],"collection":[{"href":"https:\/\/cafebarbantia.barbantia.es\/index.php?rest_route=\/wp\/v2\/posts"}],"about":[{"href":"https:\/\/cafebarbantia.barbantia.es\/index.php?rest_route=\/wp\/v2\/types\/post"}],"author":[{"embeddable":true,"href":"https:\/\/cafebarbantia.barbantia.es\/index.php?rest_route=\/wp\/v2\/users\/1"}],"replies":[{"embeddable":true,"href":"https:\/\/cafebarbantia.barbantia.es\/index.php?rest_route=%2Fwp%2Fv2%2Fcomments&post=12608"}],"version-history":[{"count":2,"href":"https:\/\/cafebarbantia.barbantia.es\/index.php?rest_route=\/wp\/v2\/posts\/12608\/revisions"}],"predecessor-version":[{"id":12797,"href":"https:\/\/cafebarbantia.barbantia.es\/index.php?rest_route=\/wp\/v2\/posts\/12608\/revisions\/12797"}],"wp:attachment":[{"href":"https:\/\/cafebarbantia.barbantia.es\/index.php?rest_route=%2Fwp%2Fv2%2Fmedia&parent=12608"}],"wp:term":[{"taxonomy":"category","embeddable":true,"href":"https:\/\/cafebarbantia.barbantia.es\/index.php?rest_route=%2Fwp%2Fv2%2Fcategories&post=12608"},{"taxonomy":"post_tag","embeddable":true,"href":"https:\/\/cafebarbantia.barbantia.es\/index.php?rest_route=%2Fwp%2Fv2%2Ftags&post=12608"}],"curies":[{"name":"wp","href":"https:\/\/api.w.org\/{rel}","templated":true}]}}