{"id":12615,"date":"2020-10-26T06:00:30","date_gmt":"2020-10-26T06:00:30","guid":{"rendered":"http:\/\/cafebarbantia.barbantia.es\/?p=12615"},"modified":"2020-10-25T11:12:58","modified_gmt":"2020-10-25T11:12:58","slug":"conversas-de-escaparate-celos","status":"publish","type":"post","link":"https:\/\/cafebarbantia.barbantia.es\/?p=12615","title":{"rendered":"Conversas de escaparate. Celos"},"content":{"rendered":"<p style=\"text-align: justify;\"><em><strong><a href=\"http:\/\/cafebarbantia.barbantia.es\/wp-content\/uploads\/2020\/10\/celos1.jpg\"><img decoding=\"async\" loading=\"lazy\" class=\"alignright size-medium wp-image-12616\" alt=\"celos1\" src=\"http:\/\/cafebarbantia.barbantia.es\/wp-content\/uploads\/2020\/10\/celos1-196x300.jpg\" width=\"196\" height=\"300\" srcset=\"https:\/\/cafebarbantia.barbantia.es\/wp-content\/uploads\/2020\/10\/celos1-196x300.jpg 196w, https:\/\/cafebarbantia.barbantia.es\/wp-content\/uploads\/2020\/10\/celos1-669x1024.jpg 669w, https:\/\/cafebarbantia.barbantia.es\/wp-content\/uploads\/2020\/10\/celos1-900x1375.jpg 900w, https:\/\/cafebarbantia.barbantia.es\/wp-content\/uploads\/2020\/10\/celos1.jpg 1546w\" sizes=\"(max-width: 196px) 100vw, 196px\" \/><\/a>Fidel Vidal. <\/strong><\/em>-Entrou na casa e matounos. Aos dous, \u00e1 muller e o seu amante.<\/p>\n<p style=\"text-align: justify;\">-De que me falas?<\/p>\n<p style=\"text-align: justify;\">-As\u00ed sa\u00edu nos xornais antes de aclaralo todo.<\/p>\n<p style=\"text-align: justify;\">-Debeunos pillar en plena faena.<\/p>\n<p style=\"text-align: justify;\">-F\u00e1loche do meu home. Unha persoa extremadamente celosa e controladora.<\/p>\n<p style=\"text-align: justify;\">-O teu home! E a quen matou?<!--more--><\/p>\n<p style=\"text-align: justify;\">-El pensou que a min e ao meu amante.<\/p>\n<p style=\"text-align: justify;\">-Pero ti aqu\u00ed est\u00e1s, presumindo de modelo.<\/p>\n<p style=\"text-align: justify;\">-E sen amantes nin amadores.<\/p>\n<p style=\"text-align: justify;\">-Salvaches a vida.<\/p>\n<p style=\"text-align: justify;\">-Salvei a estampa, querida, en forma de boneca. Iguali\u00f1o \u00e1 muller de Lot cando mirou cara atr\u00e1s para ver que pasaba en Sodoma.<\/p>\n<p style=\"text-align: justify;\">-Converteuse en estatua de sal por desobediente, non por mirar. Pensa por un intre no caso de chover\u2026<\/p>\n<p style=\"text-align: justify;\"><a href=\"http:\/\/cafebarbantia.barbantia.es\/wp-content\/uploads\/2020\/10\/celos2.jpg\"><img decoding=\"async\" loading=\"lazy\" class=\"alignleft size-medium wp-image-12617\" alt=\"celos2\" src=\"http:\/\/cafebarbantia.barbantia.es\/wp-content\/uploads\/2020\/10\/celos2-300x243.jpg\" width=\"300\" height=\"243\" srcset=\"https:\/\/cafebarbantia.barbantia.es\/wp-content\/uploads\/2020\/10\/celos2-300x243.jpg 300w, https:\/\/cafebarbantia.barbantia.es\/wp-content\/uploads\/2020\/10\/celos2-1024x830.jpg 1024w, https:\/\/cafebarbantia.barbantia.es\/wp-content\/uploads\/2020\/10\/celos2-900x730.jpg 900w, https:\/\/cafebarbantia.barbantia.es\/wp-content\/uploads\/2020\/10\/celos2.jpg 1753w\" sizes=\"(max-width: 300px) 100vw, 300px\" \/><\/a>-Licuar\u00edase. Eu s\u00f3 me mollar\u00eda. Pero non fun curiosa nin desobediente\u2026<\/p>\n<p style=\"text-align: justify;\">-Ent\u00f3n que sucedeu?<\/p>\n<p style=\"text-align: justify;\">-S\u00f3ubeno pola xente.<\/p>\n<p style=\"text-align: justify;\">-A quen matou?<\/p>\n<p style=\"text-align: justify;\">-A dous inocentes.<\/p>\n<p style=\"text-align: justify;\">-E por que cometeu tan horrible crime?<\/p>\n<p style=\"text-align: justify;\">-Por celos. Vi\u00f1a borracho e cegouno a ira que sosti\u00f1a contra min.<\/p>\n<p style=\"text-align: justify;\">-Confundiuse de diana.<\/p>\n<p style=\"text-align: justify;\">-Exacto. Nin a muller era eu nin o amante era tal nin a casa era a nosa.<\/p>\n<p style=\"text-align: justify;\">\n","protected":false},"excerpt":{"rendered":"<p>Fidel Vidal. -Entrou na casa e matounos. Aos dous, \u00e1 muller e o seu amante. -De que me falas? -As\u00ed sa\u00edu nos xornais antes de aclaralo todo. -Debeunos pillar en plena faena. -F\u00e1loche do meu home. Unha persoa extremadamente celosa e controladora. -O teu home! E a quen matou?<\/p>\n","protected":false},"author":1,"featured_media":0,"comment_status":"open","ping_status":"closed","sticky":false,"template":"","format":"standard","meta":{"_bbp_topic_count":0,"_bbp_reply_count":0,"_bbp_total_topic_count":0,"_bbp_total_reply_count":0,"_bbp_voice_count":0,"_bbp_anonymous_reply_count":0,"_bbp_topic_count_hidden":0,"_bbp_reply_count_hidden":0,"_bbp_forum_subforum_count":0,"_exactmetrics_skip_tracking":false,"_exactmetrics_sitenote_active":false,"_exactmetrics_sitenote_note":"","_exactmetrics_sitenote_category":0,"_monsterinsights_skip_tracking":false,"_monsterinsights_sitenote_active":false,"_monsterinsights_sitenote_note":"","_monsterinsights_sitenote_category":0},"categories":[65,32,9],"tags":[],"aioseo_notices":[],"_links":{"self":[{"href":"https:\/\/cafebarbantia.barbantia.es\/index.php?rest_route=\/wp\/v2\/posts\/12615"}],"collection":[{"href":"https:\/\/cafebarbantia.barbantia.es\/index.php?rest_route=\/wp\/v2\/posts"}],"about":[{"href":"https:\/\/cafebarbantia.barbantia.es\/index.php?rest_route=\/wp\/v2\/types\/post"}],"author":[{"embeddable":true,"href":"https:\/\/cafebarbantia.barbantia.es\/index.php?rest_route=\/wp\/v2\/users\/1"}],"replies":[{"embeddable":true,"href":"https:\/\/cafebarbantia.barbantia.es\/index.php?rest_route=%2Fwp%2Fv2%2Fcomments&post=12615"}],"version-history":[{"count":2,"href":"https:\/\/cafebarbantia.barbantia.es\/index.php?rest_route=\/wp\/v2\/posts\/12615\/revisions"}],"predecessor-version":[{"id":12619,"href":"https:\/\/cafebarbantia.barbantia.es\/index.php?rest_route=\/wp\/v2\/posts\/12615\/revisions\/12619"}],"wp:attachment":[{"href":"https:\/\/cafebarbantia.barbantia.es\/index.php?rest_route=%2Fwp%2Fv2%2Fmedia&parent=12615"}],"wp:term":[{"taxonomy":"category","embeddable":true,"href":"https:\/\/cafebarbantia.barbantia.es\/index.php?rest_route=%2Fwp%2Fv2%2Fcategories&post=12615"},{"taxonomy":"post_tag","embeddable":true,"href":"https:\/\/cafebarbantia.barbantia.es\/index.php?rest_route=%2Fwp%2Fv2%2Ftags&post=12615"}],"curies":[{"name":"wp","href":"https:\/\/api.w.org\/{rel}","templated":true}]}}