{"id":12757,"date":"2022-09-14T06:00:40","date_gmt":"2022-09-14T06:00:40","guid":{"rendered":"http:\/\/cafebarbantia.barbantia.es\/?p=12757"},"modified":"2022-09-13T11:25:24","modified_gmt":"2022-09-13T11:25:24","slug":"apanando","status":"publish","type":"post","link":"https:\/\/cafebarbantia.barbantia.es\/?p=12757","title":{"rendered":"Apa\u00f1ando"},"content":{"rendered":"<p align=\"justify\"><span style=\"color: #201f1e;\"><span style=\"font-family: 'Segoe UI', sans-serif;\"><span style=\"font-size: medium;\"><em><strong><a href=\"http:\/\/cafebarbantia.barbantia.es\/wp-content\/uploads\/2020\/11\/O-f\u00edo-de-Ariadna-Mar\u00eda-Carril.png\"><img decoding=\"async\" loading=\"lazy\" class=\"alignright size-medium wp-image-12758\" alt=\"O f\u00edo de Ariadna Mar\u00eda Carril\" src=\"http:\/\/cafebarbantia.barbantia.es\/wp-content\/uploads\/2020\/11\/O-f\u00edo-de-Ariadna-Mar\u00eda-Carril-300x198.png\" width=\"300\" height=\"198\" srcset=\"https:\/\/cafebarbantia.barbantia.es\/wp-content\/uploads\/2020\/11\/O-f\u00edo-de-Ariadna-Mar\u00eda-Carril-300x198.png 300w, https:\/\/cafebarbantia.barbantia.es\/wp-content\/uploads\/2020\/11\/O-f\u00edo-de-Ariadna-Mar\u00eda-Carril.png 758w\" sizes=\"(max-width: 300px) 100vw, 300px\" \/><\/a>Mar\u00eda Carril.\u00a0<\/strong><\/em>A foto debe de estar datada en 1964 e todas estas mulleres labregas, con sachos na man, andabamos \u00e1 semente da pataca. Nai, irm\u00e1, veci\u00f1as e un sobri\u00f1o que xoga distra\u00eddo, sen ver o fot\u00f3grafo que vai apa\u00f1ar este momento para enviarllo ao pai que anda navegando, como a meirande parte dos homes rianxeiros que andan ao mar mentres n\u00f3s, as mulleres<!--more-->, traballamos coma leoas, unidas pola necesidade e polo desexo de sa\u00edr adiante. Esa uni\u00f3n veci\u00f1al remataba sempre nun xantar que se convert\u00eda en festa na casa da anfitrioa. Ese d\u00eda, a nena esc\u00f3italle \u00e1 nai que un raposo lle matou as gali\u00f1as a unha veci\u00f1a, e a nena \u2013que \u00e9 espelida e sabe que as palabras que a s\u00faa nai lle di ao ouvido son o adianto do que ao d\u00eda seguinte van xantar\u2013, esp\u00e9talles a todas que \u00e9 normal que coman gali\u00f1a porque todos na aldea son da familia. E logo non? A\u00ednda escoito as risas, e movo o meu p\u00e9 dereito, que sempre levo erguido porque a zoca est\u00e1 furada e os cartos non dan para m\u00e1is. Vexo tam\u00e9n o cesto grande que fixo o meu pai con aquel aparello que a\u00ednda anda pola casa e que, un d\u00eda, puxo nas mi\u00f1as mans para que eu aprendese a facelos, coma se a\u00ed, e non nas contas da escola, estivese o meu futuro.<\/span><\/span><\/span><\/p>\n","protected":false},"excerpt":{"rendered":"<p>Mar\u00eda Carril.\u00a0A foto debe de estar datada en 1964 e todas estas mulleres labregas, con sachos na man, andabamos \u00e1 semente da pataca. Nai, irm\u00e1, veci\u00f1as e un sobri\u00f1o que xoga distra\u00eddo, sen ver o fot\u00f3grafo que vai apa\u00f1ar este momento para enviarllo ao pai que anda navegando, como a meirande parte dos homes rianxeiros &hellip; <a href=\"https:\/\/cafebarbantia.barbantia.es\/?p=12757\" class=\"more-link\">Seguir lendo <span class=\"screen-reader-text\">Apa\u00f1ando<\/span> <span class=\"meta-nav\">&rarr;<\/span><\/a><\/p>\n","protected":false},"author":1,"featured_media":0,"comment_status":"open","ping_status":"closed","sticky":false,"template":"","format":"standard","meta":{"_bbp_topic_count":0,"_bbp_reply_count":0,"_bbp_total_topic_count":0,"_bbp_total_reply_count":0,"_bbp_voice_count":0,"_bbp_anonymous_reply_count":0,"_bbp_topic_count_hidden":0,"_bbp_reply_count_hidden":0,"_bbp_forum_subforum_count":0,"_exactmetrics_skip_tracking":false,"_exactmetrics_sitenote_active":false,"_exactmetrics_sitenote_note":"","_exactmetrics_sitenote_category":0,"_monsterinsights_skip_tracking":false,"_monsterinsights_sitenote_active":false,"_monsterinsights_sitenote_note":"","_monsterinsights_sitenote_category":0},"categories":[32,110,9],"tags":[],"aioseo_notices":[],"_links":{"self":[{"href":"https:\/\/cafebarbantia.barbantia.es\/index.php?rest_route=\/wp\/v2\/posts\/12757"}],"collection":[{"href":"https:\/\/cafebarbantia.barbantia.es\/index.php?rest_route=\/wp\/v2\/posts"}],"about":[{"href":"https:\/\/cafebarbantia.barbantia.es\/index.php?rest_route=\/wp\/v2\/types\/post"}],"author":[{"embeddable":true,"href":"https:\/\/cafebarbantia.barbantia.es\/index.php?rest_route=\/wp\/v2\/users\/1"}],"replies":[{"embeddable":true,"href":"https:\/\/cafebarbantia.barbantia.es\/index.php?rest_route=%2Fwp%2Fv2%2Fcomments&post=12757"}],"version-history":[{"count":1,"href":"https:\/\/cafebarbantia.barbantia.es\/index.php?rest_route=\/wp\/v2\/posts\/12757\/revisions"}],"predecessor-version":[{"id":12759,"href":"https:\/\/cafebarbantia.barbantia.es\/index.php?rest_route=\/wp\/v2\/posts\/12757\/revisions\/12759"}],"wp:attachment":[{"href":"https:\/\/cafebarbantia.barbantia.es\/index.php?rest_route=%2Fwp%2Fv2%2Fmedia&parent=12757"}],"wp:term":[{"taxonomy":"category","embeddable":true,"href":"https:\/\/cafebarbantia.barbantia.es\/index.php?rest_route=%2Fwp%2Fv2%2Fcategories&post=12757"},{"taxonomy":"post_tag","embeddable":true,"href":"https:\/\/cafebarbantia.barbantia.es\/index.php?rest_route=%2Fwp%2Fv2%2Ftags&post=12757"}],"curies":[{"name":"wp","href":"https:\/\/api.w.org\/{rel}","templated":true}]}}