{"id":12774,"date":"2021-03-17T06:00:22","date_gmt":"2021-03-17T06:00:22","guid":{"rendered":"http:\/\/cafebarbantia.barbantia.es\/?p=12774"},"modified":"2021-03-09T11:54:36","modified_gmt":"2021-03-09T11:54:36","slug":"jose-rodriguez-del-casal-un-deputado-nas-cortes-de-1820","status":"publish","type":"post","link":"https:\/\/cafebarbantia.barbantia.es\/?p=12774","title":{"rendered":"Jos\u00e9 Rodr\u00edguez del Casal, un deputado nas Cortes de 1820"},"content":{"rendered":"<p lang=\"gl-ES\" align=\"justify\"><span style=\"font-size: large;\"><em><strong><a href=\"http:\/\/cafebarbantia.barbantia.es\/wp-content\/uploads\/2020\/11\/O-Escritor.-Diario-actas-Cortes-1821.-Imaxe.jpg\"><img decoding=\"async\" loading=\"lazy\" class=\"alignright size-medium wp-image-12775\" alt=\"O Escritor. Diario actas Cortes 1821. Imaxe\" src=\"http:\/\/cafebarbantia.barbantia.es\/wp-content\/uploads\/2020\/11\/O-Escritor.-Diario-actas-Cortes-1821.-Imaxe-212x300.jpg\" width=\"212\" height=\"300\" srcset=\"https:\/\/cafebarbantia.barbantia.es\/wp-content\/uploads\/2020\/11\/O-Escritor.-Diario-actas-Cortes-1821.-Imaxe-212x300.jpg 212w, https:\/\/cafebarbantia.barbantia.es\/wp-content\/uploads\/2020\/11\/O-Escritor.-Diario-actas-Cortes-1821.-Imaxe-724x1024.jpg 724w, https:\/\/cafebarbantia.barbantia.es\/wp-content\/uploads\/2020\/11\/O-Escritor.-Diario-actas-Cortes-1821.-Imaxe-900x1271.jpg 900w, https:\/\/cafebarbantia.barbantia.es\/wp-content\/uploads\/2020\/11\/O-Escritor.-Diario-actas-Cortes-1821.-Imaxe.jpg 964w\" sizes=\"(max-width: 212px) 100vw, 212px\" \/><\/a>Pastor Rodr\u00edguez.\u00a0<\/strong><\/em>Non co\u00f1ecemos a data nin o lugar de nacemento do sacerdote Jos\u00e9 Rodr\u00edguez del Casal, pero si que foi p\u00e1rroco de Santa Mar\u00eda de Lamp\u00f3n (Escarabote, Boiro) e que en 1811 publicou un folleto, impreso en Santiago de Compostela por Manuel Antonio Rey, que leva por t\u00edtulo <\/span><span style=\"font-size: large;\"><i>Serm\u00f3n que para alentar el patriotismo e imprimir valor a nuestras tropas y alarmas dijo en la Iglesia Parroquial del De\u00e1n, D. Jos\u00e9 Rodr\u00edguez del Casal, con motivo de la bendici\u00f3n de la bandera de la alarma de aquel partido<\/i><\/span><span style=\"font-size: large;\">. <!--more-->O motivo de tropas e alarmas non era outro que A Francesada (1808-1814) ou Guerra da Independencia. Pero se ignoramos o lugar e data do seu nacemento, si sabemos o lugar e data da s\u00faa morte, merc\u00e9 \u00e1s investigaci\u00f3ns de Xos\u00e9 Ram\u00f3n Barreiro Fern\u00e1ndez, publicadas na obra <\/span><span style=\"font-size: large;\"><i>Parlamentarios de Galicia. Biograf\u00edas de deputados e senadores (1810-2001)<\/i><\/span><span style=\"font-size: large;\">, editada en 2001. Rodr\u00edguez del Casal foi elixido deputado suplente a Cortes en 1820, seguramente como liberal. Morto o deputado titular, Ru\u00edz Prado, toma posesi\u00f3n no Congreso o 2 de marzo de 1821 e na sesi\u00f3n do 13 de outubro dese ano defendeu unha iniciativa parlamentaria que propu\u00f1a un modelo de divisi\u00f3n para Galicia en cinco provincias: A Coru\u00f1a, Santiago, Tui, Lugo e Ourense. Pero a morte non lle deixou seguir o seu labor de deputado, e o 26 de outubro de 1821 falec\u00eda en Madrid.<\/span><\/p>\n","protected":false},"excerpt":{"rendered":"<p>Pastor Rodr\u00edguez.\u00a0Non co\u00f1ecemos a data nin o lugar de nacemento do sacerdote Jos\u00e9 Rodr\u00edguez del Casal, pero si que foi p\u00e1rroco de Santa Mar\u00eda de Lamp\u00f3n (Escarabote, Boiro) e que en 1811 publicou un folleto, impreso en Santiago de Compostela por Manuel Antonio Rey, que leva por t\u00edtulo Serm\u00f3n que para alentar el patriotismo e &hellip; <a href=\"https:\/\/cafebarbantia.barbantia.es\/?p=12774\" class=\"more-link\">Seguir lendo <span class=\"screen-reader-text\">Jos\u00e9 Rodr\u00edguez del Casal, un deputado nas Cortes de 1820<\/span> <span class=\"meta-nav\">&rarr;<\/span><\/a><\/p>\n","protected":false},"author":1,"featured_media":0,"comment_status":"open","ping_status":"closed","sticky":false,"template":"","format":"standard","meta":{"_bbp_topic_count":0,"_bbp_reply_count":0,"_bbp_total_topic_count":0,"_bbp_total_reply_count":0,"_bbp_voice_count":0,"_bbp_anonymous_reply_count":0,"_bbp_topic_count_hidden":0,"_bbp_reply_count_hidden":0,"_bbp_forum_subforum_count":0,"_exactmetrics_skip_tracking":false,"_exactmetrics_sitenote_active":false,"_exactmetrics_sitenote_note":"","_exactmetrics_sitenote_category":0,"_monsterinsights_skip_tracking":false,"_monsterinsights_sitenote_active":false,"_monsterinsights_sitenote_note":"","_monsterinsights_sitenote_category":0},"categories":[7,37],"tags":[],"aioseo_notices":[],"_links":{"self":[{"href":"https:\/\/cafebarbantia.barbantia.es\/index.php?rest_route=\/wp\/v2\/posts\/12774"}],"collection":[{"href":"https:\/\/cafebarbantia.barbantia.es\/index.php?rest_route=\/wp\/v2\/posts"}],"about":[{"href":"https:\/\/cafebarbantia.barbantia.es\/index.php?rest_route=\/wp\/v2\/types\/post"}],"author":[{"embeddable":true,"href":"https:\/\/cafebarbantia.barbantia.es\/index.php?rest_route=\/wp\/v2\/users\/1"}],"replies":[{"embeddable":true,"href":"https:\/\/cafebarbantia.barbantia.es\/index.php?rest_route=%2Fwp%2Fv2%2Fcomments&post=12774"}],"version-history":[{"count":1,"href":"https:\/\/cafebarbantia.barbantia.es\/index.php?rest_route=\/wp\/v2\/posts\/12774\/revisions"}],"predecessor-version":[{"id":12776,"href":"https:\/\/cafebarbantia.barbantia.es\/index.php?rest_route=\/wp\/v2\/posts\/12774\/revisions\/12776"}],"wp:attachment":[{"href":"https:\/\/cafebarbantia.barbantia.es\/index.php?rest_route=%2Fwp%2Fv2%2Fmedia&parent=12774"}],"wp:term":[{"taxonomy":"category","embeddable":true,"href":"https:\/\/cafebarbantia.barbantia.es\/index.php?rest_route=%2Fwp%2Fv2%2Fcategories&post=12774"},{"taxonomy":"post_tag","embeddable":true,"href":"https:\/\/cafebarbantia.barbantia.es\/index.php?rest_route=%2Fwp%2Fv2%2Ftags&post=12774"}],"curies":[{"name":"wp","href":"https:\/\/api.w.org\/{rel}","templated":true}]}}