{"id":13073,"date":"2021-04-18T06:00:06","date_gmt":"2021-04-18T06:00:06","guid":{"rendered":"http:\/\/cafebarbantia.barbantia.es\/?p=13073"},"modified":"2021-04-15T08:05:09","modified_gmt":"2021-04-15T08:05:09","slug":"lembranzas-de-cobelo","status":"publish","type":"post","link":"https:\/\/cafebarbantia.barbantia.es\/?p=13073","title":{"rendered":"Lembranzas de Cobelo"},"content":{"rendered":"<p style=\"text-align: justify;\"><em><strong><a href=\"http:\/\/cafebarbantia.barbantia.es\/wp-content\/uploads\/2021\/02\/B26E1087.jpg\"><img decoding=\"async\" loading=\"lazy\" class=\"alignright size-medium wp-image-13074\" alt=\"B26E1087\" src=\"http:\/\/cafebarbantia.barbantia.es\/wp-content\/uploads\/2021\/02\/B26E1087-300x168.jpg\" width=\"300\" height=\"168\" srcset=\"https:\/\/cafebarbantia.barbantia.es\/wp-content\/uploads\/2021\/02\/B26E1087-300x168.jpg 300w, https:\/\/cafebarbantia.barbantia.es\/wp-content\/uploads\/2021\/02\/B26E1087-1024x576.jpg 1024w, https:\/\/cafebarbantia.barbantia.es\/wp-content\/uploads\/2021\/02\/B26E1087-500x281.jpg 500w, https:\/\/cafebarbantia.barbantia.es\/wp-content\/uploads\/2021\/02\/B26E1087-900x506.jpg 900w, https:\/\/cafebarbantia.barbantia.es\/wp-content\/uploads\/2021\/02\/B26E1087.jpg 1280w\" sizes=\"(max-width: 300px) 100vw, 300px\" \/><\/a>Encarna Pego.\u00a0<\/strong><\/em>Todas as cousas da infancia, grandes ao meu ollo de nena, semellan agora minguadas. Non sucede as\u00ed co olmo que fun visitar a Cobelo despois de varias d\u00e9cadas. Agardaba a mi\u00f1a visita. Recibiume gallardo e riseiro. A s\u00faa ledicia era tan intensa coma a mi\u00f1a emoci\u00f3n.<!--more--><\/p>\n<div id=\"5TEXTO_DETALLEad-robapaginas-id\" itemscope=\"\" itemtype=\"https:\/\/schema.org\/WPAdBlock\" style=\"text-align: justify;\" data-ads=\"true\" data-url=\"\/4900\/vocento.lavozdegalicia\/galicia\/barbanza\" data-mapping=\"ROBADESKTOP\" data-sizes=\"[[300,600],[300,300],[300,250]]\" data-param=\"pos\" data-format=\"double\" data-targeting=\"robapaginas\">Mentres eu lembraba os xogos coa auga cando \u00eda coa t\u00eda Carme \u00e1 fonte, ou pensaba nas veces que pasou por al\u00ed mi\u00f1a nai coa ba\u00f1eira de zinc na cabeza, o olmo amosoume as feridas do seu groso tronco e reco\u00f1ec\u00edn o seu irm\u00e1n que, fronte a el, eu non recordaba.<\/div>\n<p style=\"text-align: justify;\">A fonte de Cobelo, flanqueada polos olmos, era moi concorrida por mulleres con caldeiros polo d\u00eda, e lugar de segredos e promesas pola noite. Agora est\u00e1 anovada con asento e escaleiras de pedra e varanda de metal. Hai no arredor uns bancos de madeira co nome da escola-obradoiro que restaurou o recinto.<\/p>\n<div id=\"ad_Roba2Desktop\" itemscope=\"\" itemtype=\"https:\/\/schema.org\/WPAdBlock\" style=\"text-align: justify;\" data-url=\"\/2260323\/LVDG.Desktop\/barbanza\" data-mapping=\"VOZ_ROBA_DESKTOP\" data-sizes=\"[[200,200],[250,250],[300,250],[300,300],[300,600],[160,600],[1,1]]\" data-param=\"pos\" data-format=\"double\" data-targeting=\"Roba2\">Os olmos te\u00f1en, polo menos, outro irm\u00e1n uns metros m\u00e1is abaixo, que se ve m\u00e1is esvelto. Confortoume ver que non est\u00e1n sos.<\/div>\n<p style=\"text-align: justify;\">A car\u00f3n hai varios carballos, que os arroupan coa s\u00faa danza abaneados polo vento, facendo m\u00e1is levadeira a soidade da fonte desde que chega a auga \u00e1 billa das nosas casas.<\/p>\n<div id=\"TEXTO_DETALLE_ad_Roba3Desktop\" itemscope=\"\" itemtype=\"https:\/\/schema.org\/WPAdBlock\" data-url=\"\/2260323\/LVDG.Desktop\/barbanza\" data-mapping=\"VOZ_ROBA300_DESKTOP\" data-sizes=\"[[300,250],[300,300],[1,1]]\" data-param=\"pos\" data-format=\"normal\" data-targeting=\"Roba3\"><\/div>\n<div id=\"ad_Roba3Mobile\" itemscope=\"\" itemtype=\"https:\/\/schema.org\/WPAdBlock\" data-url=\"\/2260323\/LVDG.Mobile\/barbanza\" data-mapping=\"VOZ_ROBA_MOBILE\" data-sizes=\"[[200,200],[250,250],[300,250],[300,300],[300,600],'fluid']\" data-param=\"pos\" data-format=\"mobile\" data-targeting=\"Roba3\"><\/div>\n<p>Volverei de cando en cando polos cami\u00f1os da infancia, para acari\u00f1ar outra vez as \u00e1rbores que me permiten seguir sendo aquela nena.<\/p>\n","protected":false},"excerpt":{"rendered":"<p>Encarna Pego.\u00a0Todas as cousas da infancia, grandes ao meu ollo de nena, semellan agora minguadas. Non sucede as\u00ed co olmo que fun visitar a Cobelo despois de varias d\u00e9cadas. Agardaba a mi\u00f1a visita. Recibiume gallardo e riseiro. A s\u00faa ledicia era tan intensa coma a mi\u00f1a emoci\u00f3n.<\/p>\n","protected":false},"author":1,"featured_media":0,"comment_status":"open","ping_status":"closed","sticky":false,"template":"","format":"standard","meta":{"_bbp_topic_count":0,"_bbp_reply_count":0,"_bbp_total_topic_count":0,"_bbp_total_reply_count":0,"_bbp_voice_count":0,"_bbp_anonymous_reply_count":0,"_bbp_topic_count_hidden":0,"_bbp_reply_count_hidden":0,"_bbp_forum_subforum_count":0,"_exactmetrics_skip_tracking":false,"_exactmetrics_sitenote_active":false,"_exactmetrics_sitenote_note":"","_exactmetrics_sitenote_category":0,"_monsterinsights_skip_tracking":false,"_monsterinsights_sitenote_active":false,"_monsterinsights_sitenote_note":"","_monsterinsights_sitenote_category":0},"categories":[57,32,9],"tags":[],"aioseo_notices":[],"_links":{"self":[{"href":"https:\/\/cafebarbantia.barbantia.es\/index.php?rest_route=\/wp\/v2\/posts\/13073"}],"collection":[{"href":"https:\/\/cafebarbantia.barbantia.es\/index.php?rest_route=\/wp\/v2\/posts"}],"about":[{"href":"https:\/\/cafebarbantia.barbantia.es\/index.php?rest_route=\/wp\/v2\/types\/post"}],"author":[{"embeddable":true,"href":"https:\/\/cafebarbantia.barbantia.es\/index.php?rest_route=\/wp\/v2\/users\/1"}],"replies":[{"embeddable":true,"href":"https:\/\/cafebarbantia.barbantia.es\/index.php?rest_route=%2Fwp%2Fv2%2Fcomments&post=13073"}],"version-history":[{"count":2,"href":"https:\/\/cafebarbantia.barbantia.es\/index.php?rest_route=\/wp\/v2\/posts\/13073\/revisions"}],"predecessor-version":[{"id":13246,"href":"https:\/\/cafebarbantia.barbantia.es\/index.php?rest_route=\/wp\/v2\/posts\/13073\/revisions\/13246"}],"wp:attachment":[{"href":"https:\/\/cafebarbantia.barbantia.es\/index.php?rest_route=%2Fwp%2Fv2%2Fmedia&parent=13073"}],"wp:term":[{"taxonomy":"category","embeddable":true,"href":"https:\/\/cafebarbantia.barbantia.es\/index.php?rest_route=%2Fwp%2Fv2%2Fcategories&post=13073"},{"taxonomy":"post_tag","embeddable":true,"href":"https:\/\/cafebarbantia.barbantia.es\/index.php?rest_route=%2Fwp%2Fv2%2Ftags&post=13073"}],"curies":[{"name":"wp","href":"https:\/\/api.w.org\/{rel}","templated":true}]}}