{"id":13630,"date":"2021-06-15T06:00:31","date_gmt":"2021-06-15T06:00:31","guid":{"rendered":"http:\/\/cafebarbantia.barbantia.es\/?p=13630"},"modified":"2021-06-08T08:11:58","modified_gmt":"2021-06-08T08:11:58","slug":"seminario-sobre-a-memoria-historica-efectos-colaterais","status":"publish","type":"post","link":"https:\/\/cafebarbantia.barbantia.es\/?p=13630","title":{"rendered":"Seminario sobre a memoria hist\u00f3rica. Efectos colaterais"},"content":{"rendered":"<p style=\"text-align: justify;\"><a href=\"http:\/\/cafebarbantia.barbantia.es\/wp-content\/uploads\/2021\/06\/70378942_2538504529529385_6236794299116158976_n.jpg\"><img decoding=\"async\" loading=\"lazy\" class=\"alignright size-medium wp-image-13631\" alt=\"70378942_2538504529529385_6236794299116158976_n\" src=\"http:\/\/cafebarbantia.barbantia.es\/wp-content\/uploads\/2021\/06\/70378942_2538504529529385_6236794299116158976_n-218x300.jpg\" width=\"218\" height=\"300\" srcset=\"https:\/\/cafebarbantia.barbantia.es\/wp-content\/uploads\/2021\/06\/70378942_2538504529529385_6236794299116158976_n-218x300.jpg 218w, https:\/\/cafebarbantia.barbantia.es\/wp-content\/uploads\/2021\/06\/70378942_2538504529529385_6236794299116158976_n-744x1024.jpg 744w, https:\/\/cafebarbantia.barbantia.es\/wp-content\/uploads\/2021\/06\/70378942_2538504529529385_6236794299116158976_n.jpg 750w\" sizes=\"(max-width: 218px) 100vw, 218px\" \/><\/a><em><strong>Carlos Cimadevila \u00c1lvarez.\u00a0<\/strong><\/em>Ao longo destes anos nos que vimos celebrando o Seminario sobre a Memoria Hist\u00f3rica, dende Nova escola Galega como dos IES de Melide e o F\u00e9lix Muriel de Rianxo, foron moitos os efectos colaterais que nos aconteceron, tanto positivos como negativos.<\/p>\n<p style=\"text-align: justify;\">En primeiro lugar queremos renderlle un emotivo homenaxe a aquela persoas que xa non est\u00e1n entre n\u00f3s, Xaqu\u00edn Yebra Pimentel, Xes\u00fas Costa Rodil e Xiana Vilar Sope\u00f1a.<\/p>\n<p style=\"text-align: justify;\">Xaquin Yebra, compa\u00f1eiro e co fundador do Seminario, quen foi recordado no seu IES de Melide<!--more-->, coa participaci\u00f3n do profesorado, alumnado, amigos e familiares, onde na s\u00faa honra se leron poemas, textos, escoitouse m\u00fasica e plant\u00e1ronse \u00e1rbores, e na s\u00faa casa da Nogueira, na Pesqueira, Chantada, reun\u00edmonos un numeroso grupo de amigos e familiares para darlle o adeus os pes do carballo na horta da s\u00faa casa.<\/p>\n<p style=\"text-align: justify;\">Xes\u00fas Costa, quen vi\u00f1a participando con n\u00f3s nos \u00faltimos Seminario da Memoria especialmente sobre os campos de concentraci\u00f3n. Colocouse un mon\u00f3lito na s\u00faa honra no IES de Rianxo onde foi mestre, ca participaci\u00f3n dos membros do IES F\u00e9lix Muriel do Concello<strong><em>,<\/em><\/strong> Asociaci\u00f3n Barbantia, \u00a0Comisi\u00f3n pola Recuperaci\u00f3n da memoria\u00a0Hist\u00f3rica da\u00a0Barbanza\u00a0(CRMHB, Seminario sobre a Memoria, amigos, compa\u00f1eiros e familiares.<\/p>\n<p style=\"text-align: justify;\">Xiana Vilar asistenta dos seminarios, recompilando informaci\u00f3n para o seu traballo fin de carreira, TFM, \u201cLos caminos de la guerrilla antifranquista en Galicia como modelo de turismo memorial. Itinerario tras los pasos de &#8220;O Curux\u00e1s&#8221; y la guerrilla de las tierras de Melide y A Ulloa.\u201d<\/p>\n<p style=\"text-align: justify;\">Nos efectos colaterais positivos, tivemos a sorte de co\u00f1ecer a Stergios Patakiontas Skrimbas, Macedonio, protagonista do libro Elefantes e formigas de Fernando Salgado, quen o acompa\u00f1ou na presentaci\u00f3n no IES F\u00e9lix Muriel de Rianxo, diante o alumnado da ESO. Stergios contounos como sufriu os bombardeos alem\u00e1ns na II Guerra Mundial sendo un neno, e tivo a desgraza de perder a s\u00faa nai nun deles, el co resto da familiares foi feito prisioneiro e pasando polos campos de concentraci\u00f3ns nazi. O rematar a II Guerra Mundial percorre medio mundo, e rematando en Vilagarc\u00eda. Durante a charla foinos relatando a s\u00faa vida nos campo nazi, o que impresionou e emocionou ao alumnado, as\u00ed como ter a oportunidade de co\u00f1ecer a un prisioneiro dos campos de concentraci\u00f3n nazi.<\/p>\n<p style=\"text-align: justify;\">Como consecuencia do seminario celebrado na bisbarra da mari\u00f1a lucense, fomos invitados a participar na charla-coloquio, \u201cAs vivencias dun guerrilleiro\u201d, coa participaci\u00f3n de Francisco Mart\u00ednez, \u201cQuico\u201d, e Fernanda Cedr\u00f3n, o remata da charla puidemos visitamos o \u201czulo de Vali\u00f1as\u201d onde supostamente estiveran acubillados alg\u00fans guerrilleiros. Durante a charla corre o rumor de que entre o publico hab\u00eda un garda civil, o que si era certo, este feito fixo que outro dos asistentes, o escritor Lionel Rexes, lle xurdira a idea para escribir a novela narrativa, \u201cA ra\u00ed\u00f1a das velutinas\u201d, onde os personaxes somos os participantes ao acto. Ga\u00f1ando o XXIII edici\u00f3n de novela corta Manuel Lueiro Rey,<\/p>\n<p style=\"text-align: justify;\">Outro efectos colaterais e emocionais foi a lectura da carta, como parte do homenaxe do seminario sobre a memoria, que V\u00edtor Garc\u00eda o fillo de \u201cO brasileiro\u201d, fixo diante da tumba de seu pai, no cemiterio de Moalde, quen soubo onde estaba soterrado despois de 70 ano, e descubrindo que fora asasinado polos seus propios compa\u00f1eiros do PC e non pola garda civil como lle fixeran crer, V\u00edtor a partir dese d\u00eda, forma parte da familia do seminario sobre a memoria, acompa\u00f1\u00e1ndonos cada ano.<\/p>\n<p style=\"text-align: justify;\">Francisco Mart\u00ednez, o guerrilleiro \u201cQuico\u201d e e a neta de \u201cO gardarr\u00edos\u201d Fernanda Cedr\u00f3n, cada ano son requiridos polos IES de Melide, Rianxo, Pobra, Valga&#8230;, para falar co alumnado sobre as s\u00faas experiencias nos per\u00edodos da Guerra Civil e o franquismo, polo normal as charlas est\u00e9ndense m\u00e1is do programado, polo interese que amosa o alumnado, querendo co\u00f1ecer mellor este per\u00edodo da historia de Galicia e Espa\u00f1a.<\/p>\n<p style=\"text-align: justify;\">Nos \u00faltimos anos vimos colaboramos nos homenaxes celebrados no campo de concentraci\u00f3n de Rianxo. O derradeiro ano sobre \u201c\u00e1s mulleres solidarias cos prisioneiros do campo de concentraci\u00f3n de Rianxo e a todas as mulleres represaliadas e solidarias\u201d, cun recordo especial a guerrilleira Chelo, falecida en Francia os 100 anos, no acto contamos ca intervenci\u00f3n de Quico amigo dela, e das mulleres en representaci\u00f3n do Concello de Rianxo, Nova Escola Galega, asociaci\u00f3n Barbantia, Comisi\u00f3n pola recuperaci\u00f3n da memoria hist\u00f3rica do Barbanza e o IES F\u00e9lix Muriel, as\u00ed como Fernanda Cedr\u00f3n, e Dolores Rodr\u00edguez Sende, \u201cLola a Carreteira\u201d filla dunha das mulleres que deron alento os prisioneiros, acompa\u00f1ados do grupo musical Barah\u00fanda e Xos\u00e9 Lu\u00eds do Pico e todo elo levado da man de Tero Rodr\u00edguez<\/p>\n<p style=\"text-align: justify;\">Por \u00faltimo, participamos no descubrimento da placa homenaxe \u00e1 escola da I Rep\u00fablica de Rianxo, no edificio co\u00f1ecido como cuartel vello, e que hoxe ocupa a oficina de turismo e escola de m\u00fasica. D\u00e9moslle o nome de \u201cCuruxas\u201d a unha das alas do IES de Melide, e colocouse no IES F\u00e9lix Muriel de Rianxo unha placa en memoria dos ensinantes represaliados durante o franquismo.<\/p>\n","protected":false},"excerpt":{"rendered":"<p>Carlos Cimadevila \u00c1lvarez.\u00a0Ao longo destes anos nos que vimos celebrando o Seminario sobre a Memoria Hist\u00f3rica, dende Nova escola Galega como dos IES de Melide e o F\u00e9lix Muriel de Rianxo, foron moitos os efectos colaterais que nos aconteceron, tanto positivos como negativos. En primeiro lugar queremos renderlle un emotivo homenaxe a aquela persoas que &hellip; <a href=\"https:\/\/cafebarbantia.barbantia.es\/?p=13630\" class=\"more-link\">Seguir lendo <span class=\"screen-reader-text\">Seminario sobre a memoria hist\u00f3rica. Efectos colaterais<\/span> <span class=\"meta-nav\">&rarr;<\/span><\/a><\/p>\n","protected":false},"author":1,"featured_media":0,"comment_status":"open","ping_status":"closed","sticky":false,"template":"","format":"standard","meta":{"_bbp_topic_count":0,"_bbp_reply_count":0,"_bbp_total_topic_count":0,"_bbp_total_reply_count":0,"_bbp_voice_count":0,"_bbp_anonymous_reply_count":0,"_bbp_topic_count_hidden":0,"_bbp_reply_count_hidden":0,"_bbp_forum_subforum_count":0,"_exactmetrics_skip_tracking":false,"_exactmetrics_sitenote_active":false,"_exactmetrics_sitenote_note":"","_exactmetrics_sitenote_category":0,"_monsterinsights_skip_tracking":false,"_monsterinsights_sitenote_active":false,"_monsterinsights_sitenote_note":"","_monsterinsights_sitenote_category":0},"categories":[109,7],"tags":[],"aioseo_notices":[],"_links":{"self":[{"href":"https:\/\/cafebarbantia.barbantia.es\/index.php?rest_route=\/wp\/v2\/posts\/13630"}],"collection":[{"href":"https:\/\/cafebarbantia.barbantia.es\/index.php?rest_route=\/wp\/v2\/posts"}],"about":[{"href":"https:\/\/cafebarbantia.barbantia.es\/index.php?rest_route=\/wp\/v2\/types\/post"}],"author":[{"embeddable":true,"href":"https:\/\/cafebarbantia.barbantia.es\/index.php?rest_route=\/wp\/v2\/users\/1"}],"replies":[{"embeddable":true,"href":"https:\/\/cafebarbantia.barbantia.es\/index.php?rest_route=%2Fwp%2Fv2%2Fcomments&post=13630"}],"version-history":[{"count":1,"href":"https:\/\/cafebarbantia.barbantia.es\/index.php?rest_route=\/wp\/v2\/posts\/13630\/revisions"}],"predecessor-version":[{"id":13632,"href":"https:\/\/cafebarbantia.barbantia.es\/index.php?rest_route=\/wp\/v2\/posts\/13630\/revisions\/13632"}],"wp:attachment":[{"href":"https:\/\/cafebarbantia.barbantia.es\/index.php?rest_route=%2Fwp%2Fv2%2Fmedia&parent=13630"}],"wp:term":[{"taxonomy":"category","embeddable":true,"href":"https:\/\/cafebarbantia.barbantia.es\/index.php?rest_route=%2Fwp%2Fv2%2Fcategories&post=13630"},{"taxonomy":"post_tag","embeddable":true,"href":"https:\/\/cafebarbantia.barbantia.es\/index.php?rest_route=%2Fwp%2Fv2%2Ftags&post=13630"}],"curies":[{"name":"wp","href":"https:\/\/api.w.org\/{rel}","templated":true}]}}