{"id":13680,"date":"2021-11-07T06:00:52","date_gmt":"2021-11-07T06:00:52","guid":{"rendered":"http:\/\/cafebarbantia.barbantia.es\/?p=13680"},"modified":"2021-11-05T07:46:04","modified_gmt":"2021-11-05T07:46:04","slug":"da-pobra-a-america-frei-alonso-del-espinar","status":"publish","type":"post","link":"https:\/\/cafebarbantia.barbantia.es\/?p=13680","title":{"rendered":"Da Pobra a Am\u00e9rica, Frei Alonso del Espinar"},"content":{"rendered":"<p style=\"text-align: justify;\"><a href=\"http:\/\/cafebarbantia.barbantia.es\/wp-content\/uploads\/2021\/07\/pobraamericabarbantiaweb.jpg\"><img decoding=\"async\" loading=\"lazy\" class=\"alignright size-medium wp-image-13681\" alt=\"pobraamericabarbantiaweb\" src=\"http:\/\/cafebarbantia.barbantia.es\/wp-content\/uploads\/2021\/07\/pobraamericabarbantiaweb-300x168.jpg\" width=\"300\" height=\"168\" srcset=\"https:\/\/cafebarbantia.barbantia.es\/wp-content\/uploads\/2021\/07\/pobraamericabarbantiaweb-300x168.jpg 300w, https:\/\/cafebarbantia.barbantia.es\/wp-content\/uploads\/2021\/07\/pobraamericabarbantiaweb.jpg 768w\" sizes=\"(max-width: 300px) 100vw, 300px\" \/><\/a><em><strong>Pastor Rodr\u00edguez.\u00a0<\/strong><\/em>Nada proba que Frei Alonso del Espinar fose da Pobra do Carami\u00f1al, nin sequera que fose galego, pero sabemos que en 1499 era superior do convento franciscano de Santo Antonio do Xobre, e que en 1502 acompa\u00f1ou o comendador frei Nicol\u00e1s de Ovando cando este pasou a Am\u00e9rica como gobernador das illas descubertas por Col\u00f3n<!--more-->, e as\u00ed pode dicirse que foi o primeiro misioneiro galego en Am\u00e9rica. Home moi discutido, sobre todo por mor das pol\u00e9micas sobre as encomendas de indios, fortemente atacadas por Bartolom\u00e9 de Las Casas, o seu inimigo e moi cr\u00edtico con Espinar na s\u00faa\u00a0<em>Historia de las Indias<\/em>.<\/p>\n<p style=\"text-align: justify;\">En 1511 volve a Espa\u00f1a para informar sobre a pol\u00e9mica ao Consello Real e, en 1512, asiste \u00e1 asemblea convocada por Fernando o Cat\u00f3lico, na que se lle ordena a redacci\u00f3n das ordenanzas para a evanxelizaci\u00f3n dos indios, xunto a Garc\u00eda de Carri\u00f3n e o bacharel Enciso. As ordenanzas redactounas Espinar e foron a base da lexislaci\u00f3n de Indias.<\/p>\n<p style=\"text-align: justify;\">Nese ano de 1512 volta a Am\u00e9rica con corenta relixiosos franciscanos e chega en 1513. Foi o primeiro provincial franciscano nas Indias. Crese que faleceu en 1514. Os franciscanos defenderon sempre a s\u00faa figura e, as\u00ed, Frei Atanasio L\u00f3pez escribe que \u00abo seu nome \u00edr\u00e1 sempre unido \u00e1 historia das famosas leis de Indias con mellor dereito que de Fr. Bartolom\u00e9 de Las Casas\u00bb. Non pensaban o mesmo os dominicos. Figura moi estudada e pol\u00e9mica, sobre el escribiron tam\u00e9n Pedro Borges, G\u00f3mez Canedo, Carlos E. Deive, Andr\u00e9s Mill\u00e9 e \u00darsula Lamb.<\/p>\n","protected":false},"excerpt":{"rendered":"<p>Pastor Rodr\u00edguez.\u00a0Nada proba que Frei Alonso del Espinar fose da Pobra do Carami\u00f1al, nin sequera que fose galego, pero sabemos que en 1499 era superior do convento franciscano de Santo Antonio do Xobre, e que en 1502 acompa\u00f1ou o comendador frei Nicol\u00e1s de Ovando cando este pasou a Am\u00e9rica como gobernador das illas descubertas por &hellip; <a href=\"https:\/\/cafebarbantia.barbantia.es\/?p=13680\" class=\"more-link\">Seguir lendo <span class=\"screen-reader-text\">Da Pobra a Am\u00e9rica, Frei Alonso del Espinar<\/span> <span class=\"meta-nav\">&rarr;<\/span><\/a><\/p>\n","protected":false},"author":1,"featured_media":0,"comment_status":"open","ping_status":"closed","sticky":false,"template":"","format":"standard","meta":{"_bbp_topic_count":0,"_bbp_reply_count":0,"_bbp_total_topic_count":0,"_bbp_total_reply_count":0,"_bbp_voice_count":0,"_bbp_anonymous_reply_count":0,"_bbp_topic_count_hidden":0,"_bbp_reply_count_hidden":0,"_bbp_forum_subforum_count":0,"_exactmetrics_skip_tracking":false,"_exactmetrics_sitenote_active":false,"_exactmetrics_sitenote_note":"","_exactmetrics_sitenote_category":0,"_monsterinsights_skip_tracking":false,"_monsterinsights_sitenote_active":false,"_monsterinsights_sitenote_note":"","_monsterinsights_sitenote_category":0},"categories":[7,37],"tags":[],"aioseo_notices":[],"_links":{"self":[{"href":"https:\/\/cafebarbantia.barbantia.es\/index.php?rest_route=\/wp\/v2\/posts\/13680"}],"collection":[{"href":"https:\/\/cafebarbantia.barbantia.es\/index.php?rest_route=\/wp\/v2\/posts"}],"about":[{"href":"https:\/\/cafebarbantia.barbantia.es\/index.php?rest_route=\/wp\/v2\/types\/post"}],"author":[{"embeddable":true,"href":"https:\/\/cafebarbantia.barbantia.es\/index.php?rest_route=\/wp\/v2\/users\/1"}],"replies":[{"embeddable":true,"href":"https:\/\/cafebarbantia.barbantia.es\/index.php?rest_route=%2Fwp%2Fv2%2Fcomments&post=13680"}],"version-history":[{"count":1,"href":"https:\/\/cafebarbantia.barbantia.es\/index.php?rest_route=\/wp\/v2\/posts\/13680\/revisions"}],"predecessor-version":[{"id":13682,"href":"https:\/\/cafebarbantia.barbantia.es\/index.php?rest_route=\/wp\/v2\/posts\/13680\/revisions\/13682"}],"wp:attachment":[{"href":"https:\/\/cafebarbantia.barbantia.es\/index.php?rest_route=%2Fwp%2Fv2%2Fmedia&parent=13680"}],"wp:term":[{"taxonomy":"category","embeddable":true,"href":"https:\/\/cafebarbantia.barbantia.es\/index.php?rest_route=%2Fwp%2Fv2%2Fcategories&post=13680"},{"taxonomy":"post_tag","embeddable":true,"href":"https:\/\/cafebarbantia.barbantia.es\/index.php?rest_route=%2Fwp%2Fv2%2Ftags&post=13680"}],"curies":[{"name":"wp","href":"https:\/\/api.w.org\/{rel}","templated":true}]}}