{"id":13869,"date":"2021-10-23T06:00:35","date_gmt":"2021-10-23T06:00:35","guid":{"rendered":"http:\/\/cafebarbantia.barbantia.es\/?p=13869"},"modified":"2021-10-19T19:19:27","modified_gmt":"2021-10-19T19:19:27","slug":"o-feitizo-das-palabras","status":"publish","type":"post","link":"https:\/\/cafebarbantia.barbantia.es\/?p=13869","title":{"rendered":"O feitizo das palabras"},"content":{"rendered":"<p style=\"text-align: justify;\"><a href=\"http:\/\/cafebarbantia.barbantia.es\/wp-content\/uploads\/2021\/10\/KCOD6TOQ5RFIRLXOPX4N5XJUUE.jpg\"><img decoding=\"async\" loading=\"lazy\" class=\"alignright size-medium wp-image-13870\" alt=\"KCOD6TOQ5RFIRLXOPX4N5XJUUE\" src=\"http:\/\/cafebarbantia.barbantia.es\/wp-content\/uploads\/2021\/10\/KCOD6TOQ5RFIRLXOPX4N5XJUUE-300x168.jpg\" width=\"300\" height=\"168\" srcset=\"https:\/\/cafebarbantia.barbantia.es\/wp-content\/uploads\/2021\/10\/KCOD6TOQ5RFIRLXOPX4N5XJUUE-300x168.jpg 300w, https:\/\/cafebarbantia.barbantia.es\/wp-content\/uploads\/2021\/10\/KCOD6TOQ5RFIRLXOPX4N5XJUUE-1024x576.jpg 1024w, https:\/\/cafebarbantia.barbantia.es\/wp-content\/uploads\/2021\/10\/KCOD6TOQ5RFIRLXOPX4N5XJUUE-900x506.jpg 900w, https:\/\/cafebarbantia.barbantia.es\/wp-content\/uploads\/2021\/10\/KCOD6TOQ5RFIRLXOPX4N5XJUUE.jpg 1200w\" sizes=\"(max-width: 300px) 100vw, 300px\" \/><\/a><em><strong>Fidel Vidal.\u00a0<\/strong><\/em>Cadaqu\u00e9n ou cada cousa que pos\u00fae un nome \u2013flor, Hamlet, cunca, reloxo-, pos\u00fae ademais a calidade de ser contados, numerados, un a un, e cantados, ou de contar con eles ou con el (encantados de os co\u00f1ecer). Somos conscientes de que en determinadas ocasi\u00f3ns abonda con dicir un nome para saber do que falamos<!--more-->, para co\u00f1ecer o texto\u00a0 completo sen po\u00f1elo ao descuberto na s\u00faa totalidade. Sobra coa indicaci\u00f3n. \u00c9 pos\u00edbel dicir de algu\u00e9n canto queiramos sen o dicir de vez. \u201cXa me entendes\u2026\u201d, e formulamos nesa interrupci\u00f3n a expresi\u00f3n dunha realidade suposta: a conexi\u00f3n co outro que, na forma m\u00e1is expectante e certeira, completa a exactitude da frase: \u201cNon me digas m\u00e1is\u2026\u201d.<\/p>\n<p style=\"text-align: justify;\">Non existe agulla imantada que me oriente ou me occidente neste mapa inacabado. S\u00f3 responde o chifre e a voz dunha estaci\u00f3n sen parada: digamos o Inverno. \u201cEu non busco, atopo\u201d, dic\u00eda Picasso. Mais quen atopa s\u00f3 pode ser aquel que anda na busca. Outras veces, pola contra, andamos no af\u00e1n de nos desfacer daquilo que doe, ou por capricho, mais v\u00e9monos incapaces de nos librar del, de zaf\u00e1rmonos. A vontade non alcanza expulsar o teu recordo de min, do meu primeiro amor: ti, aqu\u00ed, ateigando o meu ser de tanta ausencia. Non me digas m\u00e1is\u2026 Vela\u00ed o feitizo das palabras ao vivo. O regreso do p\u00e9ndulo.<\/p>\n<p style=\"text-align: justify;\">O non expresado ou non dar sa\u00edda pola lectura (a letra impresa) ten, na s\u00faa perspectiva, a posibilidade de provocar emoci\u00f3n (e moci\u00f3n de censura), de emocionar, como resposta ao verbo non escoitado. Morna conmoci\u00f3n do esp\u00edrito. As palabras conv\u00f3cannos ao misterio que hai al\u00e9n delas unha vez escoitadas ou lidas: <i>Ser\u00e3o palavras s\u00f3,\/ e s\u00f3 palavras, o que diremos<\/i> (Eug\u00e9nio de Andrade). E non escudri\u00f1edes nas causas porque non existe ningunha explicaci\u00f3n acertada. Se acaso nalg\u00fan recanto, nalg\u00fan reconto ou reencontro, escuro e \u00e1s escuras, no lenzo da memoria f\u00e9rtil e feliz&#8230; Tecido no que se inscriben signos e voces, sentidos e desexos, combinados e encaixados como pezas da maquinaria dun reloxo a p\u00f3r en marcha o \u201cp\u00e9ndulo po\u00e9tico\u201d: \u201cEntre a Voz e o Pensamento, entre o Pensamento e a Voz, entre a Presenza e a Ausencia, oscila o p\u00e9ndulo po\u00e9tico\u201d (Paul Val\u00e9ry, <i>Teor\u00eda po\u00e9tica e est\u00e9tica<\/i>).<\/p>\n","protected":false},"excerpt":{"rendered":"<p>Fidel Vidal.\u00a0Cadaqu\u00e9n ou cada cousa que pos\u00fae un nome \u2013flor, Hamlet, cunca, reloxo-, pos\u00fae ademais a calidade de ser contados, numerados, un a un, e cantados, ou de contar con eles ou con el (encantados de os co\u00f1ecer). Somos conscientes de que en determinadas ocasi\u00f3ns abonda con dicir un nome para saber do que falamos<\/p>\n","protected":false},"author":1,"featured_media":0,"comment_status":"open","ping_status":"closed","sticky":false,"template":"","format":"standard","meta":{"_bbp_topic_count":0,"_bbp_reply_count":0,"_bbp_total_topic_count":0,"_bbp_total_reply_count":0,"_bbp_voice_count":0,"_bbp_anonymous_reply_count":0,"_bbp_topic_count_hidden":0,"_bbp_reply_count_hidden":0,"_bbp_forum_subforum_count":0,"_exactmetrics_skip_tracking":false,"_exactmetrics_sitenote_active":false,"_exactmetrics_sitenote_note":"","_exactmetrics_sitenote_category":0,"_monsterinsights_skip_tracking":false,"_monsterinsights_sitenote_active":false,"_monsterinsights_sitenote_note":"","_monsterinsights_sitenote_category":0},"categories":[7,65],"tags":[],"aioseo_notices":[],"_links":{"self":[{"href":"https:\/\/cafebarbantia.barbantia.es\/index.php?rest_route=\/wp\/v2\/posts\/13869"}],"collection":[{"href":"https:\/\/cafebarbantia.barbantia.es\/index.php?rest_route=\/wp\/v2\/posts"}],"about":[{"href":"https:\/\/cafebarbantia.barbantia.es\/index.php?rest_route=\/wp\/v2\/types\/post"}],"author":[{"embeddable":true,"href":"https:\/\/cafebarbantia.barbantia.es\/index.php?rest_route=\/wp\/v2\/users\/1"}],"replies":[{"embeddable":true,"href":"https:\/\/cafebarbantia.barbantia.es\/index.php?rest_route=%2Fwp%2Fv2%2Fcomments&post=13869"}],"version-history":[{"count":1,"href":"https:\/\/cafebarbantia.barbantia.es\/index.php?rest_route=\/wp\/v2\/posts\/13869\/revisions"}],"predecessor-version":[{"id":13871,"href":"https:\/\/cafebarbantia.barbantia.es\/index.php?rest_route=\/wp\/v2\/posts\/13869\/revisions\/13871"}],"wp:attachment":[{"href":"https:\/\/cafebarbantia.barbantia.es\/index.php?rest_route=%2Fwp%2Fv2%2Fmedia&parent=13869"}],"wp:term":[{"taxonomy":"category","embeddable":true,"href":"https:\/\/cafebarbantia.barbantia.es\/index.php?rest_route=%2Fwp%2Fv2%2Fcategories&post=13869"},{"taxonomy":"post_tag","embeddable":true,"href":"https:\/\/cafebarbantia.barbantia.es\/index.php?rest_route=%2Fwp%2Fv2%2Ftags&post=13869"}],"curies":[{"name":"wp","href":"https:\/\/api.w.org\/{rel}","templated":true}]}}