{"id":13936,"date":"2021-12-25T06:00:00","date_gmt":"2021-12-25T06:00:00","guid":{"rendered":"http:\/\/cafebarbantia.barbantia.es\/?p=13936"},"modified":"2021-12-16T08:18:04","modified_gmt":"2021-12-16T08:18:04","slug":"theaomai","status":"publish","type":"post","link":"https:\/\/cafebarbantia.barbantia.es\/?p=13936","title":{"rendered":"Th\u00e9aomai"},"content":{"rendered":"<figure id=\"attachment_13937\" aria-describedby=\"caption-attachment-13937\" style=\"width: 300px\" class=\"wp-caption alignright\"><a href=\"http:\/\/cafebarbantia.barbantia.es\/wp-content\/uploads\/2021\/10\/O-F\u00edo-do-A.-Th\u00e9aomai.jpg\"><img decoding=\"async\" loading=\"lazy\" class=\"size-medium wp-image-13937\" alt=\"Foto: Ana L\u00f3pez Gonz\u00e1lez\" src=\"http:\/\/cafebarbantia.barbantia.es\/wp-content\/uploads\/2021\/10\/O-F\u00edo-do-A.-Th\u00e9aomai-300x225.jpg\" width=\"300\" height=\"225\" srcset=\"https:\/\/cafebarbantia.barbantia.es\/wp-content\/uploads\/2021\/10\/O-F\u00edo-do-A.-Th\u00e9aomai-300x225.jpg 300w, https:\/\/cafebarbantia.barbantia.es\/wp-content\/uploads\/2021\/10\/O-F\u00edo-do-A.-Th\u00e9aomai-1024x768.jpg 1024w, https:\/\/cafebarbantia.barbantia.es\/wp-content\/uploads\/2021\/10\/O-F\u00edo-do-A.-Th\u00e9aomai-900x675.jpg 900w\" sizes=\"(max-width: 300px) 100vw, 300px\" \/><\/a><figcaption id=\"caption-attachment-13937\" class=\"wp-caption-text\">Foto: Ana L\u00f3pez Gonz\u00e1lez<\/figcaption><\/figure>\n<p style=\"text-align: justify;\"><span style=\"color: #222222; font-size: large;\"><span style=\"font-family: 'Times New Roman', sans-serif;\"><em><strong>Xabier L. Marqu\u00e9s.\u00a0<\/strong><\/em>Non parabas de falar (\u00e1s veces resultas excesivo) de que os quiasmos te\u00f1en moito que ver cos cruceiros de verbas, e de que os cruceiros recrean \u00e1nimos paralelos.\u00a0<\/span><\/span><span style=\"color: #222222; font-size: large;\"><span style=\"font-family: 'Times New Roman', sans-serif;\">O r\u00edo Artes, ao solpor, ten un aquel de ingreso nun universo quizais m\u00e1xico, paralelo (ti cres que polo feito de que o sol se vai po\u00f1er por un horizonte irregular e ficticio ao non estar afeito ao mundo vexetal&#8230;).<\/span><\/span><\/p>\n<p style=\"text-align: justify;\"><span style=\"color: #222222; font-size: large;\"><span style=\"font-family: 'Times New Roman', sans-serif;\"><!--more-->Ent\u00f3n, xa que logo, o ritmo do noso paso era m\u00e1is propio do das fuxidas pois, ao non termos establecido un fin ou meta, non tivemos en conta a volta. Dis que somos escravos do imperio dunha monosemia turbadora. D\u00e9chesme dous exemplos:<\/span><\/span><\/p>\n<p style=\"text-align: justify;\"><span style=\"color: #222222; font-size: large;\">\u2013<span style=\"font-family: 'Times New Roman', sans-serif;\">O medo \u00e9 individual. O terror \u00e9 colectivo. E, ollo, un colectivo non est\u00e1 formado pola suma de individuos, sen\u00f3n que ten categor\u00eda propia. Pensas nas maravallas de arume, na mulime&#8230; Outra cousa \u00e9 o status do p\u00e1nico: hai gradaci\u00f3n? \u00c9 un estadio intermedio?<\/span><\/span><\/p>\n<p style=\"text-align: justify;\"><span style=\"color: #222222; font-size: large;\">\u2013<span style=\"font-family: 'Times New Roman', sans-serif;\">A soedade non \u00e9 unha pandemia. Nin sequera foi considerada un dos sete Pecados Capitais! Como temos chegado a esa consideraci\u00f3n tan parva?<\/span><\/span><\/p>\n<p style=\"text-align: justify;\"><span style=\"color: #222222; font-size: large;\"><span style=\"font-family: 'Times New Roman', sans-serif;\">O abandono si \u00e9 un andacio!<\/span><\/span><\/p>\n<p style=\"text-align: justify;\"><span style=\"font-size: large;\"><a name=\"_GoBack\"><\/a> <span style=\"color: #222222;\"><span style=\"font-family: 'Times New Roman', sans-serif;\">Engad\u00edn coa mi\u00f1a timidez habitual: ent\u00f3n, o solpor non pode ser fillo do abrente? Canto hai de teatro na contemplaci\u00f3n?<\/span><\/span><\/span><\/p>\n<p><em><span style=\"color: #222222;\">\u201c<span style=\"font-family: 'Times New Roman', sans-serif;\"><span style=\"font-size: medium;\">La solitudine \u00e8 un\u00b4emozione che non pu\u00f2 mai essere condivisa.\u201d\u00a0<\/span><\/span><\/span><\/em><span style=\"color: #222222;\"><span style=\"font-family: 'Times New Roman', sans-serif;\"><span style=\"font-size: medium;\">Claudio Siciliotti, <\/span><\/span><\/span><span style=\"color: #222222;\"><span style=\"font-family: 'Times New Roman', sans-serif;\"><span style=\"font-size: medium;\"><i>Muzak<\/i><\/span><\/span><\/span><\/p>\n","protected":false},"excerpt":{"rendered":"<p>Xabier L. Marqu\u00e9s.\u00a0Non parabas de falar (\u00e1s veces resultas excesivo) de que os quiasmos te\u00f1en moito que ver cos cruceiros de verbas, e de que os cruceiros recrean \u00e1nimos paralelos.\u00a0O r\u00edo Artes, ao solpor, ten un aquel de ingreso nun universo quizais m\u00e1xico, paralelo (ti cres que polo feito de que o sol se vai &hellip; <a href=\"https:\/\/cafebarbantia.barbantia.es\/?p=13936\" class=\"more-link\">Seguir lendo <span class=\"screen-reader-text\">Th\u00e9aomai<\/span> <span class=\"meta-nav\">&rarr;<\/span><\/a><\/p>\n","protected":false},"author":1,"featured_media":0,"comment_status":"open","ping_status":"closed","sticky":false,"template":"","format":"standard","meta":{"_bbp_topic_count":0,"_bbp_reply_count":0,"_bbp_total_topic_count":0,"_bbp_total_reply_count":0,"_bbp_voice_count":0,"_bbp_anonymous_reply_count":0,"_bbp_topic_count_hidden":0,"_bbp_reply_count_hidden":0,"_bbp_forum_subforum_count":0,"_exactmetrics_skip_tracking":false,"_exactmetrics_sitenote_active":false,"_exactmetrics_sitenote_note":"","_exactmetrics_sitenote_category":0,"_monsterinsights_skip_tracking":false,"_monsterinsights_sitenote_active":false,"_monsterinsights_sitenote_note":"","_monsterinsights_sitenote_category":0},"categories":[32,9,36],"tags":[],"aioseo_notices":[],"_links":{"self":[{"href":"https:\/\/cafebarbantia.barbantia.es\/index.php?rest_route=\/wp\/v2\/posts\/13936"}],"collection":[{"href":"https:\/\/cafebarbantia.barbantia.es\/index.php?rest_route=\/wp\/v2\/posts"}],"about":[{"href":"https:\/\/cafebarbantia.barbantia.es\/index.php?rest_route=\/wp\/v2\/types\/post"}],"author":[{"embeddable":true,"href":"https:\/\/cafebarbantia.barbantia.es\/index.php?rest_route=\/wp\/v2\/users\/1"}],"replies":[{"embeddable":true,"href":"https:\/\/cafebarbantia.barbantia.es\/index.php?rest_route=%2Fwp%2Fv2%2Fcomments&post=13936"}],"version-history":[{"count":2,"href":"https:\/\/cafebarbantia.barbantia.es\/index.php?rest_route=\/wp\/v2\/posts\/13936\/revisions"}],"predecessor-version":[{"id":14063,"href":"https:\/\/cafebarbantia.barbantia.es\/index.php?rest_route=\/wp\/v2\/posts\/13936\/revisions\/14063"}],"wp:attachment":[{"href":"https:\/\/cafebarbantia.barbantia.es\/index.php?rest_route=%2Fwp%2Fv2%2Fmedia&parent=13936"}],"wp:term":[{"taxonomy":"category","embeddable":true,"href":"https:\/\/cafebarbantia.barbantia.es\/index.php?rest_route=%2Fwp%2Fv2%2Fcategories&post=13936"},{"taxonomy":"post_tag","embeddable":true,"href":"https:\/\/cafebarbantia.barbantia.es\/index.php?rest_route=%2Fwp%2Fv2%2Ftags&post=13936"}],"curies":[{"name":"wp","href":"https:\/\/api.w.org\/{rel}","templated":true}]}}