{"id":13960,"date":"2021-11-08T06:00:49","date_gmt":"2021-11-08T06:00:49","guid":{"rendered":"http:\/\/cafebarbantia.barbantia.es\/?p=13960"},"modified":"2021-11-05T07:42:05","modified_gmt":"2021-11-05T07:42:05","slug":"verbas-de-paleta-a-forza-do-contraste","status":"publish","type":"post","link":"https:\/\/cafebarbantia.barbantia.es\/?p=13960","title":{"rendered":"\u201cVerbas de paleta\u201d. A forza do contraste"},"content":{"rendered":"<p align=\"justify\"><span style=\"font-family: 'Times New Roman', sans-serif;\"><span style=\"font-size: medium;\"><span style=\"color: #202122;\"><span style=\"font-family: Calibri, sans-serif;\"><span style=\"font-size: large;\"><a href=\"http:\/\/cafebarbantia.barbantia.es\/wp-content\/uploads\/2021\/11\/As-Letras-da-Arte.-Imaxe.jpg\"><img decoding=\"async\" loading=\"lazy\" class=\"alignright size-medium wp-image-13961\" alt=\"As Letras da Arte. Imaxe\" src=\"http:\/\/cafebarbantia.barbantia.es\/wp-content\/uploads\/2021\/11\/As-Letras-da-Arte.-Imaxe-183x300.jpg\" width=\"183\" height=\"300\" srcset=\"https:\/\/cafebarbantia.barbantia.es\/wp-content\/uploads\/2021\/11\/As-Letras-da-Arte.-Imaxe-183x300.jpg 183w, https:\/\/cafebarbantia.barbantia.es\/wp-content\/uploads\/2021\/11\/As-Letras-da-Arte.-Imaxe-627x1024.jpg 627w, https:\/\/cafebarbantia.barbantia.es\/wp-content\/uploads\/2021\/11\/As-Letras-da-Arte.-Imaxe.jpg 868w\" sizes=\"(max-width: 183px) 100vw, 183px\" \/><\/a><em><strong>Eme Cartea.\u00a0<\/strong><\/em>Refer\u00edmonos a Carme Sampedro, que acaba de expor no Centro Empresarial do Tambre a serie \u201cELA\u201d, en vermello sobre negro, 20 acr\u00edlicos de gran formato fusionados cos seus poemas en galego, de tem\u00e1tica cordial. Un conxunto coreogr\u00e1fico de tensi\u00f3n e dinamismo onde a figura aparece como conxelada no tempo a modo de proxecci\u00f3n fotogr\u00e1fica, e animada pola xestual lixeireza da pincelada, de poderosa e sensual expresiviade mat\u00e9rica.<\/span><\/span><\/span><\/span><\/span><\/p>\n<p align=\"justify\"><span style=\"font-family: 'Times New Roman', sans-serif;\"><span style=\"font-size: medium;\"><span style=\"color: #202122;\"><span style=\"font-family: Calibri, sans-serif;\"><span style=\"font-size: large;\">Sabemos que esta proposta sup\u00f3n unha radical mudanza na prometedora carreira desta artista pl\u00e1stica atrapada na s\u00faa \u00edntima necesidade de crear<!--more-->, e que n\u00f3s, os espectadores, ficamos arraf\u00e9ns do seu magnetismo visual, tinxido de intenso e extenso simbolismo emocional.<\/span><\/span><\/span><\/span><\/span><\/p>\n<p align=\"justify\"><span style=\"font-family: 'Times New Roman', sans-serif;\"><span style=\"font-size: medium;\"><span style=\"color: #202122;\"><span style=\"font-family: Calibri, sans-serif;\"><span style=\"font-size: large;\">Figura de muller, beleza carnal ao tempo que din\u00e1mica, que amosa orgullosa e altiva as cruentas e inacabadas conquistas de x\u00e9nero. <\/span><\/span><\/span><span style=\"color: #202122;\"><span style=\"font-family: Calibri, sans-serif;\"><span style=\"font-size: large;\">Figura latente, fotorrealista, petrificada pero en proxecci\u00f3n creadora, nese espect\u00e1culo de obra total que \u00e9 a danza como met\u00e1fora de control espazo-temporal dos corpos. <\/span><\/span><\/span><\/span><\/span><\/p>\n<p align=\"justify\"><span style=\"font-family: 'Times New Roman', sans-serif;\"><span style=\"font-size: medium;\"><span style=\"color: #202122;\"><span style=\"font-family: Calibri, sans-serif;\"><span style=\"font-size: large;\">A\u00ed est\u00e1n os trazos desgarrados que nos anoan co expresionismo de signo informalista, esas pinceladas-mancha soltas e case neur\u00f3ticas liberadas da potestade da raz\u00f3n. Parafraseando a famosa frase de Lucian Freud, diriamos que Carme Sampedro pinta a muller \u201cpolo que \u00e9 e tam\u00e9n polo que lle gustar\u00eda ser\u201d. Todo, neoexpresionismo, xestualidade, presentaci\u00f3n dram\u00e1tica, pigmentos, tons, xogos de luz e sombra, contrastes&#8230; confl\u00faen na creaci\u00f3n dunha est\u00e9tica lorquiana, dura, dram\u00e1tica, efectista.<\/span><\/span><\/span><\/span><\/span><\/p>\n<p align=\"justify\"><span style=\"font-family: 'Times New Roman', sans-serif;\"><span style=\"font-size: medium;\"><span style=\"color: #202122;\"><span style=\"font-family: Calibri, sans-serif;\"><span style=\"font-size: large;\">Arte reco\u00f1ecible pero nas marxes da figuraci\u00f3n e da expresi\u00f3n, do que se ve e se sente, do que se di e se cala. Percepci\u00f3n esencial da alma humana como unha especie de performance que aflorase retallos do inconsciente liberado. O oculto \u201cinvisible aos ollos\u201d do <\/span><\/span><\/span><span style=\"color: #202122;\"><span style=\"font-family: Calibri, sans-serif;\"><span style=\"font-size: large;\"><i>Principi\u00f1o<\/i><\/span><\/span><\/span><span style=\"color: #202122;\"><span style=\"font-family: Calibri, sans-serif;\"><span style=\"font-size: large;\">, a pel \u2013territorio de estremecemento e de cicatriz\u2013 como o m\u00e1is profundo dos espellos a atravesar, o transido rostro, as mans que debuxan misterios de liberaci\u00f3n e caricia.<\/span><\/span><\/span><\/span><\/span><\/p>\n<p align=\"justify\"><span style=\"font-family: 'Times New Roman', sans-serif;\"><span style=\"font-size: medium;\"><span style=\"color: #202122;\"><span style=\"font-family: Calibri, sans-serif;\"><span style=\"font-size: large;\">Rostro en transo, humano demasiado humano, que procura a nosa empat\u00eda, a catarse liberadora de <\/span><\/span><\/span><span style=\"color: #202122;\"><span style=\"font-family: Calibri, sans-serif;\"><span style=\"font-size: large;\"><i>hybris<\/i><\/span><\/span><\/span><span style=\"color: #202122;\"><span style=\"font-family: Calibri, sans-serif;\"><span style=\"font-size: large;\">, orgullos<\/span><\/span><\/span><span style=\"color: #202122;\"><span style=\"font-family: Calibri, sans-serif;\"><span style=\"font-size: large;\"> e demais infortunios. Cadro-arte, cadro-vida, li\u00f1a que une e separa a luz e a sombra, onde acaecen os so\u00f1os. Carme Sampedro desc\u00f3brenos a emoci\u00f3n xestual e instintiva sen recorrer a ocultaci\u00f3ns eufem\u00edsticas: ELA resume, sintetiza, fusiona o mellor e o peor da traxicomedia como doce po\u00e9tica de extremo vigor. <\/span><\/span><\/span><\/span><\/span><\/p>\n<p align=\"justify\"><span style=\"font-family: 'Times New Roman', sans-serif;\"><span style=\"font-size: medium;\"><span style=\"color: #202122;\"><span style=\"font-family: Calibri, sans-serif;\"><span style=\"font-size: large;\">E logo o ton negro (dor, loito, escuridade, medo&#8230; misterio, rebeld\u00eda, drama, Poder), asociado ao vermello (paix\u00f3n, violencia, amor, frenes\u00ed, Poder) a enfatizar a beleza. Poder&#8230; poder&#8230; \u201cempoderamento\u201d!<\/span><\/span><\/span><\/span><\/span><\/p>\n<p align=\"justify\"><span style=\"font-family: 'Times New Roman', sans-serif;\"><span style=\"font-size: medium;\"><span style=\"color: #202122;\"><span style=\"font-family: Calibri, sans-serif;\"><span style=\"font-size: large;\">Pero hai m\u00e1is: hai poes\u00eda mesturada coa cor. O t\u00f3pico: \u201cA poes\u00eda \u00e9 pintura que fala e a pintura \u00e9 poes\u00eda muda\u201d (Sim\u00f3nides de Ceos), chega a n\u00f3s da man de Carme Sampedro como unha longa alegor\u00eda simbi\u00f3tica que nos invitase \u00e1 contemplaci\u00f3n da imaxe po\u00e9tica.<\/span><\/span><\/span><\/span><\/span><\/p>\n<p align=\"justify\"><span style=\"font-family: 'Times New Roman', sans-serif;\"><span style=\"font-size: medium;\"><span style=\"color: #202122;\"><span style=\"font-family: Calibri, sans-serif;\"><span style=\"font-size: large;\">Porque, pese \u00e1 traxedia coti\u00e1, somos quen de perseguir e acadar un so\u00f1o&#8230; en cada pincelada!<\/span><\/span><\/span><\/span><\/span><\/p>\n","protected":false},"excerpt":{"rendered":"<p>Eme Cartea.\u00a0Refer\u00edmonos a Carme Sampedro, que acaba de expor no Centro Empresarial do Tambre a serie \u201cELA\u201d, en vermello sobre negro, 20 acr\u00edlicos de gran formato fusionados cos seus poemas en galego, de tem\u00e1tica cordial. Un conxunto coreogr\u00e1fico de tensi\u00f3n e dinamismo onde a figura aparece como conxelada no tempo a modo de proxecci\u00f3n fotogr\u00e1fica, &hellip; <a href=\"https:\/\/cafebarbantia.barbantia.es\/?p=13960\" class=\"more-link\">Seguir lendo <span class=\"screen-reader-text\">\u201cVerbas de paleta\u201d. A forza do contraste<\/span> <span class=\"meta-nav\">&rarr;<\/span><\/a><\/p>\n","protected":false},"author":1,"featured_media":0,"comment_status":"open","ping_status":"closed","sticky":false,"template":"","format":"standard","meta":{"_bbp_topic_count":0,"_bbp_reply_count":0,"_bbp_total_topic_count":0,"_bbp_total_reply_count":0,"_bbp_voice_count":0,"_bbp_anonymous_reply_count":0,"_bbp_topic_count_hidden":0,"_bbp_reply_count_hidden":0,"_bbp_forum_subforum_count":0,"_exactmetrics_skip_tracking":false,"_exactmetrics_sitenote_active":false,"_exactmetrics_sitenote_note":"","_exactmetrics_sitenote_category":0,"_monsterinsights_skip_tracking":false,"_monsterinsights_sitenote_active":false,"_monsterinsights_sitenote_note":"","_monsterinsights_sitenote_category":0},"categories":[4,30],"tags":[],"aioseo_notices":[],"_links":{"self":[{"href":"https:\/\/cafebarbantia.barbantia.es\/index.php?rest_route=\/wp\/v2\/posts\/13960"}],"collection":[{"href":"https:\/\/cafebarbantia.barbantia.es\/index.php?rest_route=\/wp\/v2\/posts"}],"about":[{"href":"https:\/\/cafebarbantia.barbantia.es\/index.php?rest_route=\/wp\/v2\/types\/post"}],"author":[{"embeddable":true,"href":"https:\/\/cafebarbantia.barbantia.es\/index.php?rest_route=\/wp\/v2\/users\/1"}],"replies":[{"embeddable":true,"href":"https:\/\/cafebarbantia.barbantia.es\/index.php?rest_route=%2Fwp%2Fv2%2Fcomments&post=13960"}],"version-history":[{"count":1,"href":"https:\/\/cafebarbantia.barbantia.es\/index.php?rest_route=\/wp\/v2\/posts\/13960\/revisions"}],"predecessor-version":[{"id":13962,"href":"https:\/\/cafebarbantia.barbantia.es\/index.php?rest_route=\/wp\/v2\/posts\/13960\/revisions\/13962"}],"wp:attachment":[{"href":"https:\/\/cafebarbantia.barbantia.es\/index.php?rest_route=%2Fwp%2Fv2%2Fmedia&parent=13960"}],"wp:term":[{"taxonomy":"category","embeddable":true,"href":"https:\/\/cafebarbantia.barbantia.es\/index.php?rest_route=%2Fwp%2Fv2%2Fcategories&post=13960"},{"taxonomy":"post_tag","embeddable":true,"href":"https:\/\/cafebarbantia.barbantia.es\/index.php?rest_route=%2Fwp%2Fv2%2Ftags&post=13960"}],"curies":[{"name":"wp","href":"https:\/\/api.w.org\/{rel}","templated":true}]}}