{"id":14252,"date":"2022-02-23T06:00:38","date_gmt":"2022-02-23T06:00:38","guid":{"rendered":"http:\/\/cafebarbantia.barbantia.es\/?p=14252"},"modified":"2022-02-17T07:47:25","modified_gmt":"2022-02-17T07:47:25","slug":"a-primeira-boneca","status":"publish","type":"post","link":"https:\/\/cafebarbantia.barbantia.es\/?p=14252","title":{"rendered":"A primeira boneca"},"content":{"rendered":"<p style=\"text-align: justify;\" data-gtm-vis-recent-on-screen-39289916_263=\"546\" data-gtm-vis-first-on-screen-39289916_263=\"546\" data-gtm-vis-total-visible-time-39289916_263=\"100\" data-gtm-vis-has-fired-39289916_263=\"1\"><em><strong><a href=\"http:\/\/cafebarbantia.barbantia.es\/wp-content\/uploads\/2022\/02\/O-F\u00edo-de-Ariadna.-Boneca-anos-40.jpg\"><img decoding=\"async\" loading=\"lazy\" class=\"alignright size-medium wp-image-14266\" alt=\"O F\u00edo de Ariadna. Boneca anos 40\" src=\"http:\/\/cafebarbantia.barbantia.es\/wp-content\/uploads\/2022\/02\/O-F\u00edo-de-Ariadna.-Boneca-anos-40-225x300.jpg\" width=\"225\" height=\"300\" srcset=\"https:\/\/cafebarbantia.barbantia.es\/wp-content\/uploads\/2022\/02\/O-F\u00edo-de-Ariadna.-Boneca-anos-40-225x300.jpg 225w, https:\/\/cafebarbantia.barbantia.es\/wp-content\/uploads\/2022\/02\/O-F\u00edo-de-Ariadna.-Boneca-anos-40.jpg 360w\" sizes=\"(max-width: 225px) 100vw, 225px\" \/><\/a>Encarna Pego.\u00a0<\/strong><\/em>Hai d\u00edas que Vigo apagou as luces de Nadal e que as crianzas recibiron a visita farturenta dos Magos. V\u00e9\u00f1enme \u00e1 memoria cousas que lles ouv\u00edn aos meus vellos.<\/p>\n<div id=\"6ad_RobaPaginasMobile-id\" style=\"text-align: justify;\" data-ad=\"no\">Nos anos corenta a rapazada fac\u00eda os seus xoguetes. Era moi raro ver na aldea xogos mercados. As nenas conform\u00e1banse arrolando un pau envolto nun trapo. Meu t\u00edo fac\u00eda cunha navalla o seu carro e vacas de pau, e cercaba na horta a s\u00faa parceli\u00f1a con cunchas de mexill\u00f3n.<\/div>\n<p style=\"text-align: justify;\">A sorpresa de mi\u00f1a nai, a nena da casa, foi cando o maior dos irm\u00e1ns regresou de Ferrol coa mili cumprida e lle trouxo unha boneca de verdade.<!--more--> Nunca tal viran nin ela nin as amigas. Fac\u00edanlle roupa, d\u00e1banlle de comer, cant\u00e1banlle\u2026 Todo o que v\u00edan facer.<\/p>\n<div id=\"PL_ad_Roba2Mobile\" style=\"text-align: justify;\">Morr\u00eda ent\u00f3n moita xente: vella, nova e anxi\u00f1os. Elas \u00edan acot\u00edo aos velorios coas nais e avoas. Para as nenas era natural.<\/div>\n<p style=\"text-align: justify;\">Un d\u00eda tiveron a idea de que a boneca tam\u00e9n pod\u00eda morrer. Met\u00e9rona nunha caixa de zapatos e vel\u00e1rona, chorando, como ti\u00f1an visto. Logo da procesi\u00f3n pola eira e as oraci\u00f3ns pertinentes, soterr\u00e1rona debaixo do h\u00f3rreo, e foron todas satisfeitas para a casa.<\/p>\n<div id=\"PL_ad_Roba3Mobile\" style=\"text-align: justify;\">D\u00faas noites e un d\u00eda de chuvia despois, a dona quixo volver xogar coa boneca e foina desenterrar. A\u00ed empezou o verdadeiro pranto. A boneca de cart\u00f3n estaba totalmente desfeita. Feita po!<\/div>\n","protected":false},"excerpt":{"rendered":"<p>Encarna Pego.\u00a0Hai d\u00edas que Vigo apagou as luces de Nadal e que as crianzas recibiron a visita farturenta dos Magos. V\u00e9\u00f1enme \u00e1 memoria cousas que lles ouv\u00edn aos meus vellos. Nos anos corenta a rapazada fac\u00eda os seus xoguetes. Era moi raro ver na aldea xogos mercados. As nenas conform\u00e1banse arrolando un pau envolto nun &hellip; <a href=\"https:\/\/cafebarbantia.barbantia.es\/?p=14252\" class=\"more-link\">Seguir lendo <span class=\"screen-reader-text\">A primeira boneca<\/span> <span class=\"meta-nav\">&rarr;<\/span><\/a><\/p>\n","protected":false},"author":1,"featured_media":0,"comment_status":"open","ping_status":"closed","sticky":false,"template":"","format":"standard","meta":{"_bbp_topic_count":0,"_bbp_reply_count":0,"_bbp_total_topic_count":0,"_bbp_total_reply_count":0,"_bbp_voice_count":0,"_bbp_anonymous_reply_count":0,"_bbp_topic_count_hidden":0,"_bbp_reply_count_hidden":0,"_bbp_forum_subforum_count":0,"_exactmetrics_skip_tracking":false,"_exactmetrics_sitenote_active":false,"_exactmetrics_sitenote_note":"","_exactmetrics_sitenote_category":0,"_monsterinsights_skip_tracking":false,"_monsterinsights_sitenote_active":false,"_monsterinsights_sitenote_note":"","_monsterinsights_sitenote_category":0},"categories":[57,32,9],"tags":[],"aioseo_notices":[],"_links":{"self":[{"href":"https:\/\/cafebarbantia.barbantia.es\/index.php?rest_route=\/wp\/v2\/posts\/14252"}],"collection":[{"href":"https:\/\/cafebarbantia.barbantia.es\/index.php?rest_route=\/wp\/v2\/posts"}],"about":[{"href":"https:\/\/cafebarbantia.barbantia.es\/index.php?rest_route=\/wp\/v2\/types\/post"}],"author":[{"embeddable":true,"href":"https:\/\/cafebarbantia.barbantia.es\/index.php?rest_route=\/wp\/v2\/users\/1"}],"replies":[{"embeddable":true,"href":"https:\/\/cafebarbantia.barbantia.es\/index.php?rest_route=%2Fwp%2Fv2%2Fcomments&post=14252"}],"version-history":[{"count":2,"href":"https:\/\/cafebarbantia.barbantia.es\/index.php?rest_route=\/wp\/v2\/posts\/14252\/revisions"}],"predecessor-version":[{"id":14267,"href":"https:\/\/cafebarbantia.barbantia.es\/index.php?rest_route=\/wp\/v2\/posts\/14252\/revisions\/14267"}],"wp:attachment":[{"href":"https:\/\/cafebarbantia.barbantia.es\/index.php?rest_route=%2Fwp%2Fv2%2Fmedia&parent=14252"}],"wp:term":[{"taxonomy":"category","embeddable":true,"href":"https:\/\/cafebarbantia.barbantia.es\/index.php?rest_route=%2Fwp%2Fv2%2Fcategories&post=14252"},{"taxonomy":"post_tag","embeddable":true,"href":"https:\/\/cafebarbantia.barbantia.es\/index.php?rest_route=%2Fwp%2Fv2%2Ftags&post=14252"}],"curies":[{"name":"wp","href":"https:\/\/api.w.org\/{rel}","templated":true}]}}