{"id":14305,"date":"2022-02-21T06:00:54","date_gmt":"2022-02-21T06:00:54","guid":{"rendered":"http:\/\/cafebarbantia.barbantia.es\/?p=14305"},"modified":"2022-02-16T08:23:26","modified_gmt":"2022-02-16T08:23:26","slug":"as-voltas-coa-banca","status":"publish","type":"post","link":"https:\/\/cafebarbantia.barbantia.es\/?p=14305","title":{"rendered":"\u00c1s voltas coa banca"},"content":{"rendered":"<p align=\"justify\"><em><strong><a href=\"http:\/\/cafebarbantia.barbantia.es\/wp-content\/uploads\/2022\/02\/dinero-banco.jpg\"><img decoding=\"async\" loading=\"lazy\" class=\"alignright size-medium wp-image-14310\" alt=\"dinero-banco\" src=\"http:\/\/cafebarbantia.barbantia.es\/wp-content\/uploads\/2022\/02\/dinero-banco-300x150.jpg\" width=\"300\" height=\"150\" srcset=\"https:\/\/cafebarbantia.barbantia.es\/wp-content\/uploads\/2022\/02\/dinero-banco-300x150.jpg 300w, https:\/\/cafebarbantia.barbantia.es\/wp-content\/uploads\/2022\/02\/dinero-banco.jpg 800w\" sizes=\"(max-width: 300px) 100vw, 300px\" \/><\/a>Marina Losada Vicente.\u00a0<\/strong><\/em>\u00abOs cartos son meus! Que poida sacalos Ic\u00eda non ten nada que ver. Ou a casa tam\u00e9n \u00e9 da neta porque te\u00f1a chave? Asinei para metela na conta? Si. Tam\u00e9n asinei no concello para empadroala e non por iso temos \u201ccompartida\u201d a propiedade da casa!\u00bb.<!--more--><\/p>\n<p align=\"justify\">O empregado da banca e eu mesma, que estaba presente, quedamos coa boca pechada ante o acertado do razoamento da se\u00f1ora Tereixa.<\/p>\n<p align=\"justify\">\u00abCando traballaba, quen met\u00eda na conta o que \u00eda aforrando? Eu. Quen deixa todos os meses unha parte da xubilaci\u00f3n? Eu. Ingresou un euro a neta? Non. Que a puxese na conta \u00e9 culpa da Internet esa do banco, que non vale para vellas. E tam\u00e9n a multa e culpa vosa, que lla puxeron o d\u00eda que me trouxo a cobrar a pensi\u00f3n, porque aparcou diante desa porta, que coa que ca\u00eda non \u00eda estar eu \u00e1 chuvia unha hora\u00bb.<\/p>\n<p align=\"justify\">\u00abPux\u00e9ronme a min a multa? Non. Pux\u00e9ronlla \u00e1 rapaza, e con que vai pagala, con cunchas da ribeira? Pois que lle dean traballo e que lla desconten! A min non te\u00f1en dereito a embargarme nin un c\u00e9ntimo!\u00bb. Para iso estaba eu al\u00ed, para pedir un certificado de dep\u00f3sitos, baseado na normativa que establece que \u201ca facultade de disposici\u00f3n sobre contas bancarias solidarias ou indistintas obriga a distinguir entre titularidade de disposici\u00f3n, que s\u00f3 ten efectos bancarios, e titularidade dominical (de dominio), que determina a propiedade dos mesmos, segundo o ordenamento xur\u00eddico xeral\u201d, o que v\u00e9n querendo dicir, precisamente, o que Tereixa manti\u00f1a: Os cartos son de quen os depositou no banco non de quen ten disposici\u00f3n deles.<\/p>\n<p align=\"justify\">\u00abNin dominical nin festiva\u00bb, dixo a clienta ao escoitarme,\u00abdiga a Igrexa o que queira! Ou a casa parroquial non segue sendo deles porque quedou vivindo \u201cde ocupa\u201d a sancrist\u00e1 cando morreu o cura?\u00bb.<\/p>\n","protected":false},"excerpt":{"rendered":"<p>Marina Losada Vicente.\u00a0\u00abOs cartos son meus! Que poida sacalos Ic\u00eda non ten nada que ver. Ou a casa tam\u00e9n \u00e9 da neta porque te\u00f1a chave? Asinei para metela na conta? Si. Tam\u00e9n asinei no concello para empadroala e non por iso temos \u201ccompartida\u201d a propiedade da casa!\u00bb.<\/p>\n","protected":false},"author":1,"featured_media":0,"comment_status":"open","ping_status":"closed","sticky":false,"template":"","format":"standard","meta":{"_bbp_topic_count":0,"_bbp_reply_count":0,"_bbp_total_topic_count":0,"_bbp_total_reply_count":0,"_bbp_voice_count":0,"_bbp_anonymous_reply_count":0,"_bbp_topic_count_hidden":0,"_bbp_reply_count_hidden":0,"_bbp_forum_subforum_count":0,"_exactmetrics_skip_tracking":false,"_exactmetrics_sitenote_active":false,"_exactmetrics_sitenote_note":"","_exactmetrics_sitenote_category":0,"_monsterinsights_skip_tracking":false,"_monsterinsights_sitenote_active":false,"_monsterinsights_sitenote_note":"","_monsterinsights_sitenote_category":0},"categories":[73,9],"tags":[],"aioseo_notices":[],"_links":{"self":[{"href":"https:\/\/cafebarbantia.barbantia.es\/index.php?rest_route=\/wp\/v2\/posts\/14305"}],"collection":[{"href":"https:\/\/cafebarbantia.barbantia.es\/index.php?rest_route=\/wp\/v2\/posts"}],"about":[{"href":"https:\/\/cafebarbantia.barbantia.es\/index.php?rest_route=\/wp\/v2\/types\/post"}],"author":[{"embeddable":true,"href":"https:\/\/cafebarbantia.barbantia.es\/index.php?rest_route=\/wp\/v2\/users\/1"}],"replies":[{"embeddable":true,"href":"https:\/\/cafebarbantia.barbantia.es\/index.php?rest_route=%2Fwp%2Fv2%2Fcomments&post=14305"}],"version-history":[{"count":2,"href":"https:\/\/cafebarbantia.barbantia.es\/index.php?rest_route=\/wp\/v2\/posts\/14305\/revisions"}],"predecessor-version":[{"id":14311,"href":"https:\/\/cafebarbantia.barbantia.es\/index.php?rest_route=\/wp\/v2\/posts\/14305\/revisions\/14311"}],"wp:attachment":[{"href":"https:\/\/cafebarbantia.barbantia.es\/index.php?rest_route=%2Fwp%2Fv2%2Fmedia&parent=14305"}],"wp:term":[{"taxonomy":"category","embeddable":true,"href":"https:\/\/cafebarbantia.barbantia.es\/index.php?rest_route=%2Fwp%2Fv2%2Fcategories&post=14305"},{"taxonomy":"post_tag","embeddable":true,"href":"https:\/\/cafebarbantia.barbantia.es\/index.php?rest_route=%2Fwp%2Fv2%2Ftags&post=14305"}],"curies":[{"name":"wp","href":"https:\/\/api.w.org\/{rel}","templated":true}]}}