{"id":14312,"date":"2022-02-20T06:00:09","date_gmt":"2022-02-20T06:00:09","guid":{"rendered":"http:\/\/cafebarbantia.barbantia.es\/?p=14312"},"modified":"2022-02-16T17:38:04","modified_gmt":"2022-02-16T17:38:04","slug":"dia-da-conciencia-negra-2","status":"publish","type":"post","link":"https:\/\/cafebarbantia.barbantia.es\/?p=14312","title":{"rendered":"D\u00eda da conciencia negra"},"content":{"rendered":"<p style=\"text-align: justify;\"><a href=\"http:\/\/cafebarbantia.barbantia.es\/wp-content\/uploads\/2022\/02\/2brasil.jpg\"><img decoding=\"async\" loading=\"lazy\" class=\"alignright size-medium wp-image-14313\" alt=\"2brasil\" src=\"http:\/\/cafebarbantia.barbantia.es\/wp-content\/uploads\/2022\/02\/2brasil-300x224.jpg\" width=\"300\" height=\"224\" srcset=\"https:\/\/cafebarbantia.barbantia.es\/wp-content\/uploads\/2022\/02\/2brasil-300x224.jpg 300w, https:\/\/cafebarbantia.barbantia.es\/wp-content\/uploads\/2022\/02\/2brasil-1024x767.jpg 1024w, https:\/\/cafebarbantia.barbantia.es\/wp-content\/uploads\/2022\/02\/2brasil-900x674.jpg 900w, https:\/\/cafebarbantia.barbantia.es\/wp-content\/uploads\/2022\/02\/2brasil.jpg 1299w\" sizes=\"(max-width: 300px) 100vw, 300px\" \/><\/a><em><strong>Xerardo AgraFoxo.\u00a0<\/strong><\/em>Aquela xornada era festiva por celebrarse o D\u00eda da Conciencia Negra. Os actos comezaran uns d\u00edas antes na capital estatal. Coincidindo con esa celebraci\u00f3n, o xornal<i> Folha de S\u00e3o Paulo<\/i> publicara este di\u00e1logo nun consultorio hospitalario da contorna:<\/p>\n<p style=\"text-align: justify;\">\u2013Vostede \u00e9 o m\u00e9dico?<\/p>\n<p style=\"text-align: justify;\">\u2013Si, son eu.<!--more--><\/p>\n<p style=\"text-align: justify;\">\u2013Como?<\/p>\n<p style=\"text-align: justify;\">\u2013Se\u00f1ora, pode entrar.<\/p>\n<p style=\"text-align: justify;\">\u2013Non vou entrar. Non quero ser atendida por un \u201cpreto\u201d.<\/p>\n<p style=\"text-align: justify;\">O Dr. Roberto chamou o pr\u00f3ximo paciente e continuou co seu traballo de maneira natural, como se nada tivese acontecido. O crime do racismo foi no 2014, pero ficou gravado na memoria del coma se fose onte.<\/p>\n<p style=\"text-align: justify;\">Despois de ler o xornal, sentei na praia de Santos cunha parella de S\u00e3o Paulo que me explicou como xurdira o D\u00eda da Conciencia Negra no Brasil:<\/p>\n<p style=\"text-align: justify;\">\u2013Cel\u00e9brase cada 20 de novembro. A data coincide coa morte no ano 1695 de Zumbi dos Palmares, o l\u00edder dos escravos.<\/p>\n<p style=\"text-align: justify;\">\u2013Como o mataron?<\/p>\n<p style=\"text-align: justify;\">\u2013Zumbi foi asasinado nunha emboscada e a s\u00faa cabeza exhibida nunha praza p\u00fablica. Os colonizadores ving\u00e1ronse del porque logrou formar unha Rep\u00fablica negra que chegou a m\u00e1is de 20.000 habitantes.<\/p>\n<p style=\"text-align: justify;\">A execuci\u00f3n de Zumbi foi un terrible escarmento para evitar outras revoltas semellantes. O poder colonial, para defender a s\u00faa cobiza, ameazaba sempre coas s\u00faas gadoupas de ferro.<\/p>\n","protected":false},"excerpt":{"rendered":"<p>Xerardo AgraFoxo.\u00a0Aquela xornada era festiva por celebrarse o D\u00eda da Conciencia Negra. Os actos comezaran uns d\u00edas antes na capital estatal. Coincidindo con esa celebraci\u00f3n, o xornal Folha de S\u00e3o Paulo publicara este di\u00e1logo nun consultorio hospitalario da contorna: \u2013Vostede \u00e9 o m\u00e9dico? \u2013Si, son eu.<\/p>\n","protected":false},"author":1,"featured_media":0,"comment_status":"open","ping_status":"closed","sticky":false,"template":"","format":"standard","meta":{"_bbp_topic_count":0,"_bbp_reply_count":0,"_bbp_total_topic_count":0,"_bbp_total_reply_count":0,"_bbp_voice_count":0,"_bbp_anonymous_reply_count":0,"_bbp_topic_count_hidden":0,"_bbp_reply_count_hidden":0,"_bbp_forum_subforum_count":0,"_exactmetrics_skip_tracking":false,"_exactmetrics_sitenote_active":false,"_exactmetrics_sitenote_note":"","_exactmetrics_sitenote_category":0,"_monsterinsights_skip_tracking":false,"_monsterinsights_sitenote_active":false,"_monsterinsights_sitenote_note":"","_monsterinsights_sitenote_category":0},"categories":[9,22,21],"tags":[],"aioseo_notices":[],"_links":{"self":[{"href":"https:\/\/cafebarbantia.barbantia.es\/index.php?rest_route=\/wp\/v2\/posts\/14312"}],"collection":[{"href":"https:\/\/cafebarbantia.barbantia.es\/index.php?rest_route=\/wp\/v2\/posts"}],"about":[{"href":"https:\/\/cafebarbantia.barbantia.es\/index.php?rest_route=\/wp\/v2\/types\/post"}],"author":[{"embeddable":true,"href":"https:\/\/cafebarbantia.barbantia.es\/index.php?rest_route=\/wp\/v2\/users\/1"}],"replies":[{"embeddable":true,"href":"https:\/\/cafebarbantia.barbantia.es\/index.php?rest_route=%2Fwp%2Fv2%2Fcomments&post=14312"}],"version-history":[{"count":1,"href":"https:\/\/cafebarbantia.barbantia.es\/index.php?rest_route=\/wp\/v2\/posts\/14312\/revisions"}],"predecessor-version":[{"id":14314,"href":"https:\/\/cafebarbantia.barbantia.es\/index.php?rest_route=\/wp\/v2\/posts\/14312\/revisions\/14314"}],"wp:attachment":[{"href":"https:\/\/cafebarbantia.barbantia.es\/index.php?rest_route=%2Fwp%2Fv2%2Fmedia&parent=14312"}],"wp:term":[{"taxonomy":"category","embeddable":true,"href":"https:\/\/cafebarbantia.barbantia.es\/index.php?rest_route=%2Fwp%2Fv2%2Fcategories&post=14312"},{"taxonomy":"post_tag","embeddable":true,"href":"https:\/\/cafebarbantia.barbantia.es\/index.php?rest_route=%2Fwp%2Fv2%2Ftags&post=14312"}],"curies":[{"name":"wp","href":"https:\/\/api.w.org\/{rel}","templated":true}]}}