{"id":14395,"date":"2022-04-02T06:00:15","date_gmt":"2022-04-02T06:00:15","guid":{"rendered":"http:\/\/cafebarbantia.barbantia.es\/?p=14395"},"modified":"2022-03-28T18:40:40","modified_gmt":"2022-03-28T18:40:40","slug":"todos-os-nomes-identidade-pobo-pais","status":"publish","type":"post","link":"https:\/\/cafebarbantia.barbantia.es\/?p=14395","title":{"rendered":"Todos os nomes. Identidade, pobo, pa\u00eds"},"content":{"rendered":"<p align=\"justify\"><span style=\"font-size: large;\"><em><strong><a href=\"http:\/\/cafebarbantia.barbantia.es\/wp-content\/uploads\/2022\/03\/O-Andel.-Todos_os_nomes.jpg\"><img decoding=\"async\" loading=\"lazy\" class=\"alignright size-medium wp-image-14396\" alt=\"O Andel. Todos_os_nomes\" src=\"http:\/\/cafebarbantia.barbantia.es\/wp-content\/uploads\/2022\/03\/O-Andel.-Todos_os_nomes-213x300.jpg\" width=\"213\" height=\"300\" srcset=\"https:\/\/cafebarbantia.barbantia.es\/wp-content\/uploads\/2022\/03\/O-Andel.-Todos_os_nomes-213x300.jpg 213w, https:\/\/cafebarbantia.barbantia.es\/wp-content\/uploads\/2022\/03\/O-Andel.-Todos_os_nomes-728x1024.jpg 728w, https:\/\/cafebarbantia.barbantia.es\/wp-content\/uploads\/2022\/03\/O-Andel.-Todos_os_nomes-900x1265.jpg 900w\" sizes=\"(max-width: 213px) 100vw, 213px\" \/><\/a>Rom\u00e1n Ar\u00e9n.\u00a0<\/strong><\/em>O d\u00eda 11 de decembro de 2021 ingresaba como numeraria Anabel Boull\u00f3n na Real Academia Galega na Pobra do Carami\u00f1al, a s\u00faa vila natal, e lugar da m\u00e1s dura, agresiva e duradeira pol\u00e9mica topon\u00edmica de Galicia. O Partido Popular defendeu con agresividade a forma castrapizante <\/span><span style=\"font-size: large;\"><i>Puebla del Carami\u00f1al<\/i><\/span><span style=\"font-size: large;\">, mentres que o BNG defendeu a forma <\/span><span style=\"font-size: large;\"><i>P\u00f3voa<\/i><\/span><span style=\"font-size: large;\">, ignorando con suficiencia a documentaci\u00f3n medieval. O Tripartito actuou con covard\u00eda e deixou soa a A. C. <\/span><span style=\"font-size: large;\"><i>A Miserela<\/i><\/span><span style=\"font-size: large;\"> na defensa do verdadeiro top\u00f3nimo <\/span><span style=\"font-size: large;\"><i>Pobra<\/i><\/span><span style=\"font-size: large;\">.<!--more--> A iron\u00eda chega cando Fraga Iribarne oficializa o top\u00f3nimo e o PP da Pobra, no poder, esquece a s\u00faa anterior postura na oposici\u00f3n, para abraio dos seus votantes. Agora, de novo na oposici\u00f3n, parecen volver \u00e1s vellas posici\u00f3ns. Ana Boull\u00f3n participou na pol\u00e9mica e, en 1991, publica <\/span><span style=\"font-size: large;\"><i>\u201c\u00d3 redor do top\u00f3nimo Pobra: estado da cuesti\u00f3n e novos datos\u201d<\/i><\/span><span style=\"font-size: large;\"> e <\/span><span style=\"font-size: large;\"><i>\u201cA Pobra do Carami\u00f1al: perspectiva ling\u00fc\u00edstica\u201d<\/i><\/span><span style=\"font-size: large;\">, feito e publicaci\u00f3n que te\u00f1en presenza no acto acad\u00e9mico. Pero o discurso \u00e9 moito m\u00e1is ca iso, \u00e9 un <\/span><span style=\"font-size: large;\"><i>\u201cmanual rigoroso e did\u00e1ctico\u201d<\/i><\/span><span style=\"font-size: large;\">, en palabras do seu compa\u00f1eiro de corporaci\u00f3n, Xes\u00fas Alonso Montero. Os nomes son m\u00e1is que iso, te\u00f1en alma, fundamentan a identidade. Ao discurso de Ana Boull\u00f3n deulle resposta outro fil\u00f3logo, Ram\u00f3n Lorenzo, mestre da nova acad\u00e9mica, quen enumerou o seu gran curr\u00edculo, e non s\u00f3 no campo da onom\u00e1stica.<\/span><\/p>\n","protected":false},"excerpt":{"rendered":"<p>Rom\u00e1n Ar\u00e9n.\u00a0O d\u00eda 11 de decembro de 2021 ingresaba como numeraria Anabel Boull\u00f3n na Real Academia Galega na Pobra do Carami\u00f1al, a s\u00faa vila natal, e lugar da m\u00e1s dura, agresiva e duradeira pol\u00e9mica topon\u00edmica de Galicia. O Partido Popular defendeu con agresividade a forma castrapizante Puebla del Carami\u00f1al, mentres que o BNG defendeu a &hellip; <a href=\"https:\/\/cafebarbantia.barbantia.es\/?p=14395\" class=\"more-link\">Seguir lendo <span class=\"screen-reader-text\">Todos os nomes. Identidade, pobo, pa\u00eds<\/span> <span class=\"meta-nav\">&rarr;<\/span><\/a><\/p>\n","protected":false},"author":1,"featured_media":0,"comment_status":"open","ping_status":"closed","sticky":false,"template":"","format":"standard","meta":{"_bbp_topic_count":0,"_bbp_reply_count":0,"_bbp_total_topic_count":0,"_bbp_total_reply_count":0,"_bbp_voice_count":0,"_bbp_anonymous_reply_count":0,"_bbp_topic_count_hidden":0,"_bbp_reply_count_hidden":0,"_bbp_forum_subforum_count":0,"_exactmetrics_skip_tracking":false,"_exactmetrics_sitenote_active":false,"_exactmetrics_sitenote_note":"","_exactmetrics_sitenote_category":0,"_monsterinsights_skip_tracking":false,"_monsterinsights_sitenote_active":false,"_monsterinsights_sitenote_note":"","_monsterinsights_sitenote_category":0},"categories":[7,28],"tags":[],"aioseo_notices":[],"_links":{"self":[{"href":"https:\/\/cafebarbantia.barbantia.es\/index.php?rest_route=\/wp\/v2\/posts\/14395"}],"collection":[{"href":"https:\/\/cafebarbantia.barbantia.es\/index.php?rest_route=\/wp\/v2\/posts"}],"about":[{"href":"https:\/\/cafebarbantia.barbantia.es\/index.php?rest_route=\/wp\/v2\/types\/post"}],"author":[{"embeddable":true,"href":"https:\/\/cafebarbantia.barbantia.es\/index.php?rest_route=\/wp\/v2\/users\/1"}],"replies":[{"embeddable":true,"href":"https:\/\/cafebarbantia.barbantia.es\/index.php?rest_route=%2Fwp%2Fv2%2Fcomments&post=14395"}],"version-history":[{"count":1,"href":"https:\/\/cafebarbantia.barbantia.es\/index.php?rest_route=\/wp\/v2\/posts\/14395\/revisions"}],"predecessor-version":[{"id":14397,"href":"https:\/\/cafebarbantia.barbantia.es\/index.php?rest_route=\/wp\/v2\/posts\/14395\/revisions\/14397"}],"wp:attachment":[{"href":"https:\/\/cafebarbantia.barbantia.es\/index.php?rest_route=%2Fwp%2Fv2%2Fmedia&parent=14395"}],"wp:term":[{"taxonomy":"category","embeddable":true,"href":"https:\/\/cafebarbantia.barbantia.es\/index.php?rest_route=%2Fwp%2Fv2%2Fcategories&post=14395"},{"taxonomy":"post_tag","embeddable":true,"href":"https:\/\/cafebarbantia.barbantia.es\/index.php?rest_route=%2Fwp%2Fv2%2Ftags&post=14395"}],"curies":[{"name":"wp","href":"https:\/\/api.w.org\/{rel}","templated":true}]}}