{"id":2833,"date":"2015-04-27T06:00:44","date_gmt":"2015-04-27T06:00:44","guid":{"rendered":"http:\/\/cafebarbantia.barbantia.es\/?p=2833"},"modified":"2015-04-24T07:34:45","modified_gmt":"2015-04-24T07:34:45","slug":"o-escultor-noies-mais-internacional-do-seculo-xviii-felipe-de-castro","status":"publish","type":"post","link":"https:\/\/cafebarbantia.barbantia.es\/?p=2833","title":{"rendered":"O escultor noi\u00e9s m\u00e1is internacional do s\u00e9culo XVIII: Felipe de Castro"},"content":{"rendered":"<p style=\"text-align: justify;\"><em><strong><a href=\"http:\/\/cafebarbantia.barbantia.es\/wp-content\/uploads\/2015\/01\/felipe-de-castro.jpg\"><img decoding=\"async\" loading=\"lazy\" class=\"size-medium wp-image-2835 alignright\" style=\"border: 1px solid black;\" alt=\"felipe de castro\" src=\"http:\/\/cafebarbantia.barbantia.es\/wp-content\/uploads\/2015\/01\/felipe-de-castro-177x300.jpg\" width=\"177\" height=\"300\" srcset=\"https:\/\/cafebarbantia.barbantia.es\/wp-content\/uploads\/2015\/01\/felipe-de-castro-177x300.jpg 177w, https:\/\/cafebarbantia.barbantia.es\/wp-content\/uploads\/2015\/01\/felipe-de-castro.jpg 595w\" sizes=\"(max-width: 177px) 100vw, 177px\" \/><\/a>Dolores Villaverde.\u00a0<\/strong><\/em>Unha vez m\u00e1is, coma en varias ocasi\u00f3ns do que se leva publicado no suplemento A voz de Barbantia, ser\u00e1 a vila de Noia o berce do autor que imos\u00a0 lembrar nestas\u00a0 Letras da Arte, Felipe de Castro, quen foi non s\u00f3 un artista distinguido no noso pa\u00eds sen\u00f3n que chegou a ser dos m\u00e1is importantes de Espa\u00f1a, e incluso de Italia, convert\u00e9ndose nun tallista mundialmente co\u00f1ecido, pero que hoxe en d\u00eda para os \u201cprofanos\u201d na historia da arte posiblemente sexa un\u00a0 desco\u00f1ecido, quizais porque destacou sobre todo f\u00f3ra de Galicia.\u00a0S\u00e1bese que naceu en Noia no 1711, manifestando dende neno a s\u00faa vocaci\u00f3n pola escultura.<!--more--><\/p>\n<p style=\"text-align: justify;\">\u00c9 tam\u00e9n co\u00f1ecida a s\u00faa formaci\u00f3n co paisano e veci\u00f1o Diego Fern\u00e1ndez de Sande (do que xa se fixo unha lembranza na Voz de Barbantia) pasando m\u00e1is tarde a\u00a0 Santiago de Compostela, onde perfecciona os seus estudos con Miguel de Romay, un dos retablistas e escultores\u00a0 m\u00e1is importantes do barroco galego.<\/p>\n<p style=\"text-align: justify;\">Pouco tempo despois decide co\u00f1ecer mundo e mellorar a s\u00faa arte. As\u00ed, pasar\u00e1 a Lisboa, e m\u00e1is adiante chega a Sevilla onde consigue introducirse na corte de Felipe V. Grazas a cartas de recomendaci\u00f3n, vai a Roma coa teima de converterse nun gran escultor, e chegar\u00e1 a ser disc\u00edpulo de Maini e Valle. Pouco despois de subir ao trono Fernando VI, foi chamado \u00e1 corte espa\u00f1ola\u00a0 e, por m\u00e9ritos propios, conv\u00e9rtese en primeiro escultor da S\u00faa Maxestade e director da Real Academia de San Fernando.<\/p>\n<p style=\"text-align: justify;\">Se ben as obras m\u00e1is co\u00f1ecidas do autor son as esculpidas para Sevilla e Madrid,\u00a0 Felipe, a pesar desta vida f\u00f3ra da s\u00faa terra, nunca se esqueceu do sitio que o viu nacer. De a\u00ed que a seleccionada para esta lembranza sexa unha das pezas que fixo para Galicia: o San Xos\u00e9, de tama\u00f1o natural, que tallou para o convento do Carme en Padr\u00f3n, unha das m\u00e1is fermosas\u00a0 que sa\u00edron das s\u00faas mans, \u00a0que desgraciadamente se perdeu nun incendio, e da que se conservan s\u00f3 fotograf\u00edas. Sobre todo \u00a0interesante\u00a0 por ser feita para\u00a0 a vila de Padr\u00f3n,\u00a0 e porque Castro creou a imaxe do pai putativo de Cristo coa iconograf\u00eda tradicional, mantendo os seus atributos inalterables: o bast\u00f3n florido e o Neno no regazo, seguindo a tipolox\u00eda\u00a0 derivada do modelo andaluz que creara Alonso Cano, e que introduce en Galicia Benito Silveira co santo recollendo sobre un pano branco o Neno espido con ambas mans. Viste longa t\u00fanica e calza sandalias.<\/p>\n<p style=\"text-align: justify;\">\u00a0\u00a0\u00a0\u00a0\u00a0\u00a0\u00a0\u00a0\u00a0\u00a0\u00a0 \u00c9\u00a0 importante sinalar que a iconograf\u00eda deste santo var\u00eda co tempo, podendo falar de tres tipolox\u00edas:\u00a0 A creada por\u00a0 Alonso Cano (\u00e9 a seguida aqu\u00ed por Castro). A derivada de Gregorio Fern\u00e1ndez e Mateo de Prado, na que o tipo iconogr\u00e1fico se caracteriza por presentar a Xos\u00e9 como pai\u00a0 protector do Neno, que est\u00e1 ao seu lado, de p\u00e9, tratando de asirse a el, e onde o pai viste t\u00fanica curta que deixa ver as botas. E a que procede do c\u00edrculo Gambino-Ferreiro que propo\u00f1en un novo tipo que alcanza\u00a0 enorme difusi\u00f3n onde o Neno aparece sentado e sostido cunha man polo santo que, coa outra, se apoia na\u00a0 vara florida. O santo viste t\u00fanica longa e calza sandalias.<\/p>\n","protected":false},"excerpt":{"rendered":"<p>Dolores Villaverde.\u00a0Unha vez m\u00e1is, coma en varias ocasi\u00f3ns do que se leva publicado no suplemento A voz de Barbantia, ser\u00e1 a vila de Noia o berce do autor que imos\u00a0 lembrar nestas\u00a0 Letras da Arte, Felipe de Castro, quen foi non s\u00f3 un artista distinguido no noso pa\u00eds sen\u00f3n que chegou a ser dos m\u00e1is &hellip; <a href=\"https:\/\/cafebarbantia.barbantia.es\/?p=2833\" class=\"more-link\">Seguir lendo <span class=\"screen-reader-text\">O escultor noi\u00e9s m\u00e1is internacional do s\u00e9culo XVIII: Felipe de Castro<\/span> <span class=\"meta-nav\">&rarr;<\/span><\/a><\/p>\n","protected":false},"author":1,"featured_media":0,"comment_status":"open","ping_status":"closed","sticky":false,"template":"","format":"standard","meta":{"_bbp_topic_count":0,"_bbp_reply_count":0,"_bbp_total_topic_count":0,"_bbp_total_reply_count":0,"_bbp_voice_count":0,"_bbp_anonymous_reply_count":0,"_bbp_topic_count_hidden":0,"_bbp_reply_count_hidden":0,"_bbp_forum_subforum_count":0,"_exactmetrics_skip_tracking":false,"_exactmetrics_sitenote_active":false,"_exactmetrics_sitenote_note":"","_exactmetrics_sitenote_category":0,"_monsterinsights_skip_tracking":false,"_monsterinsights_sitenote_active":false,"_monsterinsights_sitenote_note":"","_monsterinsights_sitenote_category":0},"categories":[4,55],"tags":[],"aioseo_notices":[],"_links":{"self":[{"href":"https:\/\/cafebarbantia.barbantia.es\/index.php?rest_route=\/wp\/v2\/posts\/2833"}],"collection":[{"href":"https:\/\/cafebarbantia.barbantia.es\/index.php?rest_route=\/wp\/v2\/posts"}],"about":[{"href":"https:\/\/cafebarbantia.barbantia.es\/index.php?rest_route=\/wp\/v2\/types\/post"}],"author":[{"embeddable":true,"href":"https:\/\/cafebarbantia.barbantia.es\/index.php?rest_route=\/wp\/v2\/users\/1"}],"replies":[{"embeddable":true,"href":"https:\/\/cafebarbantia.barbantia.es\/index.php?rest_route=%2Fwp%2Fv2%2Fcomments&post=2833"}],"version-history":[{"count":4,"href":"https:\/\/cafebarbantia.barbantia.es\/index.php?rest_route=\/wp\/v2\/posts\/2833\/revisions"}],"predecessor-version":[{"id":3412,"href":"https:\/\/cafebarbantia.barbantia.es\/index.php?rest_route=\/wp\/v2\/posts\/2833\/revisions\/3412"}],"wp:attachment":[{"href":"https:\/\/cafebarbantia.barbantia.es\/index.php?rest_route=%2Fwp%2Fv2%2Fmedia&parent=2833"}],"wp:term":[{"taxonomy":"category","embeddable":true,"href":"https:\/\/cafebarbantia.barbantia.es\/index.php?rest_route=%2Fwp%2Fv2%2Fcategories&post=2833"},{"taxonomy":"post_tag","embeddable":true,"href":"https:\/\/cafebarbantia.barbantia.es\/index.php?rest_route=%2Fwp%2Fv2%2Ftags&post=2833"}],"curies":[{"name":"wp","href":"https:\/\/api.w.org\/{rel}","templated":true}]}}