{"id":3159,"date":"2015-03-22T07:00:06","date_gmt":"2015-03-22T07:00:06","guid":{"rendered":"http:\/\/cafebarbantia.barbantia.es\/?p=3159"},"modified":"2015-03-17T10:50:27","modified_gmt":"2015-03-17T10:50:27","slug":"personalismo","status":"publish","type":"post","link":"https:\/\/cafebarbantia.barbantia.es\/?p=3159","title":{"rendered":"Personalismo"},"content":{"rendered":"<p itemprop=\"text\" style=\"text-align: justify;\"><a href=\"http:\/\/cafebarbantia.barbantia.es\/wp-content\/uploads\/2015\/03\/personalismo.jpg\"><img decoding=\"async\" loading=\"lazy\" class=\"alignright  wp-image-3160\" style=\"border: 1px solid black;\" alt=\"personalismo\" src=\"http:\/\/cafebarbantia.barbantia.es\/wp-content\/uploads\/2015\/03\/personalismo-225x300.jpg\" width=\"203\" height=\"270\" srcset=\"https:\/\/cafebarbantia.barbantia.es\/wp-content\/uploads\/2015\/03\/personalismo-225x300.jpg 225w, https:\/\/cafebarbantia.barbantia.es\/wp-content\/uploads\/2015\/03\/personalismo-768x1024.jpg 768w, https:\/\/cafebarbantia.barbantia.es\/wp-content\/uploads\/2015\/03\/personalismo-900x1200.jpg 900w, https:\/\/cafebarbantia.barbantia.es\/wp-content\/uploads\/2015\/03\/personalismo.jpg 1200w\" sizes=\"(max-width: 203px) 100vw, 203px\" \/><\/a><em><strong>Francisco Ant. Vidal Blanco.\u00a0<\/strong><\/em>To\u00f1o non \u00e9 do D\u00e9por, a pesar de que na entrada da casa, onde todos temos un espello, el ten o escudo do equipo. E non o \u00e9, a pesar de que onde todos temos unha l\u00e1mina cunha paisaxe alpina el ten a camiseta do dianteiro que lle marcou un gol a non sei quen nin sei cando. E segue non sendo do D\u00e9por a pesar de que no chineiro, onde todos temos as nosas fotos familiares e o lugar reservado para lembrar \u00f3s ausentes, el ten o seu retrato co anterior presidente do club. To\u00f1o non \u00e9 do D\u00e9por, To\u00f1o \u00e9 de Lendoiro, que non \u00e9 o mesmo.<!--more--> A s\u00faa casa \u00e9 un museo de lembranzas da \u00e9poca gloriosa do Coru\u00f1a, os seus \u00e1lbums de fotos s\u00f3 conte\u00f1en recortes de noticias deportivas daqueles anos, e a s\u00faa videoteca debe ter todos os partidos que o D\u00e9por xogou nas d\u00e9cadas do noventa e nos primeiros anos do presente s\u00e9culo. Pero desde que cambiaron de presidente, el nin renovou o carn\u00e9 de case corenta anos de antig\u00fcidade, nin volveu pisar o estadio, nin nunca tan mal falou do xogo, do adestrador, dos xogadores e, como non, de toda a c\u00fapula directiva.<\/p>\n<p itemprop=\"text\" style=\"text-align: justify;\">Pero o caso deste amigo meu non \u00e9 ningunha rareza. Iso de pensar que unha persoa encarna a todo un club, sociedade ou partido pol\u00edtico hai moitos que o pensan. E certamente, se moitas veces \u00e9 o propio ego\u00edsmo ou narcisismo dos mesmos l\u00edderes o que acapara poder sen taxa e transmite esa idea do imprescindible, como se sen eles todo fose ir a peor, tam\u00e9n os electores te\u00f1en parte de culpa. No paquete entran dirixentes, caudillos e cabecillas, presidentes e secretarios que suman anos de mandato como quen colecciona trienios. Pero outras moitas veces, somos n\u00f3s, quen parece que non podemos vivir sen o seu amparo, que como aquel falte f\u00e1ltanos a vida, so\u00f1ando co retorno \u00f3s seus momentos de gloria a\u00ednda que esa fose unha casualidade ef\u00e9mera, e v\u00e9molo no f\u00fatbol, na pol\u00edtica e ata na asociaci\u00f3n cultural, onde sempre aparece o patr\u00f3n indiscutible que ha de manterse na cadeira porque sen el non hai quen gu\u00ede o barco. N\u00f3s somos quen converte en dono da parroquia \u00f3 se\u00f1or p\u00e1rroco cando lle permitimos sentar \u00e1 s\u00faa mesa os seus escollidos, ou do municipio \u00f3 alcalde con tanto pedirlle o favor da preferencia sobre o resto da veci\u00f1anza.<\/p>\n<p itemprop=\"text\" style=\"text-align: justify;\">\u00c9 tan longa a nosa tradici\u00f3n de dependencia dunha cabeza visible, dunha figura paternal a\u00ednda que te\u00f1amos oitenta anos, que semella que as urnas e as opini\u00f3ns s\u00f3 est\u00e1n atadas \u00f3 que a tal cabeza decida. E v\u00e9molo ata nos m\u00e1is novos, cando ameazan con abandonar a mesma barca que eles constru\u00edron se non se acatan os seus ditados, e v\u00e9molo nos m\u00e1is vellos cando acusan \u00f3 seu relevo de malcriados e irrespectuosos, e v\u00e9molo sempre e cando se lle d\u00e1 preferencia \u00f3 individuo sobre as necesidades e desexos da colectividade.<\/p>\n<p itemprop=\"text\" style=\"text-align: justify;\">Volvendo \u00f3 meu amigo (que hoxe non quero falar de pol\u00edtica), \u00e9 evidente que este non \u00e9 un bo seareiro do seu equipo; de feito xa non creo que te\u00f1a equipo, non \u00e9 deses que est\u00e1n \u00e1s verdes e \u00e1s maduras, dos que diante dun problema pelexan por buscarlle unha soluci\u00f3n. E o seu caso, levado \u00f3 campo da pol\u00edtica xa \u00e9 archico\u00f1ecido, que hoxe todos en masa che arroupan e ma\u00f1\u00e1 tam\u00e9n todos en masa che abandonan. E na curta experiencia de corenta anos de democracia, xa aprendemos que a alternancia depende, nunha alta porcentaxe, da moda imposta polos mass media. E non sei eu se \u00e9 que a\u00ednda non aprendemos a elixir por n\u00f3s mesmos sen que se nos impo\u00f1a ou recomende, ou que lle temos medo a tomar tan vital decisi\u00f3n como \u00e9 cambiar de dirixente.<\/p>\n<p itemprop=\"text\" style=\"text-align: justify;\">Acaban de contarme que To\u00f1o redecorou a casa, apartou todo s\u00edmbolo deportivista e s\u00f3 deixou a s\u00faa foto co anterior presidente no chineiro do sal\u00f3n.<\/p>\n","protected":false},"excerpt":{"rendered":"<p>Francisco Ant. Vidal Blanco.\u00a0To\u00f1o non \u00e9 do D\u00e9por, a pesar de que na entrada da casa, onde todos temos un espello, el ten o escudo do equipo. E non o \u00e9, a pesar de que onde todos temos unha l\u00e1mina cunha paisaxe alpina el ten a camiseta do dianteiro que lle marcou un gol a &hellip; <a href=\"https:\/\/cafebarbantia.barbantia.es\/?p=3159\" class=\"more-link\">Seguir lendo <span class=\"screen-reader-text\">Personalismo<\/span> <span class=\"meta-nav\">&rarr;<\/span><\/a><\/p>\n","protected":false},"author":1,"featured_media":0,"comment_status":"open","ping_status":"closed","sticky":false,"template":"","format":"standard","meta":{"_bbp_topic_count":0,"_bbp_reply_count":0,"_bbp_total_topic_count":0,"_bbp_total_reply_count":0,"_bbp_voice_count":0,"_bbp_anonymous_reply_count":0,"_bbp_topic_count_hidden":0,"_bbp_reply_count_hidden":0,"_bbp_forum_subforum_count":0,"_exactmetrics_skip_tracking":false,"_exactmetrics_sitenote_active":false,"_exactmetrics_sitenote_note":"","_exactmetrics_sitenote_category":0,"_monsterinsights_skip_tracking":false,"_monsterinsights_sitenote_active":false,"_monsterinsights_sitenote_note":"","_monsterinsights_sitenote_category":0},"categories":[7,52,9],"tags":[],"aioseo_notices":[],"_links":{"self":[{"href":"https:\/\/cafebarbantia.barbantia.es\/index.php?rest_route=\/wp\/v2\/posts\/3159"}],"collection":[{"href":"https:\/\/cafebarbantia.barbantia.es\/index.php?rest_route=\/wp\/v2\/posts"}],"about":[{"href":"https:\/\/cafebarbantia.barbantia.es\/index.php?rest_route=\/wp\/v2\/types\/post"}],"author":[{"embeddable":true,"href":"https:\/\/cafebarbantia.barbantia.es\/index.php?rest_route=\/wp\/v2\/users\/1"}],"replies":[{"embeddable":true,"href":"https:\/\/cafebarbantia.barbantia.es\/index.php?rest_route=%2Fwp%2Fv2%2Fcomments&post=3159"}],"version-history":[{"count":1,"href":"https:\/\/cafebarbantia.barbantia.es\/index.php?rest_route=\/wp\/v2\/posts\/3159\/revisions"}],"predecessor-version":[{"id":3161,"href":"https:\/\/cafebarbantia.barbantia.es\/index.php?rest_route=\/wp\/v2\/posts\/3159\/revisions\/3161"}],"wp:attachment":[{"href":"https:\/\/cafebarbantia.barbantia.es\/index.php?rest_route=%2Fwp%2Fv2%2Fmedia&parent=3159"}],"wp:term":[{"taxonomy":"category","embeddable":true,"href":"https:\/\/cafebarbantia.barbantia.es\/index.php?rest_route=%2Fwp%2Fv2%2Fcategories&post=3159"},{"taxonomy":"post_tag","embeddable":true,"href":"https:\/\/cafebarbantia.barbantia.es\/index.php?rest_route=%2Fwp%2Fv2%2Ftags&post=3159"}],"curies":[{"name":"wp","href":"https:\/\/api.w.org\/{rel}","templated":true}]}}