{"id":3233,"date":"2015-04-07T06:00:44","date_gmt":"2015-04-07T06:00:44","guid":{"rendered":"http:\/\/cafebarbantia.barbantia.es\/?p=3233"},"modified":"2015-04-07T06:39:07","modified_gmt":"2015-04-07T06:39:07","slug":"amadou","status":"publish","type":"post","link":"https:\/\/cafebarbantia.barbantia.es\/?p=3233","title":{"rendered":"Amadou"},"content":{"rendered":"<p style=\"text-align: justify;\"><em><strong><a href=\"http:\/\/cafebarbantia.barbantia.es\/wp-content\/uploads\/2015\/03\/733747.jpg\"><img decoding=\"async\" loading=\"lazy\" class=\"size-medium wp-image-3244 alignright\" alt=\"733747\" src=\"http:\/\/cafebarbantia.barbantia.es\/wp-content\/uploads\/2015\/03\/733747-300x200.jpg\" width=\"300\" height=\"200\" srcset=\"https:\/\/cafebarbantia.barbantia.es\/wp-content\/uploads\/2015\/03\/733747-300x200.jpg 300w, https:\/\/cafebarbantia.barbantia.es\/wp-content\/uploads\/2015\/03\/733747.jpg 600w\" sizes=\"(max-width: 300px) 100vw, 300px\" \/><\/a>Agust\u00edn Agra.\u00a0<\/strong><\/em>A Amadou sempre lle gustou o f\u00fatbol. No seu pa\u00eds natal botaba partidos interminables nunha chaira t\u00e9rrea na que catro p\u00f3las de acacia espi\u00f1enta fac\u00edan as veces de porter\u00edas. Ante a escasa consistencia dun bal\u00f3n feito cun feixe de trapos cosidos, para que precisaban calzado os compa\u00f1eiros que entraban e sa\u00edan do xogo?<!--more--><\/p>\n<p style=\"text-align: justify;\">\u00a0\u00a0\u00a0\u00a0\u00a0\u00a0\u00a0\u00a0\u00a0\u00a0\u00a0 Amadou viviu ata os dezaoito anos nunha poboaci\u00f3n do interior do pa\u00eds pr\u00f3xima ao r\u00edo Senegal. Al\u00ed, ademais de contemporizar ao amparo dunha sombra, nada hab\u00eda que facer. Despois dun sen n\u00famero de vicisitudes propias dun documental, conseguiu atravesar o estreito ao primeiro intento. \u00c1s poucas semanas recalou en Vigo. Al\u00e9n da curta traves\u00eda que o trouxo \u00e1s costas de Europa, xamais navegara. Malia a s\u00faa inexperiencia, enrolouse nun arrastreiro do Berb\u00e9s; os caladoiros do Gran Sol pronto se converteron na s\u00faa paisaxe coti\u00e1.<\/p>\n<p style=\"text-align: justify;\">\u00a0\u00a0\u00a0\u00a0\u00a0\u00a0\u00a0\u00a0\u00a0\u00a0\u00a0 Un ser\u00e1n, apenas sen tempo para desembarcar da \u00faltima marea e tomar unha ducha na pensi\u00f3n onde paraba cando estaba en terra, dirixiuse a cear na compa\u00f1a duns amigos. Nunha r\u00faa pr\u00f3xima ao peirao abordouno un home \u2013como o propio Amadou o describiu\u2013 groso, pelado e suorento. O individuo andaba \u00e1 procura de xogadores. Se eran habelenciosos coa pelota, tanto mellor; pero o m\u00e1is importante, al\u00e9n da nacionalidade, era a cor da pel. Ram\u00f3n \u2013con ese nome se identificou o cazador de talentos\u2013 precisaba de inmediato, para o mesmo d\u00eda, cinco xogadores cun \u00fanico requisito imprescindible: seren negros.<\/p>\n<p style=\"text-align: justify;\">\u00a0\u00a0\u00a0\u00a0\u00a0\u00a0\u00a0\u00a0\u00a0\u00a0\u00a0 A segunda vez que o trouxen a dedo dende Portos\u00edn, onde agora traballaba, cont\u00e1rame que a orixe do problema radicara na falta de pagamento por parte da federaci\u00f3n do pa\u00eds africano aos seus seleccionados. Dese xeito, reviravoltas do destino, Amadou acabou disputando, en troques dunha paga irrisoria, un partido internacional.<\/p>\n<p style=\"text-align: justify;\">\u00a0\u00a0\u00a0\u00a0\u00a0\u00a0\u00a0\u00a0\u00a0\u00a0\u00a0 Ben sei que \u00e9 dif\u00edcil de crer \u2013engadira divertido Amadou para rematar a historia\u2013, mais s\u00f3 tes que acudir a internet e buscar polas imaxes do partido. Foi en Bala\u00eddos, no Nadal do 97. Al\u00ed podes verme xogar, vestindo a camisola de Camer\u00fan, contra a selecci\u00f3n galega. E tampouco penses que nos foi tan mal: aquel encontro rematara en empate.<\/p>\n","protected":false},"excerpt":{"rendered":"<p>Agust\u00edn Agra.\u00a0A Amadou sempre lle gustou o f\u00fatbol. No seu pa\u00eds natal botaba partidos interminables nunha chaira t\u00e9rrea na que catro p\u00f3las de acacia espi\u00f1enta fac\u00edan as veces de porter\u00edas. Ante a escasa consistencia dun bal\u00f3n feito cun feixe de trapos cosidos, para que precisaban calzado os compa\u00f1eiros que entraban e sa\u00edan do xogo?<\/p>\n","protected":false},"author":1,"featured_media":0,"comment_status":"open","ping_status":"closed","sticky":false,"template":"","format":"standard","meta":{"_bbp_topic_count":0,"_bbp_reply_count":0,"_bbp_total_topic_count":0,"_bbp_total_reply_count":0,"_bbp_voice_count":0,"_bbp_anonymous_reply_count":0,"_bbp_topic_count_hidden":0,"_bbp_reply_count_hidden":0,"_bbp_forum_subforum_count":0,"_exactmetrics_skip_tracking":false,"_exactmetrics_sitenote_active":false,"_exactmetrics_sitenote_note":"","_exactmetrics_sitenote_category":0,"_monsterinsights_skip_tracking":false,"_monsterinsights_sitenote_active":false,"_monsterinsights_sitenote_note":"","_monsterinsights_sitenote_category":0},"categories":[23,7,9],"tags":[],"aioseo_notices":[],"_links":{"self":[{"href":"https:\/\/cafebarbantia.barbantia.es\/index.php?rest_route=\/wp\/v2\/posts\/3233"}],"collection":[{"href":"https:\/\/cafebarbantia.barbantia.es\/index.php?rest_route=\/wp\/v2\/posts"}],"about":[{"href":"https:\/\/cafebarbantia.barbantia.es\/index.php?rest_route=\/wp\/v2\/types\/post"}],"author":[{"embeddable":true,"href":"https:\/\/cafebarbantia.barbantia.es\/index.php?rest_route=\/wp\/v2\/users\/1"}],"replies":[{"embeddable":true,"href":"https:\/\/cafebarbantia.barbantia.es\/index.php?rest_route=%2Fwp%2Fv2%2Fcomments&post=3233"}],"version-history":[{"count":5,"href":"https:\/\/cafebarbantia.barbantia.es\/index.php?rest_route=\/wp\/v2\/posts\/3233\/revisions"}],"predecessor-version":[{"id":3306,"href":"https:\/\/cafebarbantia.barbantia.es\/index.php?rest_route=\/wp\/v2\/posts\/3233\/revisions\/3306"}],"wp:attachment":[{"href":"https:\/\/cafebarbantia.barbantia.es\/index.php?rest_route=%2Fwp%2Fv2%2Fmedia&parent=3233"}],"wp:term":[{"taxonomy":"category","embeddable":true,"href":"https:\/\/cafebarbantia.barbantia.es\/index.php?rest_route=%2Fwp%2Fv2%2Fcategories&post=3233"},{"taxonomy":"post_tag","embeddable":true,"href":"https:\/\/cafebarbantia.barbantia.es\/index.php?rest_route=%2Fwp%2Fv2%2Ftags&post=3233"}],"curies":[{"name":"wp","href":"https:\/\/api.w.org\/{rel}","templated":true}]}}