{"id":3238,"date":"2015-04-25T06:00:57","date_gmt":"2015-04-25T06:00:57","guid":{"rendered":"http:\/\/cafebarbantia.barbantia.es\/?p=3238"},"modified":"2015-04-20T08:42:25","modified_gmt":"2015-04-20T08:42:25","slug":"celebracion-o-corpo-trenzado-da-linguaxe","status":"publish","type":"post","link":"https:\/\/cafebarbantia.barbantia.es\/?p=3238","title":{"rendered":"Celebraci\u00f3n, o corpo trenzado da linguaxe"},"content":{"rendered":"<p style=\"text-align: justify;\"><a href=\"http:\/\/cafebarbantia.barbantia.es\/wp-content\/uploads\/2015\/03\/Gonzalo_Hermo_Celebraci\u00f3n.2.jpeg\"><img decoding=\"async\" loading=\"lazy\" class=\"size-medium wp-image-3239 alignright\" style=\"border: 1px solid black;\" alt=\"Gonzalo_Hermo_Celebraci\u00f3n.2\" src=\"http:\/\/cafebarbantia.barbantia.es\/wp-content\/uploads\/2015\/03\/Gonzalo_Hermo_Celebraci\u00f3n.2-212x300.jpeg\" width=\"212\" height=\"300\" srcset=\"https:\/\/cafebarbantia.barbantia.es\/wp-content\/uploads\/2015\/03\/Gonzalo_Hermo_Celebraci\u00f3n.2-212x300.jpeg 212w, https:\/\/cafebarbantia.barbantia.es\/wp-content\/uploads\/2015\/03\/Gonzalo_Hermo_Celebraci\u00f3n.2.jpeg 420w\" sizes=\"(max-width: 212px) 100vw, 212px\" \/><\/a><em><strong>Rom\u00e1n Ar\u00e9n.\u00a0<\/strong><\/em>Coa publicaci\u00f3n de <i>Crac<\/i> ficou claro que nac\u00eda unha voz nova, unha voz chea de promesas, na poes\u00eda galega, a voz de Gonzalo Hermo, de Tarago\u00f1a. Unha voz m\u00e1is al\u00e1 da saudade e da esperanza oca, unha voz m\u00faltiple, dial\u00f3xica, na que a met\u00e1fora do propio corpo \u00e9 transposici\u00f3n de toda meditaci\u00f3n, cami\u00f1o de futuro, lugar do canto, das palabras, palabras que son carne, carne al\u00e9n da morri\u00f1a, consciencia para esquecer e cami\u00f1ar contemplando o mundo de novo. Agora <i>Celebraci\u00f3n<\/i>, da nova editorial Apiario, que coido que promoven as poetas Dores Tembr\u00e1s e Ant\u00eda Otero, v\u00e9n confirmar o que xa viamos. <!--more-->Non hai quietismo, mera contemplaci\u00f3n, a morte sen temor, parte da vida, epicure\u00edsmo duro e gozoso, esquezo cordial para ser sempre para diante. E linguaxe, linguaxe vencellada ao corpo, ao sangue, sempre para cami\u00f1ar. Porque o eu, os eus, dialogan tam\u00e9n coa obra anterior: <i>\u201cNo teu libro eu son \/ un rapaz servil que limpa a casa\u201d<\/i>, escr\u00edbese en <i>\u201cDespois de Crac\u201d<\/i>. Porque <i>\u201chai fr\u00edo, \u00e1s veces, na escritura. \/ Alg\u00fan momento de pericia onde os n\u00fameros cadran \/ cando el e eu esvaecemos \/ ao paso do \/ poema. \/ Como un alarido \/ ou un transo&#8230;\u201d<\/i> E despois do crac, ir <i>\u201ccontra a saudade\u201d, \u201ca escrita \u00e9 un \u00fanico presente \/ que cami\u00f1a \/ polo r\u00edo ao trav\u00e9s&#8230;\u201d<\/i>, mais o r\u00edo <i>\u201cnon vacila, pero lembra\u201d<\/i>. Pero da frialdade, o eu que canta vai \u00e1 esperanza: <i>\u201cNon hab\u00eda luz na espesura do bosque. \/ Pero de pronto \/ puidemos ver. \/ Viamos\u201d.<\/i> <a href=\"http:\/\/cafebarbantia.barbantia.es\/wp-content\/uploads\/2015\/03\/Gonzalo-Hermo.jpg\"><img decoding=\"async\" loading=\"lazy\" class=\"size-medium wp-image-3374 alignleft\" alt=\"Gonzalo-Hermo\" src=\"http:\/\/cafebarbantia.barbantia.es\/wp-content\/uploads\/2015\/03\/Gonzalo-Hermo-300x184.jpg\" width=\"300\" height=\"184\" srcset=\"https:\/\/cafebarbantia.barbantia.es\/wp-content\/uploads\/2015\/03\/Gonzalo-Hermo-300x184.jpg 300w, https:\/\/cafebarbantia.barbantia.es\/wp-content\/uploads\/2015\/03\/Gonzalo-Hermo.jpg 520w\" sizes=\"(max-width: 300px) 100vw, 300px\" \/><\/a>Confirmaci\u00f3n, pois, dun poeta xa significativo, dunha voz nova, de\u00a0 futuro, que dialoga con outras voces (Gamoneda, Derrida, Lopo, Chus Pato, E. Velasco). Unha voz non demasiado lonxe doutros poetas de noso que aparecen (penso en Carlos Call\u00f3n), que falan co corpo, que liberan o eu a trav\u00e9s da carne. Porque <i>\u201co ollo entregado dun home que fun \/ soubo dos nomes do mundo que negan a carne\u201d<\/i>.<\/p>\n","protected":false},"excerpt":{"rendered":"<p>Rom\u00e1n Ar\u00e9n.\u00a0Coa publicaci\u00f3n de Crac ficou claro que nac\u00eda unha voz nova, unha voz chea de promesas, na poes\u00eda galega, a voz de Gonzalo Hermo, de Tarago\u00f1a. Unha voz m\u00e1is al\u00e1 da saudade e da esperanza oca, unha voz m\u00faltiple, dial\u00f3xica, na que a met\u00e1fora do propio corpo \u00e9 transposici\u00f3n de toda meditaci\u00f3n, cami\u00f1o de &hellip; <a href=\"https:\/\/cafebarbantia.barbantia.es\/?p=3238\" class=\"more-link\">Seguir lendo <span class=\"screen-reader-text\">Celebraci\u00f3n, o corpo trenzado da linguaxe<\/span> <span class=\"meta-nav\">&rarr;<\/span><\/a><\/p>\n","protected":false},"author":1,"featured_media":0,"comment_status":"open","ping_status":"closed","sticky":false,"template":"","format":"standard","meta":{"_bbp_topic_count":0,"_bbp_reply_count":0,"_bbp_total_topic_count":0,"_bbp_total_reply_count":0,"_bbp_voice_count":0,"_bbp_anonymous_reply_count":0,"_bbp_topic_count_hidden":0,"_bbp_reply_count_hidden":0,"_bbp_forum_subforum_count":0,"_exactmetrics_skip_tracking":false,"_exactmetrics_sitenote_active":false,"_exactmetrics_sitenote_note":"","_exactmetrics_sitenote_category":0,"_monsterinsights_skip_tracking":false,"_monsterinsights_sitenote_active":false,"_monsterinsights_sitenote_note":"","_monsterinsights_sitenote_category":0},"categories":[10,28],"tags":[],"aioseo_notices":[],"_links":{"self":[{"href":"https:\/\/cafebarbantia.barbantia.es\/index.php?rest_route=\/wp\/v2\/posts\/3238"}],"collection":[{"href":"https:\/\/cafebarbantia.barbantia.es\/index.php?rest_route=\/wp\/v2\/posts"}],"about":[{"href":"https:\/\/cafebarbantia.barbantia.es\/index.php?rest_route=\/wp\/v2\/types\/post"}],"author":[{"embeddable":true,"href":"https:\/\/cafebarbantia.barbantia.es\/index.php?rest_route=\/wp\/v2\/users\/1"}],"replies":[{"embeddable":true,"href":"https:\/\/cafebarbantia.barbantia.es\/index.php?rest_route=%2Fwp%2Fv2%2Fcomments&post=3238"}],"version-history":[{"count":3,"href":"https:\/\/cafebarbantia.barbantia.es\/index.php?rest_route=\/wp\/v2\/posts\/3238\/revisions"}],"predecessor-version":[{"id":3376,"href":"https:\/\/cafebarbantia.barbantia.es\/index.php?rest_route=\/wp\/v2\/posts\/3238\/revisions\/3376"}],"wp:attachment":[{"href":"https:\/\/cafebarbantia.barbantia.es\/index.php?rest_route=%2Fwp%2Fv2%2Fmedia&parent=3238"}],"wp:term":[{"taxonomy":"category","embeddable":true,"href":"https:\/\/cafebarbantia.barbantia.es\/index.php?rest_route=%2Fwp%2Fv2%2Fcategories&post=3238"},{"taxonomy":"post_tag","embeddable":true,"href":"https:\/\/cafebarbantia.barbantia.es\/index.php?rest_route=%2Fwp%2Fv2%2Ftags&post=3238"}],"curies":[{"name":"wp","href":"https:\/\/api.w.org\/{rel}","templated":true}]}}