{"id":3246,"date":"2015-04-06T07:00:13","date_gmt":"2015-04-06T07:00:13","guid":{"rendered":"http:\/\/cafebarbantia.barbantia.es\/?p=3246"},"modified":"2015-04-02T18:18:46","modified_gmt":"2015-04-02T18:18:46","slug":"serra-maestra","status":"publish","type":"post","link":"https:\/\/cafebarbantia.barbantia.es\/?p=3246","title":{"rendered":"Serra Maestra"},"content":{"rendered":"<p style=\"text-align: justify;\"><a href=\"http:\/\/cafebarbantia.barbantia.es\/wp-content\/uploads\/2015\/03\/IMG_5159.jpg\"><img decoding=\"async\" loading=\"lazy\" class=\"size-medium wp-image-3247 alignleft\" alt=\"IMG_5159\" src=\"http:\/\/cafebarbantia.barbantia.es\/wp-content\/uploads\/2015\/03\/IMG_5159-300x225.jpg\" width=\"300\" height=\"225\" srcset=\"https:\/\/cafebarbantia.barbantia.es\/wp-content\/uploads\/2015\/03\/IMG_5159-300x225.jpg 300w, https:\/\/cafebarbantia.barbantia.es\/wp-content\/uploads\/2015\/03\/IMG_5159.jpg 640w\" sizes=\"(max-width: 300px) 100vw, 300px\" \/><\/a><em><strong>Xerardo AgraFoxo.\u00a0<\/strong><\/em>Ch\u00e1mome Nelson \u00c1lvarez Formigo e estiven trece meses na Serra Maestra. A vida daquela era moi dura, por culpa da ditadura. Por nada dabas cos \u00f3sos nos c\u00e1rceres. Meu pai era dunha aldea de Ourense, chegara ata aqu\u00ed para traballar nas minas de cobre. Cando me entobei entre estes outeiros ti\u00f1a 25 anos, e unha noiva que se chamaba Adela. Marchei \u00a0da casa con outros 18 compa\u00f1eiros, todos deste lugar. <!--more-->Por culpa da chuvia, s\u00f3 chegamos oito. Loitamos contra a tiran\u00eda de Fulxencio Batista coas mesmas armas que lles prendiamos aos seus soldados nas emboscadas.<\/p>\n<p style=\"text-align: justify;\">Viv\u00edn durante aquel tempo a car\u00f3n de Fidel Castro, o Che Guevara, Camilo Cienfuegos e Almeida, pero o meu xefe directo na 1\u00aa Fronte do Pico Turquino foi o comandante Ren\u00e9 Ramos Latour. Dos que fuximos aquela noite de El Cobre, s\u00f3 regresamos con vida tres. Un deles, Israel Reyes Zayas, morreu anos m\u00e1is tarde que o Che nas terras de Bolivia.<\/p>\n<p style=\"text-align: justify;\"><a href=\"http:\/\/cafebarbantia.barbantia.es\/wp-content\/uploads\/2015\/03\/IMG_5157.jpg\"><img decoding=\"async\" loading=\"lazy\" class=\"size-medium wp-image-3248 alignright\" alt=\"IMG_5157\" src=\"http:\/\/cafebarbantia.barbantia.es\/wp-content\/uploads\/2015\/03\/IMG_5157-300x225.jpg\" width=\"300\" height=\"225\" srcset=\"https:\/\/cafebarbantia.barbantia.es\/wp-content\/uploads\/2015\/03\/IMG_5157-300x225.jpg 300w, https:\/\/cafebarbantia.barbantia.es\/wp-content\/uploads\/2015\/03\/IMG_5157.jpg 640w\" sizes=\"(max-width: 300px) 100vw, 300px\" \/><\/a>Co\u00f1ec\u00edn na serra un periodista norteamericano que se chamaba Matthews. Sabe se a\u00ednda vive? Un d\u00eda pediulle permiso a Fidel para quedar cuns guerrilleiros. Eu fun un dos escollidos. Baixamos pola noite por esas ladeiras empinadas. E cando chegamos a El Cobre, pediunos que lle pux\u00e9semos \u201ccandela\u201d \u00e1 casa dun mineiro que fuxira. E logo mandounos dar voltas ao seu arredor, coma se a estiv\u00e9semos atacando, mentres el tiraba fotos para unha reportaxe. Sabe se morreu?<\/p>\n<p style=\"text-align: justify;\">\u00a0Agora vivimos mellor. A min non me falta de nada.<\/p>\n<p>&nbsp;<\/p>\n","protected":false},"excerpt":{"rendered":"<p>Xerardo AgraFoxo.\u00a0Ch\u00e1mome Nelson \u00c1lvarez Formigo e estiven trece meses na Serra Maestra. A vida daquela era moi dura, por culpa da ditadura. Por nada dabas cos \u00f3sos nos c\u00e1rceres. Meu pai era dunha aldea de Ourense, chegara ata aqu\u00ed para traballar nas minas de cobre. Cando me entobei entre estes outeiros ti\u00f1a 25 anos, e &hellip; <a href=\"https:\/\/cafebarbantia.barbantia.es\/?p=3246\" class=\"more-link\">Seguir lendo <span class=\"screen-reader-text\">Serra Maestra<\/span> <span class=\"meta-nav\">&rarr;<\/span><\/a><\/p>\n","protected":false},"author":1,"featured_media":0,"comment_status":"open","ping_status":"closed","sticky":false,"template":"","format":"standard","meta":{"_bbp_topic_count":0,"_bbp_reply_count":0,"_bbp_total_topic_count":0,"_bbp_total_reply_count":0,"_bbp_voice_count":0,"_bbp_anonymous_reply_count":0,"_bbp_topic_count_hidden":0,"_bbp_reply_count_hidden":0,"_bbp_forum_subforum_count":0,"_exactmetrics_skip_tracking":false,"_exactmetrics_sitenote_active":false,"_exactmetrics_sitenote_note":"","_exactmetrics_sitenote_category":0,"_monsterinsights_skip_tracking":false,"_monsterinsights_sitenote_active":false,"_monsterinsights_sitenote_note":"","_monsterinsights_sitenote_category":0},"categories":[9,22,21],"tags":[],"aioseo_notices":[],"_links":{"self":[{"href":"https:\/\/cafebarbantia.barbantia.es\/index.php?rest_route=\/wp\/v2\/posts\/3246"}],"collection":[{"href":"https:\/\/cafebarbantia.barbantia.es\/index.php?rest_route=\/wp\/v2\/posts"}],"about":[{"href":"https:\/\/cafebarbantia.barbantia.es\/index.php?rest_route=\/wp\/v2\/types\/post"}],"author":[{"embeddable":true,"href":"https:\/\/cafebarbantia.barbantia.es\/index.php?rest_route=\/wp\/v2\/users\/1"}],"replies":[{"embeddable":true,"href":"https:\/\/cafebarbantia.barbantia.es\/index.php?rest_route=%2Fwp%2Fv2%2Fcomments&post=3246"}],"version-history":[{"count":2,"href":"https:\/\/cafebarbantia.barbantia.es\/index.php?rest_route=\/wp\/v2\/posts\/3246\/revisions"}],"predecessor-version":[{"id":3290,"href":"https:\/\/cafebarbantia.barbantia.es\/index.php?rest_route=\/wp\/v2\/posts\/3246\/revisions\/3290"}],"wp:attachment":[{"href":"https:\/\/cafebarbantia.barbantia.es\/index.php?rest_route=%2Fwp%2Fv2%2Fmedia&parent=3246"}],"wp:term":[{"taxonomy":"category","embeddable":true,"href":"https:\/\/cafebarbantia.barbantia.es\/index.php?rest_route=%2Fwp%2Fv2%2Fcategories&post=3246"},{"taxonomy":"post_tag","embeddable":true,"href":"https:\/\/cafebarbantia.barbantia.es\/index.php?rest_route=%2Fwp%2Fv2%2Ftags&post=3246"}],"curies":[{"name":"wp","href":"https:\/\/api.w.org\/{rel}","templated":true}]}}