{"id":3272,"date":"2015-04-04T07:00:26","date_gmt":"2015-04-04T07:00:26","guid":{"rendered":"http:\/\/cafebarbantia.barbantia.es\/?p=3272"},"modified":"2015-04-02T18:17:34","modified_gmt":"2015-04-02T18:17:34","slug":"teoloxia-dunha-camiseta-laranxa","status":"publish","type":"post","link":"https:\/\/cafebarbantia.barbantia.es\/?p=3272","title":{"rendered":"Teolox\u00eda dunha camiseta laranxa"},"content":{"rendered":"<p style=\"text-align: justify;\"><em><strong><a href=\"http:\/\/cafebarbantia.barbantia.es\/wp-content\/uploads\/2015\/03\/cruyf2.jpg\"><img decoding=\"async\" loading=\"lazy\" class=\"size-medium wp-image-3274 alignleft\" alt=\"cruyf2\" src=\"http:\/\/cafebarbantia.barbantia.es\/wp-content\/uploads\/2015\/03\/cruyf2-300x199.jpg\" width=\"300\" height=\"199\" srcset=\"https:\/\/cafebarbantia.barbantia.es\/wp-content\/uploads\/2015\/03\/cruyf2-300x199.jpg 300w, https:\/\/cafebarbantia.barbantia.es\/wp-content\/uploads\/2015\/03\/cruyf2.jpg 585w\" sizes=\"(max-width: 300px) 100vw, 300px\" \/><\/a>X. Ricardo Losada.\u00a0<\/strong><\/em>Nada m\u00e1is saber que morrera meu irm\u00e1n Tucho, pensei na outra vida como algo moi negro. Pero cando, xa no tanatorio, me fun tranquilizando, imp\u00faxose, para a mi\u00f1a sorpresa, a cor laranxa. Foi tras recordar o mellor regalo da mi\u00f1a vida. Ti\u00f1a catorce anos, era s\u00e1bado pola ma\u00f1\u00e1 e meu irm\u00e1n Tucho volv\u00eda da Coru\u00f1a, onde estudaba Aparelladores.<!--more--> Sen dicir nada, con aquela falta de afectaci\u00f3n que o caracterizaba, deume unha bolsa e agardou que a abrise. Non pod\u00eda crer o que v\u00eda. Era a camiseta aut\u00e9ntica da selecci\u00f3n holandesa de f\u00fatbol: cor laranxa e tres franxas brancas da marca Adidas nos ombros, un regalo hoxe habitual pero, daquela, un luxo.<\/p>\n<p style=\"text-align: justify;\">\u00a0\u00a0\u00a0\u00a0 Cinco meses despois, sigo vendo a outra vida de cor laranxa. Non sei que sup\u00f3n no debate entre crentes e ateos, pero para min \u00e9 crucial. Se a outra vida ten a cor laranxa daquela camiseta, non pode ser un lugar t\u00e9trico, e agora, cada vez que visito o pante\u00f3n de meu irm\u00e1n, vou de bo humor, mesmo cando, como outro d\u00eda, se me deu por pensar nun debate de fonda ra\u00edz teol\u00f3xica, similar a aquel que acontecera na Escol\u00e1stica sobre o prepucio de Cristo. Como \u00e9 ben sabido, por nacer xudeu, a Xes\u00fas extirp\u00e1ronlle o prepucio ao pouco de nacer, un cacho de carne que, por ter, como o resto do seu corpo, car\u00e1cter divino e eterno, non pode podrecer. Logo existe, e, se existe, pregunt\u00e1banse os grandes te\u00f3logos medievais, onde est\u00e1.<a href=\"http:\/\/cafebarbantia.barbantia.es\/wp-content\/uploads\/2015\/03\/consumismo.jpg\"><img decoding=\"async\" loading=\"lazy\" class=\"size-medium wp-image-3275 alignleft\" alt=\"consumismo\" src=\"http:\/\/cafebarbantia.barbantia.es\/wp-content\/uploads\/2015\/03\/consumismo-300x203.jpg\" width=\"300\" height=\"203\" srcset=\"https:\/\/cafebarbantia.barbantia.es\/wp-content\/uploads\/2015\/03\/consumismo-300x203.jpg 300w, https:\/\/cafebarbantia.barbantia.es\/wp-content\/uploads\/2015\/03\/consumismo.jpg 420w\" sizes=\"(max-width: 300px) 100vw, 300px\" \/><\/a> \u00bfQuedou na terra agardando a resurrecci\u00f3n da carne ou ascendeu ao ceo con Xes\u00fas? Era o mesmo problema que ti\u00f1a eu. Se a outra vida era da cor laranxa da camiseta da selecci\u00f3n holandesa que me regalara meu irm\u00e1n, \u00bfti\u00f1a tam\u00e9n as tres franxas brancas da marca Adidas ou esas franxas quedaran na terra? Non era un problema menor. Eu nunca fora partidario do consumismo e parec\u00edame unha atrocidade que na outra vida tam\u00e9n houbese multinacionais. Recordei unha frase marabillosa de Kurt Vonnegut: \u201cTe\u00f1o malas noticias. Os marcianos aterraron en Nova York e hosp\u00e9danse no hotel Waldof Astoria\u201d. Tam\u00e9n as mi\u00f1as ser\u00edan malas noticias. Os homes aterraron na outra vida e visten de marca.<\/p>\n<p style=\"text-align: justify;\">\u00a0\u00a0\u00a0\u00a0 Solucionei o dilema cando me decatei que, se lle preguntaba a calquera afeccionado ao f\u00fatbol de que cor era a camiseta da selecci\u00f3n holandesa, dir\u00eda laranxa, e non laranxa e branco. De feito, aquela marabillosa selecci\u00f3n holandesa da mi\u00f1a nenez co\u00f1ec\u00edase como <i>a laranxa mec\u00e1nica <\/i>e non como <i>a laranxa mec\u00e1nica con tres franxas brancas.<\/i> Esas franxas eran accidentais, non esenciais, na camiseta holandesa. Logo quedaran na terra, e pod\u00eda durmir tranquilo. Na outra vida non exist\u00eda o consumismo. Problema resolto. Pero hab\u00eda outro que non me sa\u00eda da cabeza. Se a min a outra vida me parec\u00eda laranxa por aquela camiseta, aos afeccionados do Madrid hab\u00edalles de parecer branca, aos do Barcelona, azulgr\u00e1 e aos do Deportivo azul e branca.<a href=\"http:\/\/cafebarbantia.barbantia.es\/wp-content\/uploads\/2015\/03\/cruyff3.jpg\"><img decoding=\"async\" loading=\"lazy\" class=\"size-medium wp-image-3277 alignright\" alt=\"cruyff3\" src=\"http:\/\/cafebarbantia.barbantia.es\/wp-content\/uploads\/2015\/03\/cruyff3-300x200.jpg\" width=\"300\" height=\"200\" srcset=\"https:\/\/cafebarbantia.barbantia.es\/wp-content\/uploads\/2015\/03\/cruyff3-300x200.jpg 300w, https:\/\/cafebarbantia.barbantia.es\/wp-content\/uploads\/2015\/03\/cruyff3.jpg 600w\" sizes=\"(max-width: 300px) 100vw, 300px\" \/><\/a> \u00bfDe que cor era realmente? Pensar, como pensei, que cada ano cambiaba de cor en funci\u00f3n de quen ga\u00f1ase a Liga \u2013era como chamarlle <i>cambiachaquetas- <\/i>pareceume demasiado fr\u00edvolo. Ademais, \u00bfque liga? \u00bfA espa\u00f1ola, a italiana, a inglesa? Non sa\u00edn de d\u00fabidas ata uns d\u00edas despois. As\u00ed como a Igrexa solucionara o problema do prepucio tras revelarlle Deus a unha monxa que o resucitara con Xes\u00fas, eu resolv\u00edn o meu con outra revelaci\u00f3n, a\u00ednda que bastante m\u00e1is pueril. Lendo o Marca decateime que ning\u00fan equipo de f\u00fatbol viste de negro. Fose da cor que fose, a outra vida non era de cor negra. Quizais por iso haxa tantos afeccionados ao f\u00fatbol, pensei, e aledeime de que meu irm\u00e1n fose un deles.<\/p>\n","protected":false},"excerpt":{"rendered":"<p>X. Ricardo Losada.\u00a0Nada m\u00e1is saber que morrera meu irm\u00e1n Tucho, pensei na outra vida como algo moi negro. Pero cando, xa no tanatorio, me fun tranquilizando, imp\u00faxose, para a mi\u00f1a sorpresa, a cor laranxa. Foi tras recordar o mellor regalo da mi\u00f1a vida. Ti\u00f1a catorce anos, era s\u00e1bado pola ma\u00f1\u00e1 e meu irm\u00e1n Tucho volv\u00eda &hellip; <a href=\"https:\/\/cafebarbantia.barbantia.es\/?p=3272\" class=\"more-link\">Seguir lendo <span class=\"screen-reader-text\">Teolox\u00eda dunha camiseta laranxa<\/span> <span class=\"meta-nav\">&rarr;<\/span><\/a><\/p>\n","protected":false},"author":1,"featured_media":0,"comment_status":"open","ping_status":"closed","sticky":false,"template":"","format":"standard","meta":{"_bbp_topic_count":0,"_bbp_reply_count":0,"_bbp_total_topic_count":0,"_bbp_total_reply_count":0,"_bbp_voice_count":0,"_bbp_anonymous_reply_count":0,"_bbp_topic_count_hidden":0,"_bbp_reply_count_hidden":0,"_bbp_forum_subforum_count":0,"_exactmetrics_skip_tracking":false,"_exactmetrics_sitenote_active":false,"_exactmetrics_sitenote_note":"","_exactmetrics_sitenote_category":0,"_monsterinsights_skip_tracking":false,"_monsterinsights_sitenote_active":false,"_monsterinsights_sitenote_note":"","_monsterinsights_sitenote_category":0},"categories":[7,9,26],"tags":[],"aioseo_notices":[],"_links":{"self":[{"href":"https:\/\/cafebarbantia.barbantia.es\/index.php?rest_route=\/wp\/v2\/posts\/3272"}],"collection":[{"href":"https:\/\/cafebarbantia.barbantia.es\/index.php?rest_route=\/wp\/v2\/posts"}],"about":[{"href":"https:\/\/cafebarbantia.barbantia.es\/index.php?rest_route=\/wp\/v2\/types\/post"}],"author":[{"embeddable":true,"href":"https:\/\/cafebarbantia.barbantia.es\/index.php?rest_route=\/wp\/v2\/users\/1"}],"replies":[{"embeddable":true,"href":"https:\/\/cafebarbantia.barbantia.es\/index.php?rest_route=%2Fwp%2Fv2%2Fcomments&post=3272"}],"version-history":[{"count":4,"href":"https:\/\/cafebarbantia.barbantia.es\/index.php?rest_route=\/wp\/v2\/posts\/3272\/revisions"}],"predecessor-version":[{"id":3288,"href":"https:\/\/cafebarbantia.barbantia.es\/index.php?rest_route=\/wp\/v2\/posts\/3272\/revisions\/3288"}],"wp:attachment":[{"href":"https:\/\/cafebarbantia.barbantia.es\/index.php?rest_route=%2Fwp%2Fv2%2Fmedia&parent=3272"}],"wp:term":[{"taxonomy":"category","embeddable":true,"href":"https:\/\/cafebarbantia.barbantia.es\/index.php?rest_route=%2Fwp%2Fv2%2Fcategories&post=3272"},{"taxonomy":"post_tag","embeddable":true,"href":"https:\/\/cafebarbantia.barbantia.es\/index.php?rest_route=%2Fwp%2Fv2%2Ftags&post=3272"}],"curies":[{"name":"wp","href":"https:\/\/api.w.org\/{rel}","templated":true}]}}