{"id":3531,"date":"2015-05-25T06:00:57","date_gmt":"2015-05-25T06:00:57","guid":{"rendered":"http:\/\/cafebarbantia.barbantia.es\/?p=3531"},"modified":"2015-05-21T18:45:50","modified_gmt":"2015-05-21T18:45:50","slug":"sobre-crater-de-olga-novo","status":"publish","type":"post","link":"https:\/\/cafebarbantia.barbantia.es\/?p=3531","title":{"rendered":"Sobre Cr\u00e1ter, de Olga Novo"},"content":{"rendered":"<p style=\"text-align: justify;\"><b><i><a href=\"http:\/\/cafebarbantia.barbantia.es\/wp-content\/uploads\/2015\/05\/crater.jpg\"><img decoding=\"async\" loading=\"lazy\" class=\"alignright size-medium wp-image-3532\" alt=\"crater\" src=\"http:\/\/cafebarbantia.barbantia.es\/wp-content\/uploads\/2015\/05\/crater-190x300.jpg\" width=\"190\" height=\"300\" srcset=\"https:\/\/cafebarbantia.barbantia.es\/wp-content\/uploads\/2015\/05\/crater-190x300.jpg 190w, https:\/\/cafebarbantia.barbantia.es\/wp-content\/uploads\/2015\/05\/crater.jpg 200w\" sizes=\"(max-width: 190px) 100vw, 190px\" \/><\/a>Gonzalo Trasbach. <\/i><\/b>Se \u00e9 certo que a poes\u00eda non debe recuar fronte ao reto ou desaf\u00edo do sentido com\u00fan, \u00e1 sinxeleza do vulgar. Que non debe buscar un mundo aparte, a salvo, nin debe ser tampouco o adorno ou casa de turismo rural excepcional da fin de semana. Nin as\u00ed mesmo o colorido da prosa do d\u00eda ou da noite, todo un luxo para o tempo de lecer. Se \u00e9 certo que a poes\u00eda \u00e9 a verdade do mundo, raz\u00f3n pola cal debe ser precisa, moito m\u00e1is que a ciencia: coa precisi\u00f3n do imperfecto, do irregular e rugoso, do que est\u00e1 mesturado coa morte e o non saber coti\u00e1n. Se son certas as cousas escritas nestas li\u00f1as, ent\u00f3n afirmamos, sen rubor, que Olga Novo (Vilarmao, Pobra do Broll\u00f3n, 1975), \u00e9 unha poeta aut\u00e9ntica.<!--more--><\/p>\n<p style=\"text-align: justify;\">Hai xa bastantes anos que un lera versos soltos da primeira etapa da autora luguesa. Cando descubr\u00edn o seu interese por Ux\u00edo Novoneyra, volv\u00edn \u00e1 s\u00faa poes\u00eda. Mais abracei a s\u00faa escrita cando retornei a <i>Cr\u00e1ter<\/i>, o libro que publicou o selo noi\u00e9s Toxosoutos, segundo me comentaron, unha editorial pequena para unha escritora do seu nivel. Tanto me ten. Non son nin pretendo selo, un esperto ou estudoso da s\u00faa obra. S\u00f3 lembro que, os primeiros versos seus que co\u00f1ec\u00edn, cualifiqueinos de \u201corg\u00e1nicos\u201d, \u00e9 dicir: sent\u00edn que conti\u00f1an unha potencia tel\u00farica bastante semellante a que atopara nos <i>Eidos<\/i> de Novoneyra, unha forte sensaci\u00f3n que ficou para sempre xirando na mi\u00f1a cabeza de paxaro borracho.<\/p>\n<p style=\"text-align: justify;\"><a href=\"http:\/\/cafebarbantia.barbantia.es\/wp-content\/uploads\/2015\/05\/nos-nus.jpg\"><img decoding=\"async\" loading=\"lazy\" class=\"alignleft size-medium wp-image-3533\" alt=\"nos nus\" src=\"http:\/\/cafebarbantia.barbantia.es\/wp-content\/uploads\/2015\/05\/nos-nus-186x300.jpg\" width=\"186\" height=\"300\" srcset=\"https:\/\/cafebarbantia.barbantia.es\/wp-content\/uploads\/2015\/05\/nos-nus-186x300.jpg 186w, https:\/\/cafebarbantia.barbantia.es\/wp-content\/uploads\/2015\/05\/nos-nus.jpg 200w\" sizes=\"(max-width: 186px) 100vw, 186px\" \/><\/a>En <i>Cr\u00e1ter<\/i>, volv\u00edn tropezar con aquela potencia metaf\u00edsica callada, feita carne, en forma de met\u00e1foras nun mundo material, inmanente: na lingua \u201cvulgar\u201d do mundo campesi\u00f1o. Durante unha longa tempada non deixei de (re)visitar un libro no que se actualiza, revive, un mundo esquecido, abandonado, destru\u00eddo, do que n\u00f3s, queir\u00e1molo ou non, temos fuxido coma da peste: fuximos do dia\u00f1o da pobreza, dunha cultura que talvez nunca m\u00e1is retornar\u00e1, pero cuxo (eterno)retorno latexa coma unha ameaza nas nosas solitarias noites de xogos de tronos, pantallas de plasma e espectaculares cheas culinarias televisivas.<\/p>\n<p style=\"text-align: justify;\">Unha vella deusa campesi\u00f1a, que fai de gu\u00eda neste libro que rebenta por todas as costuras de forza imaxinaria, inv\u00edtanos a seguila a trav\u00e9s duns versos nos que palpita unha fonda sabedor\u00eda popular (<i>sobre as ru\u00ednas da casa do pai. Da mai do teu pai. Da mai da mai do teu pai. Amar\u00e1s con obstinaci\u00f3n sobre as ru\u00ednas as ru\u00ednas<\/i>). Cada unha das etapas son para min como as secuencias da pel\u00edcula da mi\u00f1a infancia. <a href=\"http:\/\/cafebarbantia.barbantia.es\/wp-content\/uploads\/2015\/05\/olga00.jpg\"><img decoding=\"async\" loading=\"lazy\" class=\"alignright size-medium wp-image-3534\" alt=\"olga00\" src=\"http:\/\/cafebarbantia.barbantia.es\/wp-content\/uploads\/2015\/05\/olga00-300x166.jpg\" width=\"300\" height=\"166\" srcset=\"https:\/\/cafebarbantia.barbantia.es\/wp-content\/uploads\/2015\/05\/olga00-300x166.jpg 300w, https:\/\/cafebarbantia.barbantia.es\/wp-content\/uploads\/2015\/05\/olga00.jpg 720w\" sizes=\"(max-width: 300px) 100vw, 300px\" \/><\/a>E aqu\u00ed non hai t\u00f3picos po\u00e9ticos, nin se recorre a un romanticismo f\u00e1cil. Aqu\u00ed, con todo, coma na poes\u00eda de Emily Dickinson, na inmanencia das imaxes est\u00e1 encarnado o transcendente: a presenza do eterno, eterno que, segundo Spinoza, \u00e9 un \u201cagora\u201d, non un algo que nos agarda \u201cdespois\u201d, sen\u00f3n algo que atopamos durante eses momentos, breves, e, non obstante, intemporais, nos que todo ten en conta a todo o demais e ning\u00fan intercambio \u00e9 impropio, inadecuado. Neste libro, o vulgar alcanza a categor\u00eda de belo. Nunca antes de Olga Novo sentira ou mesmo palpara unha aureola po\u00e9tica (algo as\u00ed coma un impercept\u00edbel tremor do finito) que fai que termos coma \u201ccona\u201d, \u201cfoder\u201d ou \u201cmexo\u201d se fagan singulares. Olga, tam\u00e9n eu mexo por min diante da tanta beleza.<\/p>\n","protected":false},"excerpt":{"rendered":"<p>Gonzalo Trasbach. Se \u00e9 certo que a poes\u00eda non debe recuar fronte ao reto ou desaf\u00edo do sentido com\u00fan, \u00e1 sinxeleza do vulgar. Que non debe buscar un mundo aparte, a salvo, nin debe ser tampouco o adorno ou casa de turismo rural excepcional da fin de semana. Nin as\u00ed mesmo o colorido da prosa &hellip; <a href=\"https:\/\/cafebarbantia.barbantia.es\/?p=3531\" class=\"more-link\">Seguir lendo <span class=\"screen-reader-text\">Sobre Cr\u00e1ter, de Olga Novo<\/span> <span class=\"meta-nav\">&rarr;<\/span><\/a><\/p>\n","protected":false},"author":1,"featured_media":0,"comment_status":"open","ping_status":"closed","sticky":false,"template":"","format":"standard","meta":{"_bbp_topic_count":0,"_bbp_reply_count":0,"_bbp_total_topic_count":0,"_bbp_total_reply_count":0,"_bbp_voice_count":0,"_bbp_anonymous_reply_count":0,"_bbp_topic_count_hidden":0,"_bbp_reply_count_hidden":0,"_bbp_forum_subforum_count":0,"_exactmetrics_skip_tracking":false,"_exactmetrics_sitenote_active":false,"_exactmetrics_sitenote_note":"","_exactmetrics_sitenote_category":0,"_monsterinsights_skip_tracking":false,"_monsterinsights_sitenote_active":false,"_monsterinsights_sitenote_note":"","_monsterinsights_sitenote_category":0},"categories":[18,10],"tags":[],"aioseo_notices":[],"_links":{"self":[{"href":"https:\/\/cafebarbantia.barbantia.es\/index.php?rest_route=\/wp\/v2\/posts\/3531"}],"collection":[{"href":"https:\/\/cafebarbantia.barbantia.es\/index.php?rest_route=\/wp\/v2\/posts"}],"about":[{"href":"https:\/\/cafebarbantia.barbantia.es\/index.php?rest_route=\/wp\/v2\/types\/post"}],"author":[{"embeddable":true,"href":"https:\/\/cafebarbantia.barbantia.es\/index.php?rest_route=\/wp\/v2\/users\/1"}],"replies":[{"embeddable":true,"href":"https:\/\/cafebarbantia.barbantia.es\/index.php?rest_route=%2Fwp%2Fv2%2Fcomments&post=3531"}],"version-history":[{"count":1,"href":"https:\/\/cafebarbantia.barbantia.es\/index.php?rest_route=\/wp\/v2\/posts\/3531\/revisions"}],"predecessor-version":[{"id":3535,"href":"https:\/\/cafebarbantia.barbantia.es\/index.php?rest_route=\/wp\/v2\/posts\/3531\/revisions\/3535"}],"wp:attachment":[{"href":"https:\/\/cafebarbantia.barbantia.es\/index.php?rest_route=%2Fwp%2Fv2%2Fmedia&parent=3531"}],"wp:term":[{"taxonomy":"category","embeddable":true,"href":"https:\/\/cafebarbantia.barbantia.es\/index.php?rest_route=%2Fwp%2Fv2%2Fcategories&post=3531"},{"taxonomy":"post_tag","embeddable":true,"href":"https:\/\/cafebarbantia.barbantia.es\/index.php?rest_route=%2Fwp%2Fv2%2Ftags&post=3531"}],"curies":[{"name":"wp","href":"https:\/\/api.w.org\/{rel}","templated":true}]}}