{"id":5263,"date":"2016-04-04T06:00:46","date_gmt":"2016-04-04T06:00:46","guid":{"rendered":"http:\/\/cafebarbantia.barbantia.es\/?p=5263"},"modified":"2016-04-04T06:39:31","modified_gmt":"2016-04-04T06:39:31","slug":"tralos-pasos-de-alexander-von-humboldt-iv","status":"publish","type":"post","link":"https:\/\/cafebarbantia.barbantia.es\/?p=5263","title":{"rendered":"Tralos pasos de Alexander Von Humboldt (IV)"},"content":{"rendered":"<p style=\"text-align: justify;\"><em><strong><a href=\"http:\/\/cafebarbantia.barbantia.es\/wp-content\/uploads\/2016\/02\/Humboldt-4a.jpg\"><img decoding=\"async\" loading=\"lazy\" class=\"size-medium wp-image-5264 alignright\" alt=\"Humboldt 4a\" src=\"http:\/\/cafebarbantia.barbantia.es\/wp-content\/uploads\/2016\/02\/Humboldt-4a-300x198.jpg\" width=\"300\" height=\"198\" srcset=\"https:\/\/cafebarbantia.barbantia.es\/wp-content\/uploads\/2016\/02\/Humboldt-4a-300x198.jpg 300w, https:\/\/cafebarbantia.barbantia.es\/wp-content\/uploads\/2016\/02\/Humboldt-4a-1024x677.jpg 1024w, https:\/\/cafebarbantia.barbantia.es\/wp-content\/uploads\/2016\/02\/Humboldt-4a-900x595.jpg 900w, https:\/\/cafebarbantia.barbantia.es\/wp-content\/uploads\/2016\/02\/Humboldt-4a.jpg 1600w\" sizes=\"(max-width: 300px) 100vw, 300px\" \/><\/a>Alberto Pi\u00f1eiro.\u00a0<\/strong><\/em>A medida que nos internabamos na escuridade foise facendo m\u00e1is patente o berro dos gu\u00e1charos, ata que se transformou nun ru\u00eddo enxordecedor que imped\u00eda escoitar as explicaci\u00f3ns da experta:<\/p>\n<p style=\"text-align: justify;\">-Parece que hoxe est\u00e1n algo alterados \u2013comentou para a mi\u00f1a preocupaci\u00f3n, no suposto de que estivese preocupado, que non era o caso.<!--more--><\/p>\n<p style=\"text-align: justify;\">Por un intre imaxinei a escena de 10.000 paxaros cegos sobrevoando a mi\u00f1a testa no interior dunha cova a cada paso m\u00e1is estreita na procura dunha sa\u00edda cada vez m\u00e1is lonxana, e as imaxes m\u00e1is dram\u00e1ticas da pel\u00edcula <i>The Birds<\/i> de Alfred Hitchcock antoll\u00e1banseme <i>peccata minuta<\/i>.<\/p>\n<p style=\"text-align: justify;\">-Te\u00f1o entendido que as l\u00e1mpadas acesas perturban a tranquilidade das aves \u2013d\u00edxenlle \u00e1 gu\u00eda.<\/p>\n<p style=\"text-align: justify;\">-Podemos probar a cami\u00f1ar collidos da man, un detr\u00e1s de outro, coa l\u00e1mpada apagada. Eu irei diante \u2013predisp\u00faxose a experta.<\/p>\n<p style=\"text-align: justify;\">-Outra opci\u00f3n ser\u00eda regresar \u2013considerei-. Para os que queiran, digo, que por min podemos seguir.<\/p>\n<p style=\"text-align: justify;\">-Xa estamos a piques de chegar ao l\u00edmite que alcanzou Humboldt na s\u00faa expedici\u00f3n. Apenas faltan uns metros \u2013anunciou ela.<\/p>\n<p style=\"text-align: justify;\">-Daquela continuemos, non hai tempo que perder \u2013conclu\u00edn.<\/p>\n<p style=\"text-align: justify;\">Ao chegar a aquel punto acaro\u00e1monos todos, polo que as palabras da gu\u00eda se escoitaban m\u00e1is nidias:<\/p>\n<p style=\"text-align: justify;\">-A partir deste lugar, que \u00e9 o \u00faltimo sitio onde toca o \u00faltimo raio de sol, Alejandro de Humboldt decidiu non continuar a exploraci\u00f3n, respectando que os ind\u00edxenas consideraban que o que hab\u00eda m\u00e1is al\u00e1 era terreo sagrado. Pero n\u00f3s imos seguir a\u00ednda uns centos de metros.<\/p>\n<p style=\"text-align: justify;\">-As\u00ed, as\u00ed,\u2026 \u00a0\u2013Pensei-, cargu\u00e9monos a milenaria metaf\u00edsica ind\u00edxena\u2026<\/p>\n<p style=\"text-align: justify;\">Para os que a\u00ednda non se deron conta, c\u00f3mpre aclarar que introduzo estes trazos de personalidade amedrentada no outro eu para facer m\u00e1is ameno o relato, non por delatar a <i>psique <\/i>do protagonista pois, a dicir verdade, a aventura nas galer\u00edas da Cova do Gu\u00e1charo non resultou para el m\u00e1is terror\u00edfica ca unha rolda de prensa do presidente do goberno anunciando que a recuperaci\u00f3n econ\u00f3mica xa est\u00e1 aqu\u00ed, po\u00f1o por caso\u2026Dito doutro xeito, e ese xeito expresado en termos aristot\u00e9licos, concretamente no vertido nun lonxano par\u00e1grafo da <i>Po\u00e9tica<\/i>, digamos que considero o pracer o grande fin da literatura, e que hiperbolizar nos aproxima m\u00e1is ao abraio, e \u201co abraiante \u00e9 grato, e proba disto \u00e9 que todos, cando narran, esaxeran pensando agradar\u201d. Feita esta coido que necesaria prolepse destinada aos posibles detractores das mi\u00f1as pequenas hip\u00e9rboles, contin\u00fao a narraci\u00f3n.<\/p>\n<p style=\"text-align: justify;\"><a href=\"http:\/\/cafebarbantia.barbantia.es\/wp-content\/uploads\/2016\/02\/Humboldt-4b.jpg\"><img decoding=\"async\" loading=\"lazy\" class=\"size-medium wp-image-5265 alignleft\" alt=\"??????????????????????\" src=\"http:\/\/cafebarbantia.barbantia.es\/wp-content\/uploads\/2016\/02\/Humboldt-4b-300x225.jpg\" width=\"300\" height=\"225\" srcset=\"https:\/\/cafebarbantia.barbantia.es\/wp-content\/uploads\/2016\/02\/Humboldt-4b-300x225.jpg 300w, https:\/\/cafebarbantia.barbantia.es\/wp-content\/uploads\/2016\/02\/Humboldt-4b.jpg 640w\" sizes=\"(max-width: 300px) 100vw, 300px\" \/><\/a>O que nada ten de inventiva \u00e9 que me sent\u00eda afortunado de cami\u00f1ar o mesmo chan escuro e esvaradizo que douscentos catorce anos antes pisara Humboldt. Pero cando a gu\u00eda mencionou que a cantidade de gu\u00e1charos non minguara na cova dende hab\u00eda d\u00e9cadas a pesar das constantes expedici\u00f3ns tur\u00edsticas, ent\u00f3n f\u00f3iseme o pensamento \u00e1s bubelas que de neno abundaban en Galicia e que agora apenas son visibles; e \u00e1s andori\u00f1as que irromp\u00edan a milleiros cada primavera e que acoden en moito menor n\u00famero; e o mesmo se pode dicir dos estorni\u00f1os, os lagarteiros, os mouchos, as perdices, as rulas e un sen fin de animais que reviv\u00edan as estaci\u00f3ns e enfeitizaban os d\u00edas. E valorei a\u00ednda m\u00e1is que naquela gorxa de drag\u00f3n, naquela gruta ao coraz\u00f3n da monta\u00f1a, naquelas paredes engalanadas con f\u00f3siles do xur\u00e1sico, naquel escuro ecosistema no que as ratas procuran as sementes que os gu\u00e1charos deixan caer dende os ni\u00f1os e as serpes cazan as ratas que se alimentan no chan, habitasen a\u00ednda milleiros de exemplares dunha ave excepcional, capaz de percorrer m\u00e1is de cen kil\u00f3metros nunha soa noite na procura de froitas e sementes grasosas, sen velenos que maten as plantas do seu sustento, sen viraventos que os tornen, sen espantallos, sen cotos de caza, sen m\u00e1is molestias que as das l\u00e1mpadas dos gu\u00edas e as dos flashes dos turistas despistados ou ignorantes.<\/p>\n","protected":false},"excerpt":{"rendered":"<p>Alberto Pi\u00f1eiro.\u00a0A medida que nos internabamos na escuridade foise facendo m\u00e1is patente o berro dos gu\u00e1charos, ata que se transformou nun ru\u00eddo enxordecedor que imped\u00eda escoitar as explicaci\u00f3ns da experta: -Parece que hoxe est\u00e1n algo alterados \u2013comentou para a mi\u00f1a preocupaci\u00f3n, no suposto de que estivese preocupado, que non era o caso.<\/p>\n","protected":false},"author":1,"featured_media":0,"comment_status":"open","ping_status":"closed","sticky":false,"template":"","format":"standard","meta":{"_bbp_topic_count":0,"_bbp_reply_count":0,"_bbp_total_topic_count":0,"_bbp_total_reply_count":0,"_bbp_voice_count":0,"_bbp_anonymous_reply_count":0,"_bbp_topic_count_hidden":0,"_bbp_reply_count_hidden":0,"_bbp_forum_subforum_count":0,"_exactmetrics_skip_tracking":false,"_exactmetrics_sitenote_active":false,"_exactmetrics_sitenote_note":"","_exactmetrics_sitenote_category":0,"_monsterinsights_skip_tracking":false,"_monsterinsights_sitenote_active":false,"_monsterinsights_sitenote_note":"","_monsterinsights_sitenote_category":0},"categories":[56,9,22],"tags":[],"aioseo_notices":[],"_links":{"self":[{"href":"https:\/\/cafebarbantia.barbantia.es\/index.php?rest_route=\/wp\/v2\/posts\/5263"}],"collection":[{"href":"https:\/\/cafebarbantia.barbantia.es\/index.php?rest_route=\/wp\/v2\/posts"}],"about":[{"href":"https:\/\/cafebarbantia.barbantia.es\/index.php?rest_route=\/wp\/v2\/types\/post"}],"author":[{"embeddable":true,"href":"https:\/\/cafebarbantia.barbantia.es\/index.php?rest_route=\/wp\/v2\/users\/1"}],"replies":[{"embeddable":true,"href":"https:\/\/cafebarbantia.barbantia.es\/index.php?rest_route=%2Fwp%2Fv2%2Fcomments&post=5263"}],"version-history":[{"count":2,"href":"https:\/\/cafebarbantia.barbantia.es\/index.php?rest_route=\/wp\/v2\/posts\/5263\/revisions"}],"predecessor-version":[{"id":5421,"href":"https:\/\/cafebarbantia.barbantia.es\/index.php?rest_route=\/wp\/v2\/posts\/5263\/revisions\/5421"}],"wp:attachment":[{"href":"https:\/\/cafebarbantia.barbantia.es\/index.php?rest_route=%2Fwp%2Fv2%2Fmedia&parent=5263"}],"wp:term":[{"taxonomy":"category","embeddable":true,"href":"https:\/\/cafebarbantia.barbantia.es\/index.php?rest_route=%2Fwp%2Fv2%2Fcategories&post=5263"},{"taxonomy":"post_tag","embeddable":true,"href":"https:\/\/cafebarbantia.barbantia.es\/index.php?rest_route=%2Fwp%2Fv2%2Ftags&post=5263"}],"curies":[{"name":"wp","href":"https:\/\/api.w.org\/{rel}","templated":true}]}}