{"id":5346,"date":"2016-03-31T06:00:20","date_gmt":"2016-03-31T06:00:20","guid":{"rendered":"http:\/\/cafebarbantia.barbantia.es\/?p=5346"},"modified":"2016-03-19T23:25:59","modified_gmt":"2016-03-19T23:25:59","slug":"un-sacerdote-liberal-nacido-na-pobra-do-dean","status":"publish","type":"post","link":"https:\/\/cafebarbantia.barbantia.es\/?p=5346","title":{"rendered":"Un sacerdote liberal nacido na Pobra do De\u00e1n"},"content":{"rendered":"<p style=\"text-align: justify;\"><em><strong><a href=\"http:\/\/cafebarbantia.barbantia.es\/wp-content\/uploads\/2016\/03\/sacerdote.jpg\"><img decoding=\"async\" loading=\"lazy\" class=\"alignright size-medium wp-image-5347\" alt=\"sacerdote\" src=\"http:\/\/cafebarbantia.barbantia.es\/wp-content\/uploads\/2016\/03\/sacerdote-300x180.jpg\" width=\"300\" height=\"180\" srcset=\"https:\/\/cafebarbantia.barbantia.es\/wp-content\/uploads\/2016\/03\/sacerdote-300x180.jpg 300w, https:\/\/cafebarbantia.barbantia.es\/wp-content\/uploads\/2016\/03\/sacerdote.jpg 640w\" sizes=\"(max-width: 300px) 100vw, 300px\" \/><\/a>Pastor Rodr\u00edguez.\u00a0<\/strong><\/em>Nacido na Pobra do De\u00e1n en 1775, Joaqu\u00edn Gonz\u00e1lez Pati\u00f1o foi un sacerdote liberal ao que os seus inimigos reaccionarios alcumaban Traqueberraque. Doutor en Filosof\u00eda e Teolox\u00eda, catedr\u00e1tico da universidade de Compostela, en 1802 foi o seu bibliotecario maior, cargo que compatibilizou co de c\u00f3engo cardeal de Santiago. <!--more-->Estudara no Colexio de Pasantes de San Clemente, f\u00edxose licenciado e doutor en 1797, foi reitor do seu colexio, famoso por suprimir as co\u00f1ecidas como \u00abcerimonias de milagre\u00bb, a\u00ednda que tam\u00e9n foi licenciado en Artes. Home de grande formaci\u00f3n intelectual, membro da Academia Real de Teolox\u00eda -que presidiu entre 1798 e 1800-, sostivo moi firmes ideas liberais, o que levou a que os absolutistas o acusasen de mas\u00f3n, pero non hai constancia de que te\u00f1a sido. Deputado liberal en 1822, foi tam\u00e9n senador en 1838. Ao final da s\u00faa carreira chegou a Director da Biblioteca Nacional de Madrid, cargo no que faleceu en 1848. Por desgraza, a s\u00faa obra escrita foi m\u00e1is ben escasa e hoxe \u00e9 lembrado polo folleto Oraci\u00f3n eucar\u00edstica que en la muy solemne funci\u00f3n celebrada el d\u00eda 15 de agosto de 1808 a expensas y devoci\u00f3n de la M. N. Y L. Ciudad de La Coru\u00f1a, para manifestar su gratitud y reconocimiento al especial favor, con que la Divina Providencia libr\u00f3 a Madrid de la opresi\u00f3n y tiran\u00eda francesa? Figura importante na vida intelectual galega e espa\u00f1ola durante cincuenta anos moi axitados historicamente, est\u00e1 \u00e1 espera dunha monograf\u00eda que estude con detalle o seu labor na Biblioteca Nacional e nas Cortes do trienio liberal.<\/p>\n","protected":false},"excerpt":{"rendered":"<p>Pastor Rodr\u00edguez.\u00a0Nacido na Pobra do De\u00e1n en 1775, Joaqu\u00edn Gonz\u00e1lez Pati\u00f1o foi un sacerdote liberal ao que os seus inimigos reaccionarios alcumaban Traqueberraque. Doutor en Filosof\u00eda e Teolox\u00eda, catedr\u00e1tico da universidade de Compostela, en 1802 foi o seu bibliotecario maior, cargo que compatibilizou co de c\u00f3engo cardeal de Santiago.<\/p>\n","protected":false},"author":1,"featured_media":0,"comment_status":"open","ping_status":"closed","sticky":false,"template":"","format":"standard","meta":{"_bbp_topic_count":0,"_bbp_reply_count":0,"_bbp_total_topic_count":0,"_bbp_total_reply_count":0,"_bbp_voice_count":0,"_bbp_anonymous_reply_count":0,"_bbp_topic_count_hidden":0,"_bbp_reply_count_hidden":0,"_bbp_forum_subforum_count":0,"_exactmetrics_skip_tracking":false,"_exactmetrics_sitenote_active":false,"_exactmetrics_sitenote_note":"","_exactmetrics_sitenote_category":0,"_monsterinsights_skip_tracking":false,"_monsterinsights_sitenote_active":false,"_monsterinsights_sitenote_note":"","_monsterinsights_sitenote_category":0},"categories":[7,37],"tags":[],"aioseo_notices":[],"_links":{"self":[{"href":"https:\/\/cafebarbantia.barbantia.es\/index.php?rest_route=\/wp\/v2\/posts\/5346"}],"collection":[{"href":"https:\/\/cafebarbantia.barbantia.es\/index.php?rest_route=\/wp\/v2\/posts"}],"about":[{"href":"https:\/\/cafebarbantia.barbantia.es\/index.php?rest_route=\/wp\/v2\/types\/post"}],"author":[{"embeddable":true,"href":"https:\/\/cafebarbantia.barbantia.es\/index.php?rest_route=\/wp\/v2\/users\/1"}],"replies":[{"embeddable":true,"href":"https:\/\/cafebarbantia.barbantia.es\/index.php?rest_route=%2Fwp%2Fv2%2Fcomments&post=5346"}],"version-history":[{"count":1,"href":"https:\/\/cafebarbantia.barbantia.es\/index.php?rest_route=\/wp\/v2\/posts\/5346\/revisions"}],"predecessor-version":[{"id":5348,"href":"https:\/\/cafebarbantia.barbantia.es\/index.php?rest_route=\/wp\/v2\/posts\/5346\/revisions\/5348"}],"wp:attachment":[{"href":"https:\/\/cafebarbantia.barbantia.es\/index.php?rest_route=%2Fwp%2Fv2%2Fmedia&parent=5346"}],"wp:term":[{"taxonomy":"category","embeddable":true,"href":"https:\/\/cafebarbantia.barbantia.es\/index.php?rest_route=%2Fwp%2Fv2%2Fcategories&post=5346"},{"taxonomy":"post_tag","embeddable":true,"href":"https:\/\/cafebarbantia.barbantia.es\/index.php?rest_route=%2Fwp%2Fv2%2Ftags&post=5346"}],"curies":[{"name":"wp","href":"https:\/\/api.w.org\/{rel}","templated":true}]}}